{"id":363998,"date":"2025-09-03T19:41:10","date_gmt":"2025-09-03T19:41:10","guid":{"rendered":"https:\/\/www.europesays.com\/fr\/363998\/"},"modified":"2025-09-03T19:41:10","modified_gmt":"2025-09-03T19:41:10","slug":"le-corps-dun-policier-repeche-dans-lanse-magaud-menotte-et-entrave","status":"publish","type":"post","link":"https:\/\/www.europesays.com\/fr\/363998\/","title":{"rendered":"Le corps d\u2019un policier rep\u00each\u00e9 dans l&rsquo;anse Magaud, menott\u00e9 et entrav\u00e9"},"content":{"rendered":"<p>Le corps sans vie d&rsquo;un policier a \u00e9t\u00e9 rep\u00each\u00e9 dans l&rsquo;anse Magaud<br \/>\n\u00e0 Toulon (Var) ce mercredi matin. L&rsquo;homme portait une cagoule,<br \/>\n\u00e9tait menott\u00e9 et \u00e9tait entrav\u00e9 avec des serflex (des colliers de<br \/>\nserrage en plastique, ndlr) au niveau des chevilles, selon des<br \/>\nsources proches de l&rsquo;affaire, confirmant une information d&rsquo;<a href=\"https:\/\/www.francebleu.fr\/infos\/faits-divers-justice\/le-corps-d-un-homme-menotte-retrouve-flottant-dans-l-anse-magaud-a-toulon-6005470\" target=\"_blank\" rel=\"noopener nofollow\">Ici<\/a>. La piste du<br \/>\nsuicide est privil\u00e9gi\u00e9e, a pr\u00e9cis\u00e9 le parquet de Toulon.<\/p>\n<p>C&rsquo;est un promeneur qui a donn\u00e9 l&rsquo;alerte apr\u00e8s avoir aper\u00e7u un<br \/>\ncorps flottant, vers 9 heures. Sur la plage, un sac contenant la<br \/>\ncarte professionnelle du fonctionnaire, un brassard Police, une<br \/>\narme et une lettre ont \u00e9t\u00e9 d\u00e9couverts. Le procureur de la<br \/>\nR\u00e9publique de Toulon, Samuel Finielz, a indiqu\u00e9 que \u00ab\u00a0le<br \/>\npolicier \u00e9tait en poste \u00e0 Paris\u00a0\u00bb. Selon nos sources, il<br \/>\ntravaillait \u00e0 l&rsquo;Office antistup\u00e9fiants (OFAST) central bas\u00e9 \u00e0<br \/>\nNanterre (Hauts-de-Seine) et \u00e9tait originaire de la r\u00e9gion de<br \/>\nToulon.<\/p>\n<p>Selon les premiers \u00e9l\u00e9ments, l&rsquo;agent se serait lui-m\u00eame entrav\u00e9<br \/>\navant de sauter de la falaise. L&rsquo;une des sources \u00e9voque le fait<br \/>\nqu&rsquo;il traversait des difficult\u00e9s personnelles. Une enqu\u00eate en<br \/>\nrecherche des causes de la mort a \u00e9t\u00e9 ouverte et permettra<br \/>\nd&rsquo;\u00e9claircir les circonstances du drame.<\/p>\n<p>Si la piste du suicide se confirme, il s&rsquo;agira du seizi\u00e8me dans<br \/>\nles rangs des policiers nationaux depuis le d\u00e9but de l&rsquo;ann\u00e9e,<br \/>\n<a href=\"https:\/\/actu17.fr\/faits-divers\/alpes-maritimes-un-policier-du-commissariat-de-grasse-sest-suicide.html\" target=\"_blank\" rel=\"noopener nofollow\">selon le suivi r\u00e9alis\u00e9 par<br \/>\nActu17<\/a>.<\/p>\n<p>Si vous ou l&rsquo;un de vos proches \u00eates confront\u00e9 \u00e0 des pens\u00e9es<br \/>\nsuicidaires, vous pouvez <a href=\"https:\/\/sante.gouv.fr\/prevention-en-sante\/sante-mentale\/la-prevention-du-suicide\/article\/que-faire-et-a-qui-s-adresser-face-a-une-crise-suicidaire\" target=\"_blank\" rel=\"noopener nofollow\">contacter le<br \/>\n<strong>3114<\/strong><\/a>, le num\u00e9ro national de pr\u00e9vention du<br \/>\nsuicide, o\u00f9 des professionnels sont disponibles 24h\/24 et 7j\/7 pour<br \/>\nvous \u00e9couter et vous soutenir.<\/p>\n<p><a href=\"https:\/\/actu17.fr\/faits-divers\/police-un-numero-vert-mis-en-place-pour-les-policiers-victimes-dagressions-ou-de-menaces.html\" target=\"_blank\" rel=\"noopener nofollow\">Une ligne d\u2019\u00e9coute<\/a> d\u00e9di\u00e9e est<br \/>\ndisponible pour les fonctionnaires de la police nationale en<br \/>\nsouffrance psychologique, victimes d&rsquo;agressions ou de menaces, au<br \/>\n<strong>0800 95 00 17<\/strong>, tous les jours de 5 heures \u00e0 23<br \/>\nheures. Une cellule de soutien psychologique est aussi ouverte<br \/>\n24h\/24 au <strong>0805 230 405<\/strong>. Les appels sont \u00ab\u00a0anonymes,<br \/>\nconfidentiels et gratuits\u00a0\u00bb.<\/p>\n<p>Trois associations se mobilisent pour la pr\u00e9vention des<br \/>\nsuicides dans la police nationale : <a href=\"https:\/\/www.peps-sos.fr\/\" target=\"_blank\" rel=\"noopener nofollow\">SOS<br \/>\nPoliciers en D\u00e9tresse<\/a> (PEPS-SOS),\u00a0Alerte Police en<br \/>\nSouffrance (APS) et <a href=\"https:\/\/amicalepn.fr\/\" target=\"_blank\" rel=\"noopener nofollow\">l&rsquo;Amicale de la police nationale<\/a>.<\/p>\n","protected":false},"excerpt":{"rendered":"Le corps sans vie d&rsquo;un policier a \u00e9t\u00e9 rep\u00each\u00e9 dans l&rsquo;anse Magaud \u00e0 Toulon (Var) ce mercredi matin.&hellip;\n","protected":false},"author":2,"featured_media":363999,"comment_status":"","ping_status":"","sticky":false,"template":"","format":"standard","meta":{"footnotes":""},"categories":[9619],"tags":[1111,11,1777,674,1011,27,12,882,25,2310],"class_list":{"0":"post-363998","1":"post","2":"type-post","3":"status-publish","4":"format-standard","5":"has-post-thumbnail","7":"category-toulon","8":"tag-actu","9":"tag-actualites","10":"tag-eu","11":"tag-europe","12":"tag-fr","13":"tag-france","14":"tag-news","15":"tag-provence-alpes-cote-dazur","16":"tag-republique-francaise","17":"tag-toulon"},"share_on_mastodon":{"url":"https:\/\/pubeurope.com\/@fr\/115142071924443906","error":""},"_links":{"self":[{"href":"https:\/\/www.europesays.com\/fr\/wp-json\/wp\/v2\/posts\/363998","targetHints":{"allow":["GET"]}}],"collection":[{"href":"https:\/\/www.europesays.com\/fr\/wp-json\/wp\/v2\/posts"}],"about":[{"href":"https:\/\/www.europesays.com\/fr\/wp-json\/wp\/v2\/types\/post"}],"author":[{"embeddable":true,"href":"https:\/\/www.europesays.com\/fr\/wp-json\/wp\/v2\/users\/2"}],"replies":[{"embeddable":true,"href":"https:\/\/www.europesays.com\/fr\/wp-json\/wp\/v2\/comments?post=363998"}],"version-history":[{"count":0,"href":"https:\/\/www.europesays.com\/fr\/wp-json\/wp\/v2\/posts\/363998\/revisions"}],"wp:featuredmedia":[{"embeddable":true,"href":"https:\/\/www.europesays.com\/fr\/wp-json\/wp\/v2\/media\/363999"}],"wp:attachment":[{"href":"https:\/\/www.europesays.com\/fr\/wp-json\/wp\/v2\/media?parent=363998"}],"wp:term":[{"taxonomy":"category","embeddable":true,"href":"https:\/\/www.europesays.com\/fr\/wp-json\/wp\/v2\/categories?post=363998"},{"taxonomy":"post_tag","embeddable":true,"href":"https:\/\/www.europesays.com\/fr\/wp-json\/wp\/v2\/tags?post=363998"}],"curies":[{"name":"wp","href":"https:\/\/api.w.org\/{rel}","templated":true}]}}