{"id":364000,"date":"2025-09-03T19:42:14","date_gmt":"2025-09-03T19:42:14","guid":{"rendered":"https:\/\/www.europesays.com\/fr\/364000\/"},"modified":"2025-09-03T19:42:14","modified_gmt":"2025-09-03T19:42:14","slug":"un-maillot-arracheur-de-kippa-un-tresor-sous-terre-bientot-protege-des-nouveaux-radars-a-montpellier-lessentiel-de-lactu-en-region","status":"publish","type":"post","link":"https:\/\/www.europesays.com\/fr\/364000\/","title":{"rendered":"Un maillot \u00ab\u00a0arracheur de kippa\u00a0\u00bb, un tr\u00e9sor sous terre bient\u00f4t prot\u00e9g\u00e9, des nouveaux radars \u00e0 Montpellier\u2026 l\u2019essentiel de l\u2019actu en r\u00e9gion"},"content":{"rendered":"<p>\n                                                                Chaque soir \u00e0 20\u00a0h\u00a030, retrouvez les 5 informations r\u00e9gionales de la journ\u00e9e qu\u2019il ne fallait pas rater.\n                            <\/p>\n<p>Une lettre du Pr\u00e9sident Macron<\/p>\n<p><strong>#N\u00ceMES \u2013<\/strong> \u00ab\u00a0J\u2019ai \u00e9t\u00e9 tr\u00e8s surprise. Au d\u00e9part, j\u2019ai m\u00eame dout\u00e9 de l\u2019authenticit\u00e9\u00a0\u00bb, confie mercredi 3\u00a0septembre 2025, le docteur Aur\u00e9lie Schandrin, psychiatre au CHU de N\u00eemes. Ce fut sa premi\u00e8re r\u00e9action quand elle a re\u00e7u une lettre de f\u00e9licitations du Pr\u00e9sident Macron cet \u00e9t\u00e9. Belle reconnaissance pour cette sp\u00e9cialiste des troubles psychotiques qui a d\u00e9ploy\u00e9 \u00e0 N\u00eemes le<a href=\"https:\/\/www.chu-nimes.fr\/poles\/pole-psychiatrie\/psytruck-30\" target=\"_self\" rel=\"nofollow noopener\"> Psytruck<\/a>, qui vise \u00e0 sensibiliser sur la sant\u00e9 mentale, et qui a permis \u00e0 pr\u00e8s de 400 jeunes entre 16 et 30 ans de s\u2019exprimer sur ce sujet. Avec la validation du chef de l\u2019\u00c9tat, la psychiatre esp\u00e8re de nouveaux financements.<\/p>\n<p>Le chiffre du jour\u00a0: 1\u00a0milliard d\u2019euros<\/p>\n<p><strong>#H\u00c9RAULT \u2013 <\/strong>C\u2019est le chiffre d\u2019affaires du groupement national de <a href=\"https:\/\/www.midilibre.fr\/2025\/09\/03\/redonner-de-loxygene-pharmacology-un-nouveau-reseau-ne-pres-de-montpellier-veut-reinventer-la-pharmacie-independante-en-france-12897626.php\" target=\"_self\" rel=\"nofollow noopener\">pharmacies Mediprix<\/a>, bas\u00e9 \u00e0 P\u00e9rols dans l\u2019H\u00e9rault, qui vient de lancer une nouvelle enseigne baptis\u00e9e Pharmacology. Son ambition\u00a0: \u00ab\u00a0Redonner de l\u2019oxyg\u00e8ne aux pharmaciens ind\u00e9pendants en les accompagnant dans la gestion quotidienne\u00a0\u00bb, d\u00e9clare Dorian Barberan, cofondateur de l\u2019enseigne. Apr\u00e8s P\u00e9rols, une pharmacie sous pavillon Pharmacology a ouvert \u00e0 Montpellier. Objectif affich\u00e9\u00a0: \u00ab\u00a040 \u00e0 50 officines en France au 1er\u00a0janvier 2026\u00a0\u00bb.<\/p>\n<p>Il arbore un maillot ouvertement antis\u00e9mite<\/p>\n<p><strong>#TOULOUSE \u2013<\/strong> Un individu a \u00e9t\u00e9 aper\u00e7u et photographi\u00e9 mardi 2\u00a0septembre 2025\u00a0au caf\u00e9 Le Bistroquet, rue Labeda \u00e0 Toulouse, arborant un maillot de football portant une inscription ouvertement antis\u00e9mite. Sur le maillot de l\u2019\u00e9quipe nationale d\u2019Allemagne port\u00e9 par l\u2019individu, on pouvait lire \u00ab\u00a0arracheur de kippa\u00a0\u00bb, une r\u00e9f\u00e9rence explicite au couvre-chef port\u00e9 par les juifs pratiquants.<\/p>\n<p>Cet incident intervient dans un contexte de recrudescence des actes antis\u00e9mites en France. Le ph\u00e9nom\u00e8ne de l\u2019arrachage de kippa, geste violent et humiliant \u00e0 forte charge symbolique, a d\u00e9j\u00e0 \u00e9t\u00e9 observ\u00e9 \u00e0 plusieurs reprises ces derni\u00e8res ann\u00e9es, t\u00e9moignant d\u2019un antis\u00e9mitisme d\u00e9complex\u00e9 dans l\u2019espace public. \u00ab\u00a0Nous avons re\u00e7u des appels de personnes \u2013 non juives \u2013 choqu\u00e9es pour nous signaler cet individu, indique le pr\u00e9sident du Crif Toulouse Midi-Pyr\u00e9n\u00e9es, Franck Touboul. Je vais d\u00e9poser une plainte pour appel \u00e0 la haine en raison de la race ou de la religion.\u00a0\u00bb Mercredi 3\u00a0septembre, le mis en cause n\u2019aurait pas \u00e9t\u00e9 entendu par la police, mais \u00ab\u00a0un avis de recherche a \u00e9t\u00e9 lanc\u00e9\u00a0\u00bb, confie une source polici\u00e8re.<\/p>\n<p>Bient\u00f4t une r\u00e9serve naturelle nationale sous terre\u00a0?<\/p>\n<p><strong>#ARI\u00c8GE \u2013<\/strong> Un<a href=\"https:\/\/www.parc-pyrenees-ariegeoises.fr\/les-actions-du-parc\/connaitre-et-preserver-la-nature-des-pyrenees-ariegeoises\/projet-de-reserve-naturelle-nationale-souterraine-de-lariege\/\" target=\"_self\" rel=\"nofollow noopener\"> tr\u00e9sor cach\u00e9<\/a> pourrait bient\u00f4t b\u00e9n\u00e9ficier d\u2019un statut de protection in\u00e9dit. En Ari\u00e8ge, une vaste r\u00e9serve naturelle nationale pourrait voir le jour\u2026 sous terre. L\u2019objectif\u00a0: pr\u00e9server un patrimoine fragile situ\u00e9 dans les profondeurs du massif pyr\u00e9n\u00e9en. Ce projet avait vu le jour en 2002 mais sans succ\u00e8s.<\/p>\n<p>Aujourd\u2019hui, il ressort des profondeurs en \u00e9tant int\u00e9gr\u00e9 \u00e0 la <a href=\"https:\/\/www.ofb.gouv.fr\/la-strategie-nationale-pour-les-aires-protegees\" target=\"_self\" rel=\"nofollow noopener\">strat\u00e9gie nationale pour les aires prot\u00e9g\u00e9es<\/a>. Une enqu\u00eate publique sera ouverte du 22\u00a0septembre au 24\u00a0octobre 2025, afin de permettre \u00e0 chacun de s\u2019informer et de donner son avis. Au total, 29 sites sur 32 communes pourraient \u00eatre class\u00e9s, soit 1\u00a0139 hectares de milieux souterrains. Une mesure qui illustre la volont\u00e9 de l\u2019\u00e9tat de placer 30\u00a0% du territoire fran\u00e7ais sous protection, dont 10\u00a0% en protection forte.<\/p>\n<p>Attention radars\u00a0!<\/p>\n<p><strong>#MONTPELLIER \u2013 <\/strong>La pr\u00e9fecture durcit le ton en termes de s\u00e9curit\u00e9 routi\u00e8re\u00a0: \u00e0 Montpellier cinq nouveaux radars automatiques vont \u00eatre mis en place. Une r\u00e9ponse directe \u00e0 la hausse brutale de la mortalit\u00e9 routi\u00e8re dans l\u2019H\u00e9rault\u00a0: 50 morts d\u00e9j\u00e0 recens\u00e9s au 1er\u00a0septembre 2025, soit une hausse de 43\u00a0% par rapport \u00e0 2024. En ligne de mire\u00a0: la vitesse et les franchissements dangereux.<\/p>\n<p>        <img decoding=\"async\" class=\"std-img__img responsive-img\" src=\"https:\/\/www.europesays.com\/fr\/wp-content\/uploads\/2025\/09\/1756928534_819_image.jpg\" alt=\"la carte des nouveaux radars\"\/><\/p>\n<p>                la carte des nouveaux radars<br \/>\n                                    sophie wauquier<\/p>\n<p>Trois radars \u201cfeu rouge\u201d seront install\u00e9s avenue Fran\u00e7ois-Delmas, avenue du Colonel-Pavelet rue Paul-Rimbaud et deux autres (vitesse) viendront compl\u00e9ter le dispositif\u00a0: avenue de la Justice \u00e0 Castelnau-le-Lez et la rue Becquerel (RD21). Ces radars rejoignent un r\u00e9seau d\u00e9j\u00e0 dense d\u2019une vingtaine de radars recens\u00e9s \u00e0 Montpellier.<\/p>\n<p>\u00a0<\/p>\n<p>\u00a0<\/p>\n<p>\u00a0<\/p>\n<p>\u00a0<\/p>\n<p>\u00a0<\/p>\n<p>\u00a0<\/p>\n<p>\u00a0<\/p>\n","protected":false},"excerpt":{"rendered":"Chaque soir \u00e0 20\u00a0h\u00a030, retrouvez les 5 informations r\u00e9gionales de la journ\u00e9e qu\u2019il ne fallait pas rater. Une&hellip;\n","protected":false},"author":2,"featured_media":364001,"comment_status":"","ping_status":"","sticky":false,"template":"","format":"standard","meta":{"footnotes":""},"categories":[9599],"tags":[1111,11,1777,674,1011,27,2208,12,2680,25],"class_list":{"0":"post-364000","1":"post","2":"type-post","3":"status-publish","4":"format-standard","5":"has-post-thumbnail","7":"category-montpellier","8":"tag-actu","9":"tag-actualites","10":"tag-eu","11":"tag-europe","12":"tag-fr","13":"tag-france","14":"tag-montpellier","15":"tag-news","16":"tag-occitanie","17":"tag-republique-francaise"},"share_on_mastodon":{"url":"https:\/\/pubeurope.com\/@fr\/115142075763009408","error":""},"_links":{"self":[{"href":"https:\/\/www.europesays.com\/fr\/wp-json\/wp\/v2\/posts\/364000","targetHints":{"allow":["GET"]}}],"collection":[{"href":"https:\/\/www.europesays.com\/fr\/wp-json\/wp\/v2\/posts"}],"about":[{"href":"https:\/\/www.europesays.com\/fr\/wp-json\/wp\/v2\/types\/post"}],"author":[{"embeddable":true,"href":"https:\/\/www.europesays.com\/fr\/wp-json\/wp\/v2\/users\/2"}],"replies":[{"embeddable":true,"href":"https:\/\/www.europesays.com\/fr\/wp-json\/wp\/v2\/comments?post=364000"}],"version-history":[{"count":0,"href":"https:\/\/www.europesays.com\/fr\/wp-json\/wp\/v2\/posts\/364000\/revisions"}],"wp:featuredmedia":[{"embeddable":true,"href":"https:\/\/www.europesays.com\/fr\/wp-json\/wp\/v2\/media\/364001"}],"wp:attachment":[{"href":"https:\/\/www.europesays.com\/fr\/wp-json\/wp\/v2\/media?parent=364000"}],"wp:term":[{"taxonomy":"category","embeddable":true,"href":"https:\/\/www.europesays.com\/fr\/wp-json\/wp\/v2\/categories?post=364000"},{"taxonomy":"post_tag","embeddable":true,"href":"https:\/\/www.europesays.com\/fr\/wp-json\/wp\/v2\/tags?post=364000"}],"curies":[{"name":"wp","href":"https:\/\/api.w.org\/{rel}","templated":true}]}}