{"id":364002,"date":"2025-09-03T19:43:11","date_gmt":"2025-09-03T19:43:11","guid":{"rendered":"https:\/\/www.europesays.com\/fr\/364002\/"},"modified":"2025-09-03T19:43:11","modified_gmt":"2025-09-03T19:43:11","slug":"sur-les-60-policiers-seuls-35-sont-operationnels","status":"publish","type":"post","link":"https:\/\/www.europesays.com\/fr\/364002\/","title":{"rendered":"\u00ab Sur les 60 policiers, seuls 35 sont op\u00e9rationnels \u00bb"},"content":{"rendered":"<p>            Par<br \/>\n        <strong><br \/>\n            <a href=\"https:\/\/actu.fr\/auteur\/jm-aubert\" title=\"Consulter tous les articles de Jean-Marc Aubert\" rel=\"nofollow noopener\" target=\"_blank\">Jean-Marc Aubert<\/a><br \/>\n        <\/strong><\/p>\n<p>        Publi\u00e9 le<\/p>\n<p>            3 sept. 2025 \u00e0 18h33        <\/p>\n<p>\u00ab\u00a0Mais d\u2019o\u00f9 ils sortent ces chiffres ? Ils sont faux !\u00a0\u00bb. Ce mercredi 3 septembre 2025, <strong>Bruno Bartoccetti<\/strong>, le d\u00e9l\u00e9gu\u00e9 zonal sud du <strong>syndicat de police Un1t\u00e9<\/strong> tombe des nues en d\u00e9couvrant l\u2019arriv\u00e9e ce lundi 1er septembre de 60 policiers nationaux \u00e0 la <strong>direction interd\u00e9partementale de la police nationale<\/strong> -DIPN 34- de l\u2019<strong>H\u00e9rault. <\/strong>Cette information a \u00e9t\u00e9 diffus\u00e9e mardi soir par <strong>M\u00e9tropolitain<\/strong> dans l\u2019article sur le <a href=\"https:\/\/actu.fr\/occitanie\/montpellier_34172\/montpellier-narcotrafic-une-operation-de-police-d-envergure-de-dix-jours-lancee-a-la-mosson_63108521.html\" rel=\"nofollow noopener\" target=\"_blank\">lancement d\u2019une vaste op\u00e9ration de police<\/a> contre le <strong>narcotrafic<\/strong> qui gangr\u00e8ne le quartier de la Mosson, \u00e0 Montpellier, sur la foi des donn\u00e9es officielles des autorit\u00e9s.<\/p>\n<p class=\" wall-content\">Si l\u2019arriv\u00e9e de <strong>60 nouveaux policiers dans l\u2019H\u00e9rault<\/strong> est confirm\u00e9e par la pr\u00e9fecture et par le DIPN, Beno\u00eet Desmartin, le responsable r\u00e9gional d\u2019Un1t\u00e9 l\u2019assure : \u00ab\u00a0le compte n\u2019y est pas, ils ne seront jamais 60 \u00e0 \u00eatre op\u00e9rationnels, car, d\u00e9parts \u00e0 la retraite et\u00a0mutations obligent, il ne reste plus en r\u00e9alit\u00e9 que 35 fonctionnaires pour le d\u00e9partement. Voil\u00e0 le chiffre exact qui d\u00e9shonore une nouvelle fois le ministre de l\u2019Int\u00e9rieur pour cette dotation minable pour la 7\u00e8me ville de France et pour les circonscriptions de Montpellier, S\u00e8te, B\u00e9ziers et Agde, o\u00f9 les violences li\u00e9es\u00a0au narcotrafic ne cessent d\u2019augmenter, comme on l\u2019a vu \u00e0 la cit\u00e9 de la Dev\u00e8ze, \u00e0 B\u00e9ziers, dans l\u2019\u00e9t\u00e9\u00a0\u00bb.<\/p>\n<p class=\" wall-content\">O\u00f9 sont dispatch\u00e9s ces nouveaux officiers, gardiens de la paix, brigadiers, majors et policiers adjoints ? Principalement dans des unit\u00e9s en souffrance, comme les services d\u2019investigation o\u00f9 les enqu\u00eateurs du <strong>Service local de police judiciaire<\/strong> -Slpj- de Montpellier -qui couvrent \u00e9galement Lattes et P\u00e9rols- doivent g\u00e9rer chacun 300 dossiers et qui enregistre un taux d\u2019absent\u00e9isme et ce pour cause d\u2019arr\u00eats maladies \u00e9lev\u00e9s. La Police aux fronti\u00e8res \u00e0 S\u00e8te et le Service interd\u00e9partemental de police judiciaire, le Sipj, anciennement Direction territoriale de police judiciaire et Srpj, d\u00e9sormais sous la coupe du contr\u00f4leur g\u00e9n\u00e9ral Beno\u00eet Desmartin, patron de la DIPN 34 profitent \u00e9galement de ces moyens suppl\u00e9mentaires.<\/p>\n<p class=\" wall-content\">Pour l\u2019H\u00e9raultais<strong> David Aug\u00e9<\/strong>, d\u00e9l\u00e9gu\u00e9 du <strong>syndicat Alliance Police Nationale<\/strong> H\u00e9rault-Gard, la conclusion va dans le m\u00eame sens que le constat de Bruno Bartoccetti, \u00ab\u00a0ces renforts affect\u00e9s au Sipj ne couvrent m\u00eame pas les nombreux d\u00e9parts enregistr\u00e9s ces derniers mois\u00a0\u00bb.<\/p>\n<p>Vid\u00e9os : en ce moment sur Actu<\/p>\n<p class=\" wall-content\">Un constat s\u2019impose sur fond de pol\u00e9mique : c\u2019est une police nationale sinistr\u00e9e que celle de la DIPN 34. \u00ab\u00a0Prenons l\u2019exemple des policiers adjoints, ils ne sont que 12 au total, mais il faut savoir qu\u2019en 2026, au moins une vingtaine d\u00e9j\u00e0 en poste vont partir. Autres exemples, 42 majors, brigadiers et gardiens de la paix sont partis \u00e0 la retraite cette ann\u00e9e, sans compter que parmi les 40 qui vont partir en 2026, d\u00e9j\u00e0 une dizaine sont en r\u00e9cup\u00e9ration de leurs heures suppl\u00e9mentaires et ne sont plus disponibles. Et une quinzaine ont quitt\u00e9 les commissariats pour mutation. Le commissariat d\u2019Agde n\u2019a eu en renfort fort qu\u2019un officier et deux autres d\u00e9parts pour des mutations sont pr\u00e9vus\u00a0\u00bb, analyse David Aug\u00e9. Pour lui, \u00ab\u00a0les effectifs actuels repr\u00e9sentent le m\u00eame volume que l\u2019ann\u00e9e 2022 !\u00a0\u00bb.<\/p>\n<p>\u00ab\u00a043 arriv\u00e9es s\u00e8ches, 47 d\u00e9parts\u00a0\u00bb<\/p>\n<p class=\" wall-content\">Bruno Bartoccetti acquiesce : \u00ab\u00a0Entre les mutations, les mouvements internes, les r\u00e9int\u00e9grations, les retours de disponibilit\u00e9, des officiers, des administratifs et du service de la police technique et scientifique, il n\u2019y a que 43 arriv\u00e9es s\u00e8ches, contre 47 d\u00e9parts \u00e0 la retraite. Faites le calcul avec le chiffre des 60 arriv\u00e9es, un nombre de postes bien r\u00e9els depuis lundi, mais ridicule\u00a0\u00bb.<\/p>\n<p>Votre r\u00e9gion, votre actu !<\/p>\n<p>Recevez chaque jour les infos qui comptent pour vous.<\/p>\n<p>\t<a href=\"https:\/\/actu.fr\/newsletter\" class=\"ac-btn ac-btn--corner ac-btn--medium ac-btn--blue800\" rel=\"nofollow noopener\" target=\"_blank\">S&rsquo;incrire<\/a><\/p>\n<p class=\" wall-content\">Le d\u00e9l\u00e9gu\u00e9 zonal d\u2019Un1t\u00e9 ne cache pas sa col\u00e8re : \u00ab\u00a0Je suis tr\u00e8s loin d\u2019\u00eatre satisfait de cette manne accord\u00e9e par le ministre de l\u2019Int\u00e9rieur, Bruno Retailleau, l\u2019H\u00e9rault fait une nouvelle fois partie des d\u00e9partements oubli\u00e9s, pauvres en effectifs, alors que nos policiers sont de plus en plus \u00eatre engag\u00e9s dans des op\u00e9rations longues, comme celle qui dure encore neuf jours \u00e0 la cit\u00e9 de la Mosson dans la traque aux narcotrafiquants, sans parler de la gestion des proc\u00e9dures quotidiennes qui s\u2019accumulent, certains sont au bout du rouleau, notamment au Sipj. Cela devient grave et inadapt\u00e9 au discours du Premier ministre et du ministre de l\u2019Int\u00e9rieur, assurant tout mettre en oeuvre pour faire reculer l\u2019ins\u00e9curit\u00e9\u00a0\u00bb.\u00a0<\/p>\n<p class=\" wall-content\">Et Bruno Bartoccetti d\u2019enfoncer le clou : \u00ab\u00a0Au lieu de nous faire une vitrine de commissariat mixte \u00e0 la Mosson, \u00e0 Montpellier, ou plut\u00f4t pas du tout mixte, puisque les locaux abritent le bureau de la police nationale de la division nord et ceux de la police municipale, que l\u2019on nous donne le nombre exact de policiers nationaux qui peuvent \u00eatre disponibles sur la voie publique et dans les services d\u2019enqu\u00eate et d\u2019investigation\u00a0\u00bb.<\/p>\n<p>Manifestation le 10 septembre<\/p>\n<p class=\" wall-content\">Reste deux points positifs : la pr\u00e9sence permanente \u00e0 l\u2019ann\u00e9e d\u2019une compagnie de CRS dans l\u2019H\u00e9rault et l\u2019envoi de renforts ponctuels par le DIPN 34 depuis le commissariat de Montpellier dans les commissariats de B\u00e9ziers, S\u00e8te et Agde en cas de coup dur, comme lors de la r\u00e9cente affaire du forcen\u00e9 retranch\u00e9 sur l\u2019\u00cele de Thau, \u00e0 S\u00e8te, apr\u00e8s avoir tir\u00e9 sur des policiers de la brigade anticricrinalit\u00e9. D\u00e9log\u00e9 par le Raid, il a \u00e9t\u00e9 intern\u00e9 \u00e0 la Colombi\u00e8re.<\/p>\n<p class=\" wall-content\">La grogne s\u2019est install\u00e9e pour cette rentr\u00e9e dans les rangs de la police nationale, \u00e0 l\u2019instar des syndicats des autres branches qui pr\u00e9parent une action d\u2019envergure, mercredi 10 septembre partout en France, comme \u00e0 Montpellier o\u00f9 s\u2019activent des citoyens, dont des anciens Gilets jaunes\u2026 Des policiers syndiqu\u00e9s seront-ils pr\u00e9sents dans les cort\u00e8ges face aux CRS ?<\/p>\n<p class=\" wall-content\">Personnalisez votre actualit\u00e9 en ajoutant vos villes et m\u00e9dias en favori avec <a href=\"https:\/\/moncompte.actu.fr\" title=\"D\u00e9couvez Mon Actu\" rel=\"nofollow noopener\" data-trk=\"{&quot;cta&quot;:{&quot;action&quot;:&quot;https:\\\/\\\/moncompte.actu.fr&quot;,&quot;category&quot;:&quot;mon compte&quot;,&quot;from&quot;:&quot;article footer&quot;,&quot;name&quot;:&quot;Mon actu&quot;,&quot;type&quot;:&quot;cta&quot;}}\" target=\"_blank\">Mon Actu<\/a>.<\/p>\n","protected":false},"excerpt":{"rendered":"Par Jean-Marc Aubert Publi\u00e9 le 3 sept. 2025 \u00e0 18h33 \u00ab\u00a0Mais d\u2019o\u00f9 ils sortent ces chiffres ? Ils&hellip;\n","protected":false},"author":2,"featured_media":258088,"comment_status":"","ping_status":"","sticky":false,"template":"","format":"standard","meta":{"footnotes":""},"categories":[9599],"tags":[1111,11,1013,1777,674,118,1011,27,2208,12,2680,1072,25],"class_list":{"0":"post-364002","1":"post","2":"type-post","3":"status-publish","4":"format-standard","5":"has-post-thumbnail","7":"category-montpellier","8":"tag-actu","9":"tag-actualites","10":"tag-bruno-retailleau","11":"tag-eu","12":"tag-europe","13":"tag-faits-divers","14":"tag-fr","15":"tag-france","16":"tag-montpellier","17":"tag-news","18":"tag-occitanie","19":"tag-police","20":"tag-republique-francaise"},"share_on_mastodon":{"url":"https:\/\/pubeurope.com\/@fr\/115142079716200917","error":""},"_links":{"self":[{"href":"https:\/\/www.europesays.com\/fr\/wp-json\/wp\/v2\/posts\/364002","targetHints":{"allow":["GET"]}}],"collection":[{"href":"https:\/\/www.europesays.com\/fr\/wp-json\/wp\/v2\/posts"}],"about":[{"href":"https:\/\/www.europesays.com\/fr\/wp-json\/wp\/v2\/types\/post"}],"author":[{"embeddable":true,"href":"https:\/\/www.europesays.com\/fr\/wp-json\/wp\/v2\/users\/2"}],"replies":[{"embeddable":true,"href":"https:\/\/www.europesays.com\/fr\/wp-json\/wp\/v2\/comments?post=364002"}],"version-history":[{"count":0,"href":"https:\/\/www.europesays.com\/fr\/wp-json\/wp\/v2\/posts\/364002\/revisions"}],"wp:featuredmedia":[{"embeddable":true,"href":"https:\/\/www.europesays.com\/fr\/wp-json\/wp\/v2\/media\/258088"}],"wp:attachment":[{"href":"https:\/\/www.europesays.com\/fr\/wp-json\/wp\/v2\/media?parent=364002"}],"wp:term":[{"taxonomy":"category","embeddable":true,"href":"https:\/\/www.europesays.com\/fr\/wp-json\/wp\/v2\/categories?post=364002"},{"taxonomy":"post_tag","embeddable":true,"href":"https:\/\/www.europesays.com\/fr\/wp-json\/wp\/v2\/tags?post=364002"}],"curies":[{"name":"wp","href":"https:\/\/api.w.org\/{rel}","templated":true}]}}