{"id":364003,"date":"2025-09-03T19:44:09","date_gmt":"2025-09-03T19:44:09","guid":{"rendered":"https:\/\/www.europesays.com\/fr\/364003\/"},"modified":"2025-09-03T19:44:09","modified_gmt":"2025-09-03T19:44:09","slug":"pres-de-rouen-les-habitants-votent-pour-baptiser-deux-nouvelles-rues","status":"publish","type":"post","link":"https:\/\/www.europesays.com\/fr\/364003\/","title":{"rendered":"pr\u00e8s de Rouen, les habitants votent pour baptiser deux nouvelles rues"},"content":{"rendered":"<p>            Par<br \/>\n        <strong><br \/>\n            <a href=\"https:\/\/actu.fr\/auteur\/aurelien-delavaud\" title=\"Consulter tous les articles de Aur\u00e9lien Delavaud\" target=\"_blank\" rel=\"noopener\">Aur\u00e9lien Delavaud<\/a><br \/>\n        <\/strong><\/p>\n<p>        Publi\u00e9 le<\/p>\n<p>            3 sept. 2025 \u00e0 20h49        <\/p>\n<p>C\u2019est l\u2019une des cons\u00e9quences du <a href=\"https:\/\/actu.fr\/normandie\/cleon_76178\/cleon-la-premiere-planche-du-pole-dequipements-a-ete-posee_60455258.html\" target=\"_blank\" rel=\"noopener\">vaste programme de renouvellement urbain<\/a>, en plein c\u0153ur de <a href=\"https:\/\/actu.fr\/normandie\/cleon_76178\" target=\"_blank\" rel=\"noopener\">Cl\u00e9on (Seine-Maritime)<\/a>. Dans les mois \u00e0 venir, <b>deux nouvelles rues<\/b> vont \u00eatre cr\u00e9\u00e9es, pour faciliter la circulation.<\/p>\n<p class=\" wall-content\">Avant m\u00eame qu\u2019elles ne soient r\u00e9alis\u00e9es, la mairie est d\u00e9j\u00e0 \u00e0 la recherche de leurs futurs appellations officielles. Et pour les baptiser, elle compte sur l\u2019aide des habitants pour <b>d\u00e9partager trois propositions<\/b>.<\/p>\n<p>Deux nouvelles rues<\/p>\n<p class=\" wall-content\">La premi\u00e8re de ces nouvelles voies passera en plein c\u0153ur du <b>quartier Lacroix<\/b>. Pour la nommer, c\u2019est la th\u00e9matique des <b>arts<\/b> qui a \u00e9t\u00e9 retenue, puisque les habitants ont \u00e0 choisir entre rue des Artistes, rue de la M\u00e9lodie et rue des Musiciens.<\/p>\n<p class=\" wall-content\">La seconde, elle, mettra \u00e0 l\u2019honneur des <b>personnalit\u00e9s f\u00e9minines<\/b> qui ont marqu\u00e9 le milieu du <b>sport<\/b> ces derni\u00e8res ann\u00e9es. Une proposition en lien avec son environnement, puisqu\u2019elle va relier l\u2019all\u00e9e Salvador-Allende \u00e0 l\u2019entr\u00e9e du Parc des sports et des loisirs. Les trois propositions ? La star de l\u2019athl\u00e9tisme Marie-Jos\u00e9 Perec, la <a href=\"https:\/\/actu.fr\/ile-de-france\/creteil_94028\/paralympiques-2024-les-images-bouleversantes-de-marie-patouillet-medaillee-d-or-pour-sa-derniere-course_61552459.html\" target=\"_blank\" rel=\"noopener\">coureuse cycliste handisport Marie Patouillet<\/a> ou la jeune <a href=\"https:\/\/actu.fr\/evenements\/vendee-globe\/vendee-globe-2024-le-phenomene-violette-dorange-affole-internet_61902502.html\" target=\"_blank\" rel=\"noopener\">skippeuse Violette Dorange<\/a>.<\/p>\n<p class=\" wall-content\">Pour voter, les habitants de Cl\u00e9on ont rendez-vous sur l\u2019application Intramuros, dans l\u2019onglet \u00ab\u00a0sondages\u00a0\u00bb. Les votes seront cl\u00f4tur\u00e9s le vendredi 17 octobre 2025 et le r\u00e9sultat devrait \u00eatre annonc\u00e9 en novembre.<\/p>\n<p class=\" wall-content\">Personnalisez votre actualit\u00e9 en ajoutant vos villes et m\u00e9dias en favori avec <a href=\"https:\/\/moncompte.actu.fr\" title=\"D\u00e9couvez Mon Actu\" rel=\"nofollow noopener\" data-trk=\"{&quot;cta&quot;:{&quot;action&quot;:&quot;https:\\\/\\\/moncompte.actu.fr&quot;,&quot;category&quot;:&quot;mon compte&quot;,&quot;from&quot;:&quot;article footer&quot;,&quot;name&quot;:&quot;Mon actu&quot;,&quot;type&quot;:&quot;cta&quot;}}\" target=\"_blank\">Mon Actu<\/a>.<\/p>\n","protected":false},"excerpt":{"rendered":"Par Aur\u00e9lien Delavaud Publi\u00e9 le 3 sept. 2025 \u00e0 20h49 C\u2019est l\u2019une des cons\u00e9quences du vaste programme de&hellip;\n","protected":false},"author":2,"featured_media":364004,"comment_status":"","ping_status":"","sticky":false,"template":"","format":"standard","meta":{"footnotes":""},"categories":[9587],"tags":[1111,11,1777,674,1011,27,12,5161,25,9590,104,1352],"class_list":{"0":"post-364003","1":"post","2":"type-post","3":"status-publish","4":"format-standard","5":"has-post-thumbnail","7":"category-rouen","8":"tag-actu","9":"tag-actualites","10":"tag-eu","11":"tag-europe","12":"tag-fr","13":"tag-france","14":"tag-news","15":"tag-normandie","16":"tag-republique-francaise","17":"tag-rouen","18":"tag-societe","19":"tag-urbanisme"},"share_on_mastodon":{"url":"https:\/\/pubeurope.com\/@fr\/115142083370845007","error":""},"_links":{"self":[{"href":"https:\/\/www.europesays.com\/fr\/wp-json\/wp\/v2\/posts\/364003","targetHints":{"allow":["GET"]}}],"collection":[{"href":"https:\/\/www.europesays.com\/fr\/wp-json\/wp\/v2\/posts"}],"about":[{"href":"https:\/\/www.europesays.com\/fr\/wp-json\/wp\/v2\/types\/post"}],"author":[{"embeddable":true,"href":"https:\/\/www.europesays.com\/fr\/wp-json\/wp\/v2\/users\/2"}],"replies":[{"embeddable":true,"href":"https:\/\/www.europesays.com\/fr\/wp-json\/wp\/v2\/comments?post=364003"}],"version-history":[{"count":0,"href":"https:\/\/www.europesays.com\/fr\/wp-json\/wp\/v2\/posts\/364003\/revisions"}],"wp:featuredmedia":[{"embeddable":true,"href":"https:\/\/www.europesays.com\/fr\/wp-json\/wp\/v2\/media\/364004"}],"wp:attachment":[{"href":"https:\/\/www.europesays.com\/fr\/wp-json\/wp\/v2\/media?parent=364003"}],"wp:term":[{"taxonomy":"category","embeddable":true,"href":"https:\/\/www.europesays.com\/fr\/wp-json\/wp\/v2\/categories?post=364003"},{"taxonomy":"post_tag","embeddable":true,"href":"https:\/\/www.europesays.com\/fr\/wp-json\/wp\/v2\/tags?post=364003"}],"curies":[{"name":"wp","href":"https:\/\/api.w.org\/{rel}","templated":true}]}}