{"id":364005,"date":"2025-09-03T19:50:26","date_gmt":"2025-09-03T19:50:26","guid":{"rendered":"https:\/\/www.europesays.com\/fr\/364005\/"},"modified":"2025-09-03T19:50:26","modified_gmt":"2025-09-03T19:50:26","slug":"lasse-bat-des-records-face-a-grenoble","status":"publish","type":"post","link":"https:\/\/www.europesays.com\/fr\/364005\/","title":{"rendered":"L&rsquo;ASSE bat des records face \u00e0 Grenoble !"},"content":{"rendered":"<p><strong>Saint-\u00c9tienne a battu son propre record ce samedi. D\u00e9j\u00e0 33.000 face \u00e0 Rodez, les supporters st\u00e9phanois ont encore une fois confirm\u00e9 leur attachement \u00e0 l&rsquo;ASSE, m\u00eame en Ligue 2. Face au <a href=\"https:\/\/www.asse.fr\/fr\/lives\/actualites\/asse-grenoble-l8875\/\" rel=\"nofollow noopener\" target=\"_blank\">GF38<\/a>, ils \u00e9taient 35.729 spectateurs supporters.<\/strong><\/p>\n<p>Le Chaudron en \u00e9bullition face \u00e0 Grenoble<\/p>\n<p>Les hommes d\u2019Eirik Horneland savent qu\u2019ils pourront compter toute la saison sur la ferveur de leurs supporters. Un atout majeur dans une Ligue 2 o\u00f9 le moindre d\u00e9tail peut peser lourd.<\/p>\n<p>\u00ab\u00a0Un sentiment assez incroyable\u00a0\u00bb, confiait d\u2019ailleurs <a href=\"https:\/\/peuple-vert.fr\/joueurs\/chico-lamba\/\" rel=\"nofollow noopener\" target=\"_blank\">Chico Lamba<\/a> en conf\u00e9rence de presse avant d\u2019affronter Grenoble. Impatient de fouler une nouvelle fois la pelouse du Chaudron, le d\u00e9fenseur portugais reconnaissait la pression qui accompagne le maillot st\u00e9phanois. Mais plut\u00f4t comme une force. \u00ab\u00a0Jouer pour Saint-\u00c9tienne, \u00e7a implique forc\u00e9ment de la pression, mais c\u2019est une pression positive. \u00c7a pousse \u00e0 se d\u00e9passer.\u00a0\u00bb <\/p>\n<p>Car ce samedi, Geoffroy-Guichard a une nouvelle fois r\u00e9pondu pr\u00e9sent. Les suppporters de l&rsquo;ASSE \u00e9taient 35.729 spectateurs \u00e0 garnir les tribunes, un record d\u2019affluence pour la saison. Les Kops Nord et Sud \u00e9taient pleins \u00e0 craquer, et malgr\u00e9 la fermeture des balcons qui limite la capacit\u00e9 \u00e0 37.000 places, l\u2019ambiance \u00e9tait \u00e9lectrique.<\/p>\n<p>Un nouveau record d&rsquo;affluence en Ligue 2<\/p>\n<p>Pour mesurer l\u2019ampleur du ph\u00e9nom\u00e8ne, il suffit de comparer. Bastia, deuxi\u00e8me meilleure affluence de Ligue 2, plafonne \u00e0 11.417 spectateurs en moyenne. Saint-\u00c9tienne \u00e9volue alors dans une autre dimension, largement au-dessus du lot, m\u00eame dans l\u2019antichambre.<\/p>\n<p>\u00c0 lui seul, le Peuple Vert assure 41% du nombre total de supporters pr\u00e9sents durant la quatri\u00e8me journ\u00e9e de Ligue 2 (85. 267).<\/p>\n<p>Pour Eirik Horneland et ses hommes, ce soutien n\u2019est pas qu\u2019un d\u00e9cor, c\u2019est une arme psychologique redoutable. Une \u00e9nergie suppl\u00e9mentaire en Ligue 2, preuve du soutien sans condition du peuple st\u00e9phanois.<\/p>\n<blockquote class=\"twitter-tweet\">\n<p dir=\"ltr\" lang=\"fr\">\ud83c\udfdf Les AFFLUENCES de la quatri\u00e8me journ\u00e9e de Ligue 2 ! \ud83d\udc40\ud83c\uddeb\ud83c\uddf7<\/p>\n<p>\ud83e\udd47 Saint-\u00c9tienne &#8211; Grenoble : 35 729 spectateurs (100% de remplissage)<br \/>\ud83e\udd48 Bastia &#8211; Guingamp : 11 417 spectateurs (87%)<br \/>\ud83e\udd49 Reims &#8211; Le Mans : 9 656 spectateurs (46%)<br \/>4\ufe0f\u20e3 Montpellier &#8211; Amiens : 8 566 spectateurs (39%)<br \/>5\ufe0f\u20e3\u2026 <a href=\"https:\/\/t.co\/D0zckVfELO\" rel=\"nofollow\">pic.twitter.com\/D0zckVfELO<\/a><\/p>\n<p>\u2014 Actu Ligue 2 (@L2Actu_) <a href=\"https:\/\/twitter.com\/L2Actu_\/status\/1962123755829776498?ref_src=twsrc%5Etfw\" rel=\"nofollow noopener\" target=\"_blank\">August 31, 2025<\/a><\/p>\n<\/blockquote>\n<p>\t\t\t\t\t\t\t\t\t\t\t\t\t\t\t\t\t<script async src=\"https:\/\/platform.twitter.com\/widgets.js\" charset=\"utf-8\"><\/script><\/p>\n","protected":false},"excerpt":{"rendered":"Saint-\u00c9tienne a battu son propre record ce samedi. D\u00e9j\u00e0 33.000 face \u00e0 Rodez, les supporters st\u00e9phanois ont encore&hellip;\n","protected":false},"author":2,"featured_media":364006,"comment_status":"","ping_status":"","sticky":false,"template":"","format":"standard","meta":{"footnotes":""},"categories":[9566],"tags":[1111,11,2430,1777,674,1011,27,2731,12,25],"class_list":{"0":"post-364005","1":"post","2":"type-post","3":"status-publish","4":"format-standard","5":"has-post-thumbnail","7":"category-grenoble","8":"tag-actu","9":"tag-actualites","10":"tag-auvergne-rhone-alpes","11":"tag-eu","12":"tag-europe","13":"tag-fr","14":"tag-france","15":"tag-grenoble","16":"tag-news","17":"tag-republique-francaise"},"share_on_mastodon":{"url":"https:\/\/pubeurope.com\/@fr\/115142107026637089","error":""},"_links":{"self":[{"href":"https:\/\/www.europesays.com\/fr\/wp-json\/wp\/v2\/posts\/364005","targetHints":{"allow":["GET"]}}],"collection":[{"href":"https:\/\/www.europesays.com\/fr\/wp-json\/wp\/v2\/posts"}],"about":[{"href":"https:\/\/www.europesays.com\/fr\/wp-json\/wp\/v2\/types\/post"}],"author":[{"embeddable":true,"href":"https:\/\/www.europesays.com\/fr\/wp-json\/wp\/v2\/users\/2"}],"replies":[{"embeddable":true,"href":"https:\/\/www.europesays.com\/fr\/wp-json\/wp\/v2\/comments?post=364005"}],"version-history":[{"count":0,"href":"https:\/\/www.europesays.com\/fr\/wp-json\/wp\/v2\/posts\/364005\/revisions"}],"wp:featuredmedia":[{"embeddable":true,"href":"https:\/\/www.europesays.com\/fr\/wp-json\/wp\/v2\/media\/364006"}],"wp:attachment":[{"href":"https:\/\/www.europesays.com\/fr\/wp-json\/wp\/v2\/media?parent=364005"}],"wp:term":[{"taxonomy":"category","embeddable":true,"href":"https:\/\/www.europesays.com\/fr\/wp-json\/wp\/v2\/categories?post=364005"},{"taxonomy":"post_tag","embeddable":true,"href":"https:\/\/www.europesays.com\/fr\/wp-json\/wp\/v2\/tags?post=364005"}],"curies":[{"name":"wp","href":"https:\/\/api.w.org\/{rel}","templated":true}]}}