{"id":364007,"date":"2025-09-03T19:51:11","date_gmt":"2025-09-03T19:51:11","guid":{"rendered":"https:\/\/www.europesays.com\/fr\/364007\/"},"modified":"2025-09-03T19:51:11","modified_gmt":"2025-09-03T19:51:11","slug":"retour-sur-le-concert-des-estivales-de-lorgue-2025-a-leglise-saint-martin-de-rennes","status":"publish","type":"post","link":"https:\/\/www.europesays.com\/fr\/364007\/","title":{"rendered":"Retour sur le concert des estivales de l&rsquo;orgue 2025 \u00e0 l&rsquo;\u00e9glise Saint-Martin de Rennes"},"content":{"rendered":"<p>Concert \u00ab\u00a0Assomption(s)\u00a0\u00bb de V\u00e9ronique Le Guen le dimanche 10 ao\u00fbt 2025.\n<\/p>\n<p>Trois entr\u00e9es pour ce programme (compositrices, th\u00e8me marial, musique fran\u00e7aise), sept \u0153uvres qui les croisent et un joli puzzle plein de d\u00e9couvertes, gr\u00e2ce aux assomptions de l\u2019organiste et des compositrices qui l\u2019accompagnent. \u0152uvres de Tournemire, Lesur, Dupr\u00e9, Smyth, Paulet, Cl.Schumann, Bari\u00e9.<\/p>\n","protected":false},"excerpt":{"rendered":"Concert \u00ab\u00a0Assomption(s)\u00a0\u00bb de V\u00e9ronique Le Guen le dimanche 10 ao\u00fbt 2025. Trois entr\u00e9es pour ce programme (compositrices, th\u00e8me&hellip;\n","protected":false},"author":2,"featured_media":364008,"comment_status":"","ping_status":"","sticky":false,"template":"","format":"standard","meta":{"footnotes":""},"categories":[2821],"tags":[1111,11,829,1777,674,1011,27,12,584,25],"class_list":{"0":"post-364007","1":"post","2":"type-post","3":"status-publish","4":"format-standard","5":"has-post-thumbnail","7":"category-rennes","8":"tag-actu","9":"tag-actualites","10":"tag-bretagne","11":"tag-eu","12":"tag-europe","13":"tag-fr","14":"tag-france","15":"tag-news","16":"tag-rennes","17":"tag-republique-francaise"},"share_on_mastodon":{"url":"https:\/\/pubeurope.com\/@fr\/115142111033684248","error":""},"_links":{"self":[{"href":"https:\/\/www.europesays.com\/fr\/wp-json\/wp\/v2\/posts\/364007","targetHints":{"allow":["GET"]}}],"collection":[{"href":"https:\/\/www.europesays.com\/fr\/wp-json\/wp\/v2\/posts"}],"about":[{"href":"https:\/\/www.europesays.com\/fr\/wp-json\/wp\/v2\/types\/post"}],"author":[{"embeddable":true,"href":"https:\/\/www.europesays.com\/fr\/wp-json\/wp\/v2\/users\/2"}],"replies":[{"embeddable":true,"href":"https:\/\/www.europesays.com\/fr\/wp-json\/wp\/v2\/comments?post=364007"}],"version-history":[{"count":0,"href":"https:\/\/www.europesays.com\/fr\/wp-json\/wp\/v2\/posts\/364007\/revisions"}],"wp:featuredmedia":[{"embeddable":true,"href":"https:\/\/www.europesays.com\/fr\/wp-json\/wp\/v2\/media\/364008"}],"wp:attachment":[{"href":"https:\/\/www.europesays.com\/fr\/wp-json\/wp\/v2\/media?parent=364007"}],"wp:term":[{"taxonomy":"category","embeddable":true,"href":"https:\/\/www.europesays.com\/fr\/wp-json\/wp\/v2\/categories?post=364007"},{"taxonomy":"post_tag","embeddable":true,"href":"https:\/\/www.europesays.com\/fr\/wp-json\/wp\/v2\/tags?post=364007"}],"curies":[{"name":"wp","href":"https:\/\/api.w.org\/{rel}","templated":true}]}}