{"id":364011,"date":"2025-09-03T19:53:12","date_gmt":"2025-09-03T19:53:12","guid":{"rendered":"https:\/\/www.europesays.com\/fr\/364011\/"},"modified":"2025-09-03T19:53:12","modified_gmt":"2025-09-03T19:53:12","slug":"un-projet-soupape-pour-les-psychiatres","status":"publish","type":"post","link":"https:\/\/www.europesays.com\/fr\/364011\/","title":{"rendered":"un \u00ab\u00a0projet soupape\u00a0\u00bb pour les psychiatres\u00a0?"},"content":{"rendered":"<p>Christine Gully et Anne-Sophie Ritter, deux psychiatres strasbourgeoises, ont l\u2019air grave\u00a0: ces derniers mois, elles ont d\u00fb refuser des patients, face \u00e0 la hausse exponentielle des demandes de consultations, en particulier chez les mineurs et jeunes adultes. Avec d\u2019autres praticiens, elles ont mont\u00e9 le collectif \u00ab\u00a0Soutenir Europsy\u00a0\u00bb pour d\u00e9fendre <a href=\"https:\/\/www.dna.fr\/politique\/2025\/09\/01\/clinique-psychiatrique-de-l-ex-orpea-(1-2)-un-projet-disproportionne\" target=\"_blank\" rel=\"noopener\">le projet du m\u00eame nom d\u2019Emeis<\/a> , visant \u00e0 construire une clinique psychiatrique pour les 12-25 ans \u00e0 Schiltigheim. 25 psychiatres et p\u00e9dopsychiatres ainsi que 16 psychologues et orthophonistes ont \u00e9galement sign\u00e9 une p\u00e9tition pressant la Ville de Strasbourg d\u2019approuver le projet de l\u2019ex-Orpea. <\/p>\n<p>Pour eux, Europsy est un \u00ab\u00a0projet&#8230;<\/p>\n","protected":false},"excerpt":{"rendered":"Christine Gully et Anne-Sophie Ritter, deux psychiatres strasbourgeoises, ont l\u2019air grave\u00a0: ces derniers mois, elles ont d\u00fb refuser&hellip;\n","protected":false},"author":2,"featured_media":364012,"comment_status":"","ping_status":"","sticky":false,"template":"","format":"standard","meta":{"footnotes":""},"categories":[2820],"tags":[1111,11,2389,2649,2880,1777,674,107,1011,27,775,12,316,25,71,5512,801,104,640,3265],"class_list":{"0":"post-364011","1":"post","2":"type-post","3":"status-publish","4":"format-standard","5":"has-post-thumbnail","7":"category-strasbourg","8":"tag-actu","9":"tag-actualites","10":"tag-alsace","11":"tag-bas-rhin","12":"tag-edition-strasbourg","13":"tag-eu","14":"tag-europe","15":"tag-fil-info","16":"tag-fr","17":"tag-france","18":"tag-grand-est","19":"tag-news","20":"tag-politique","21":"tag-republique-francaise","22":"tag-sante","23":"tag-schiltigheim","24":"tag-social","25":"tag-societe","26":"tag-strasbourg","27":"tag-strasbourg-nord"},"share_on_mastodon":{"url":"https:\/\/pubeurope.com\/@fr\/115142118987406785","error":""},"_links":{"self":[{"href":"https:\/\/www.europesays.com\/fr\/wp-json\/wp\/v2\/posts\/364011","targetHints":{"allow":["GET"]}}],"collection":[{"href":"https:\/\/www.europesays.com\/fr\/wp-json\/wp\/v2\/posts"}],"about":[{"href":"https:\/\/www.europesays.com\/fr\/wp-json\/wp\/v2\/types\/post"}],"author":[{"embeddable":true,"href":"https:\/\/www.europesays.com\/fr\/wp-json\/wp\/v2\/users\/2"}],"replies":[{"embeddable":true,"href":"https:\/\/www.europesays.com\/fr\/wp-json\/wp\/v2\/comments?post=364011"}],"version-history":[{"count":0,"href":"https:\/\/www.europesays.com\/fr\/wp-json\/wp\/v2\/posts\/364011\/revisions"}],"wp:featuredmedia":[{"embeddable":true,"href":"https:\/\/www.europesays.com\/fr\/wp-json\/wp\/v2\/media\/364012"}],"wp:attachment":[{"href":"https:\/\/www.europesays.com\/fr\/wp-json\/wp\/v2\/media?parent=364011"}],"wp:term":[{"taxonomy":"category","embeddable":true,"href":"https:\/\/www.europesays.com\/fr\/wp-json\/wp\/v2\/categories?post=364011"},{"taxonomy":"post_tag","embeddable":true,"href":"https:\/\/www.europesays.com\/fr\/wp-json\/wp\/v2\/tags?post=364011"}],"curies":[{"name":"wp","href":"https:\/\/api.w.org\/{rel}","templated":true}]}}