{"id":364013,"date":"2025-09-03T19:54:15","date_gmt":"2025-09-03T19:54:15","guid":{"rendered":"https:\/\/www.europesays.com\/fr\/364013\/"},"modified":"2025-09-03T19:54:15","modified_gmt":"2025-09-03T19:54:15","slug":"enseignement-superieur-a-luniversite-de-strasbourg-57-000-etudiants-font-leur-rentree-cette-semaine-un-chiffre-stable","status":"publish","type":"post","link":"https:\/\/www.europesays.com\/fr\/364013\/","title":{"rendered":"Enseignement sup\u00e9rieur. \u00c0 l\u2019Universit\u00e9 de Strasbourg, 57\u00a0000 \u00e9tudiants font leur rentr\u00e9e cette semaine, un chiffre stable"},"content":{"rendered":"<p>Depuis ce mardi, le campus de l\u2019Esplanade \u00e0 Strasbourg a pris des allures de terrain de camping, avec des dizaines de chapiteaux blancs plant\u00e9s sur l\u2019\u00eelot vert central. L\u2019Universit\u00e9 de Strasbourg (Unistra) s\u2019est alli\u00e9e au Centre r\u00e9gional des \u0153uvres universitaires (Crous) et \u00e0 l\u2019Eurom\u00e9tropole de Strasbourg (EMS) pour y souhaiter la bienvenue aux \u00e9tudiants, dont quelque 8\u00a0000 n\u00e9obacheliers, en leur pr\u00e9sentant tout au long de la semaine les dispositifs d\u2019accueil.<\/p>\n<p>Ce jeudi, le programme de ces journ\u00e9es d\u2019int\u00e9gration, baptis\u00e9es \u00ab\u00a0Welcome Days\u00a0\u00bb, pr\u00e9voit \u00e9galement une c\u00e9r\u00e9monie officielle d\u2019ouverture de l\u2019ann\u00e9e universitaire 2025-2026. En pr\u00e9sence de <a href=\"https:\/\/www.dna.fr\/education\/2025\/03\/18\/frederique-berrod-elue-presidente-de-l-unistra\" target=\"_blank\" rel=\"nofollow noopener\">Fr\u00e9d\u00e9rique Berrod, la nouvelle pr\u00e9sidente de l\u2019Unistra<\/a> , et de son \u00e9quipe, plusieurs \u00e9tudiants se verront remettre le dipl\u00f4me universitaire d\u2019engagement \u00e9tudiant et la prime de reconnaissance d\u2019implication p\u00e9dagogique. Mme Berrod y \u00e9voquera \u00e9galement les nouveaut\u00e9s et les chantiers qui marqueront cette ann\u00e9e, dont elle a fait part en avant-premi\u00e8re ce mercredi lors de sa premi\u00e8re conf\u00e9rence de presse de rentr\u00e9e.<\/p>\n<p>    &#13;<br \/>\n    &#13;<br \/>\n    &#13;<br \/>\n    <a href=\"https:\/\/cdn-s-www.dna.fr\/images\/94573f46-3e90-42df-8f94-af36b1c41393\/NW_raw\/frederique-berrod-presidente-de-l-universite-de-strasbourg-a-annonce-que-la-politique-d-exoneration-des-droits-differencies-restait-inchangee-en-2025-2026-photo-jean-marc-loos-1756928217.jpg\" title=\"Fr\u00e9d\u00e9rique Berrod, pr\u00e9sidente de l\u2019Universit\u00e9 de Strasbourg, a annonc\u00e9 que la politique d\u2019exon\u00e9ration des droits diff\u00e9renci\u00e9s restait inchang\u00e9e en 2025-2026. \u00a0 Photo Jean-Marc Loos\" class=\"chocolat-image GA-tracking\" data-ga_type=\"click\" data-ga_category=\"D\u00e9tail\" data-ga_action=\"zoomer\" data-ga_label=\"aggrandir image\" rel=\"nofollow noopener\" target=\"_blank\">&#13;<br \/>\n        <img src=\"https:\/\/www.europesays.com\/fr\/wp-content\/uploads\/2025\/09\/frederique-berrod-presidente-de-l-universite-de-strasbourg-a-annonce-que-la-politique-d-exoneration-.jpeg\"   alt=\"Fr\u00e9d\u00e9rique Berrod, pr\u00e9sidente de l\u2019Universit\u00e9 de Strasbourg, a annonc\u00e9 que la politique d\u2019exon\u00e9ration des droits diff\u00e9renci\u00e9s restait inchang\u00e9e en 2025-2026. \u00a0 Photo Jean-Marc Loos\" fetchpriority=\"high\" decoding=\"async\" data-mobile=\"NW_listA_M|1756928217\" data-base=\"NW_listA|1756928217\"\/>&#13;<br \/>\n    <\/a>&#13;<\/p>\n<p> Fr\u00e9d\u00e9rique Berrod, pr\u00e9sidente de l\u2019Universit\u00e9 de Strasbourg, a annonc\u00e9 que la politique d\u2019exon\u00e9ration des droits diff\u00e9renci\u00e9s restait inchang\u00e9e en 2025-2026. \u00a0 Photo Jean-Marc Loos <\/p>\n<p><strong> \u25b6 Un nombre d\u2019\u00e9tudiants stable<\/strong> \u00a0: Alors que la p\u00e9riode des inscriptions dans les 35 composantes de l\u2019Unistra n\u2019est pas close, et dure pour certaines jusqu\u2019\u00e0 la mi-octobre, sa pr\u00e9sidente table sur un nombre d\u2019\u00e9tudiants stable par rapport \u00e0 2024-2025, \u00ab\u00a0soit pr\u00e8s de 57\u00a0000 \u00e9tudiants, dont pr\u00e8s de 13\u00a0000 boursiers et 20 \u00e0 25\u00a0% d\u2019internationaux\u00a0\u00bb. Parmi ces derniers, on comptait l\u2019an dernier quelque 4\u00a0500 \u00e9tudiants extracommunautaires (non ressortissants d\u2019un pays de l\u2019UE, de l\u2019EEE et de Suisse).<\/p>\n<p>En 2025-2026, <a href=\"https:\/\/www.dna.fr\/education\/2025\/02\/25\/droits-d-inscription-differencies-des-etudiants-etrangers-en-grande-difficulte\" target=\"_blank\" rel=\"nofollow noopener\"> la politique d\u2019exon\u00e9ration des droits diff\u00e9renci\u00e9s<\/a> restera inchang\u00e9e. Seuls les \u00e9tudiants extracommunautaires pr\u00e9parant un dipl\u00f4me de second cycle, hors situation de partenariat universitaire, sont donc concern\u00e9s. \u00ab\u00a0Cela repr\u00e9sente une petite partie seulement des \u00e9tudiants extracommunautaires. Ils \u00e9taient moins de 350 l\u2019an pass\u00e9. Avec des aides exceptionnelles pour certains, qui \u00e9taient vers\u00e9es selon des crit\u00e8res sociaux\u00a0\u00bb, a relev\u00e9 Mme Berrod.<\/p>\n<p>  \u00ab\u00a0Nous sommes une universit\u00e9 qui attire dans une ville qui fait envie\u00a0\u00bb<\/p>\n<p> \u25b6 <strong>Des \u00e9tudiants toujours en attente d\u2019une affectation Parcoursup<\/strong> \u00a0: En raison de son attractivit\u00e9, l\u2019Unistra, <a href=\"https:\/\/www.dna.fr\/education\/2024\/08\/15\/l-universite-de-strasbourg-progresse-dans-le-classement-de-shanghai\" target=\"_blank\" rel=\"nofollow noopener\">qui se range dans les 150 premiers du classement de Shanghai<\/a> , a enregistr\u00e9 cet \u00e9t\u00e9 une nouvelle hausse des v\u0153ux sur la plateforme Parcoursup\u00a0: pr\u00e8s de 114\u00a0000 candidatures, soit +\u00a011\u00a0% par rapport \u00e0 2024-2025. \u00ab\u00a0Nous sommes une universit\u00e9 qui attire dans une ville qui fait envie\u00a0\u00bb, a comment\u00e9 Mme Berrod en pr\u00e9cisant qu\u2019il restait 6\u00a0000 v\u0153ux en attente. \u00ab\u00a0On va les traiter dans les meilleurs d\u00e9lais. En fonction des d\u00e9sistements qui vont intervenir, des places vont se lib\u00e9rer\u00a0\u00bb, a-t-elle rassur\u00e9.<\/p>\n<p> \u25b6 <strong>Des plats \u00e0 emporter au restaurant universitaire Gallia <\/strong> : En mati\u00e8re de restauration, le Crous maintient pour la sixi\u00e8me ann\u00e9e cons\u00e9cutive le prix du repas \u00e9tudiant \u00e0 3,30\u00a0euros (1\u00a0euro pour les \u00e9tudiants boursiers ou en situation de pr\u00e9carit\u00e9 alimentaire). L\u2019op\u00e9rateur, qui a vu l\u2019an pass\u00e9 la part des repas bio continuer d\u2019augmenter dans ses huit restos U alsaciens (17\u00a0%, contre 6\u00a0% en 2023-2024, annonce aussi le lancement ce mois-ci, au resto U Gallia, d\u2019un nouveau service de vente \u00e0 emporter\u00a0: \u00ab\u00a0Il faudra r\u00e9server la veille et retirer son repas le lendemain matin. Cela permettra notamment d\u2019\u00e9viter la file \u00e0 la pause de midi\u00a0\u00bb, pr\u00e9cise Mme Roussel qui assure que le Crous continue \u00e0 r\u00e9fl\u00e9chir \u00ab\u00a0aux moyens d\u2019\u00e9taler les flux pour am\u00e9liorer l\u2019accessibilit\u00e9 \u00e0 ses lieux de restauration\u00a0\u00bb.<\/p>\n<p>Une nouvelle caf\u00e9t\u00e9ria de 60 places ouvrira par ailleurs ses portes en janvier prochain sur le site de l\u2019INSPE Meinau.<\/p>\n<p>  Le nouveau centre sportif ouvrira en octobre<\/p>\n<p> \u25b6 \u00a0 <strong>L\u2019offre de logements du Crous stable<\/strong> \u00a0: alors que l\u2019acc\u00e8s des \u00e9tudiants \u00e0 un logement abordable reste probl\u00e9matique dans la capitale alsacienne, le Crous fait \u00e9tat pour cette rentr\u00e9e d\u2019une offre stable dans ses r\u00e9sidences de l\u2019EMS (4\u00a0926 places). \u00ab\u00a0Les \u00e9tudes pr\u00e9paratoires \u00e0 la construction d\u2019une nouvelle r\u00e9sidence \u00e9tudiante de 500 lits sur la place d\u2019Islande se poursuivent selon le calendrier pr\u00e9vu. Elle devra \u00eatre livr\u00e9e au mieux fin 2028\u00a0\u00bb, a pr\u00e9cis\u00e9 sa directrice.<\/p>\n<p> \u25b6 <strong>Fin de l\u2019op\u00e9ration de r\u00e9habilitation du campus central <\/strong> : En mati\u00e8re de patrimoine immobilier, alors que le budget de l\u2019ann\u00e9e 2025 s\u2019\u00e9l\u00e8ve \u00e0 593\u00a0millions d\u2019euros (contre 581\u00a0millions en 2024), l\u2019ultime construction d\u2019envergure planifi\u00e9e dans le cadre de <a href=\"https:\/\/www.dna.fr\/edition-de-strasbourg\/2014\/04\/15\/le-grand-chantier\" target=\"_blank\" rel=\"nofollow noopener\">l\u2019op\u00e9ration de r\u00e9habilitation du campus lanc\u00e9e en 2010<\/a> est arriv\u00e9e \u00e0 son terme cet \u00e9t\u00e9\u00a0: le 2\u00a0octobre, le nouveau centre sportif universitaire, qui jouxte la facult\u00e9 de droit, ouvrira ses portes au public. En 2025-2026, alors que les \u00e9tudes relatives au projet de nouvelle facult\u00e9 de m\u00e9decine se poursuivent, l\u2019Unistra portera principalement ses efforts sur des travaux de s\u00e9curit\u00e9 incendie ainsi que sur la transition \u00e9nerg\u00e9tique.<\/p>\n<p>  Simplification des dispositifs de lutte contre les violences<\/p>\n<p> \u25b6 <strong>Accueil de trois \u00e9tudiantes afghanes <\/strong> : dans le cadre d\u2019un partenariat avec l\u2019association parisienne Enfants d\u2019Afghanistan et d\u2019ailleurs , douze \u00e9tudiantes afghanes, priv\u00e9es d\u2019acc\u00e8s aux \u00e9tudes dans leur pays et qui souhaitent \u00e9tudier \u00e0 l\u2019Universit\u00e9 de Strasbourg, sont susceptibles d\u2019y int\u00e9grer le dipl\u00f4me d\u2019universit\u00e9 \u00e9tudes fran\u00e7aises. \u00ab\u00a0Toutes ont re\u00e7u leur lettre d\u2019accueil. Les trois premi\u00e8res devraient arriver \u00e0 Strasbourg fin septembre\u00a0\u00bb, indique la direction de l\u2019Unistra.<\/p>\n<p> \u25b6 <strong> Refonte de la charte \u00e9thique<\/strong> \u00a0: la pr\u00e9sidente de l\u2019Unistra a annonc\u00e9 l\u2019ouverture d\u2019un chantier de 18 mois visant \u00e0 r\u00e9\u00e9crire la charte \u00e9thique de l\u2019\u00e9tablissement. \u00ab\u00a0Pour faciliter le parcours des victimes, il y aura \u00e9galement une simplification des dispositifs de lutte contre les violences\u00a0\u00bb, a-t-elle \u00e9galement promis.<\/p>\n<p> \u25b6 <strong>Abonnement Velhop \u00e0 prix pr\u00e9f\u00e9rentiel<\/strong> \u00a0: pour cette rentr\u00e9e, Velhop, le service de location de v\u00e9los de l\u2019EMS, a revu \u00e0 la baisse son tarif solidaire \u00e0 destination des \u00e9tudiants\u00a0: il passe \u00e0 48\u00a0euros pour une location de dix mois.<\/p>\n<p>        &#13;<br \/>\n          <a href=\"https:\/\/cdn-s-www.dna.fr\/images\/f3530664-5dc6-4be7-bff1-938edd78c18e\/NW_raw\/l-universite-de-haute-alsace-prevoit-d-accueillir-quelque-10-000-etudiants-cette-annee-photo-jean-francois-frey-1756928217.jpg\" title=\"L\u2019universit\u00e9 de Haute-Alsace pr\u00e9voit d\u2019accueillir quelque 10\u00a0000 \u00e9tudiants cette ann\u00e9e.\u00a0 Photo Jean-Fran\u00e7ois Frey\" class=\"chocolat-image GA-tracking\" data-ga_type=\"click\" data-ga_category=\"D\u00e9tail\" data-ga_action=\"zoomer\" data-ga_label=\"agrandir image\" rel=\"nofollow noopener\" target=\"_blank\">&#13;<br \/>\n            <img loading=\"lazy\" decoding=\"async\" src=\"https:\/\/www.europesays.com\/fr\/wp-content\/uploads\/2025\/09\/1756929255_566_l-universite-de-haute-alsace-prevoit-d-accueillir-quelque-10-000-etudiants-cette-annee-photo-jean-fr.jpeg\" alt=\"L\u2019universit\u00e9 de Haute-Alsace pr\u00e9voit d\u2019accueillir quelque 10\u00a0000 \u00e9tudiants cette ann\u00e9e.\u00a0 Photo Jean-Fran\u00e7ois Frey\"\/>&#13;<br \/>\n          <\/a>&#13;<br \/>\n          &#13;<\/p>\n<p class=\"insetTitle\">\u00c0 L\u2019UHA, l\u2019ann\u00e9e des 50 ans<\/p>\n<p>L\u2019universit\u00e9 de Haute-Alsace (UHA) pr\u00e9voit d\u2019accueillir environ 10\u00a0000 \u00e9tudiants \u2013 un chiffre restant \u00e0 d\u00e9finir dans les semaines \u00e0 venir \u2013 cette ann\u00e9e 2025-2026 sur ses campus de Mulhouse et Colmar. Dans ces effectifs, on compte 17\u00a0% d\u2019internationaux et 11\u00a0% d\u2019apprentis. Sur les 170 formations propos\u00e9es, 43 sont d\u00e9livr\u00e9es en apprentissage.<\/p>\n<p>N\u00e9e en 1975, l\u2019UHA reste une jeune universit\u00e9. Elle c\u00e9l\u00e9brera ses 50 ans d\u2019existence le jeudi 9\u00a0octobre prochain par une s\u00e9rie de festivit\u00e9s \u00e0 destination des \u00e9tudiants et des personnels, suivie d\u2019une c\u00e9r\u00e9monie plus officielle durant la soir\u00e9e.<\/p>\n","protected":false},"excerpt":{"rendered":"Depuis ce mardi, le campus de l\u2019Esplanade \u00e0 Strasbourg a pris des allures de terrain de camping, avec&hellip;\n","protected":false},"author":2,"featured_media":364014,"comment_status":"","ping_status":"","sticky":false,"template":"","format":"standard","meta":{"footnotes":""},"categories":[2820],"tags":[1111,11,2389,2649,2880,1057,4854,1777,674,107,1011,27,775,12,25,640,2879],"class_list":{"0":"post-364013","1":"post","2":"type-post","3":"status-publish","4":"format-standard","5":"has-post-thumbnail","7":"category-strasbourg","8":"tag-actu","9":"tag-actualites","10":"tag-alsace","11":"tag-bas-rhin","12":"tag-edition-strasbourg","13":"tag-education","14":"tag-enseignement-superieur","15":"tag-eu","16":"tag-europe","17":"tag-fil-info","18":"tag-fr","19":"tag-france","20":"tag-grand-est","21":"tag-news","22":"tag-republique-francaise","23":"tag-strasbourg","24":"tag-strasbourg-ville"},"share_on_mastodon":{"url":"https:\/\/pubeurope.com\/@fr\/115142123266418152","error":""},"_links":{"self":[{"href":"https:\/\/www.europesays.com\/fr\/wp-json\/wp\/v2\/posts\/364013","targetHints":{"allow":["GET"]}}],"collection":[{"href":"https:\/\/www.europesays.com\/fr\/wp-json\/wp\/v2\/posts"}],"about":[{"href":"https:\/\/www.europesays.com\/fr\/wp-json\/wp\/v2\/types\/post"}],"author":[{"embeddable":true,"href":"https:\/\/www.europesays.com\/fr\/wp-json\/wp\/v2\/users\/2"}],"replies":[{"embeddable":true,"href":"https:\/\/www.europesays.com\/fr\/wp-json\/wp\/v2\/comments?post=364013"}],"version-history":[{"count":0,"href":"https:\/\/www.europesays.com\/fr\/wp-json\/wp\/v2\/posts\/364013\/revisions"}],"wp:featuredmedia":[{"embeddable":true,"href":"https:\/\/www.europesays.com\/fr\/wp-json\/wp\/v2\/media\/364014"}],"wp:attachment":[{"href":"https:\/\/www.europesays.com\/fr\/wp-json\/wp\/v2\/media?parent=364013"}],"wp:term":[{"taxonomy":"category","embeddable":true,"href":"https:\/\/www.europesays.com\/fr\/wp-json\/wp\/v2\/categories?post=364013"},{"taxonomy":"post_tag","embeddable":true,"href":"https:\/\/www.europesays.com\/fr\/wp-json\/wp\/v2\/tags?post=364013"}],"curies":[{"name":"wp","href":"https:\/\/api.w.org\/{rel}","templated":true}]}}