{"id":364018,"date":"2025-09-03T19:57:10","date_gmt":"2025-09-03T19:57:10","guid":{"rendered":"https:\/\/www.europesays.com\/fr\/364018\/"},"modified":"2025-09-03T19:57:10","modified_gmt":"2025-09-03T19:57:10","slug":"utopiales-2025-la-cite","status":"publish","type":"post","link":"https:\/\/www.europesays.com\/fr\/364018\/","title":{"rendered":"UTOPIALES 2025 &#8211; La Cit\u00e9"},"content":{"rendered":"<p>Fortes du patrimoine laiss\u00e9 par Jules Verne et du pass\u00e9 surr\u00e9aliste de la ville, Les Utopiales se sont install\u00e9es dans le paysage culturel nantais en l\u2019an 2000. Sous couvert de r\u00eave et d\u2019\u00e9vasion, la science-fiction est un puissant outil pour ouvrir les imaginaires, faire \u00e9merger des exp\u00e9riences de pens\u00e9e et cultiver l\u2019art du d\u00e9bat. Chaque \u00e9dition se construit autour d\u2019une th\u00e9matique et rassemble auteur\u00b7ices, scientifiques, illustrateur\u00b7ices, cin\u00e9astes, \u00e9diteur\u00b7ices de jeu et artistes. Cette approche interdisciplinaire est particuli\u00e8rement f\u00e9conde pour explorer les multiples facettes du r\u00e9el et envisager collectivement l\u2019avenir.\u00a0<\/p>\n<p>Th\u00e9matique 2025 : singularit\u00e9s<br \/>\u00ab La divinit\u00e9 de l\u2019homme r\u00e9side dans sa singularit\u00e9. \u00bb Ursula K. Le Guin<br \/>Au c\u0153ur de toute individualit\u00e9 r\u00e9side une singularit\u00e9. En astrophysique, la singularit\u00e9 gravitationnelle pr\u00e9dit l\u2019existence des trous noirs, pointant les limites de notre syst\u00e8me math\u00e9matique.<br \/>Les artistes et chercheurs\u00b7euses du festival se pencheront sur les singularit\u00e9s, qu\u2019elles soient scientifiques ou sociales et s\u2019int\u00e9resseront \u00e0 la fa\u00e7on dont elles sont source d\u2019attraction ou de r\u00e9sistance, per\u00e7ue comme anomalie ou comme le caract\u00e8re exceptionnel de ce qui nous distingue.<\/p>\n","protected":false},"excerpt":{"rendered":"Fortes du patrimoine laiss\u00e9 par Jules Verne et du pass\u00e9 surr\u00e9aliste de la ville, Les Utopiales se sont&hellip;\n","protected":false},"author":2,"featured_media":364019,"comment_status":"","ping_status":"","sticky":false,"template":"","format":"standard","meta":{"footnotes":""},"categories":[2818],"tags":[1111,11,1777,674,1011,27,766,12,2636,25],"class_list":{"0":"post-364018","1":"post","2":"type-post","3":"status-publish","4":"format-standard","5":"has-post-thumbnail","7":"category-nantes","8":"tag-actu","9":"tag-actualites","10":"tag-eu","11":"tag-europe","12":"tag-fr","13":"tag-france","14":"tag-nantes","15":"tag-news","16":"tag-pays-de-la-loire","17":"tag-republique-francaise"},"share_on_mastodon":{"url":"https:\/\/pubeurope.com\/@fr\/115142134593861257","error":""},"_links":{"self":[{"href":"https:\/\/www.europesays.com\/fr\/wp-json\/wp\/v2\/posts\/364018","targetHints":{"allow":["GET"]}}],"collection":[{"href":"https:\/\/www.europesays.com\/fr\/wp-json\/wp\/v2\/posts"}],"about":[{"href":"https:\/\/www.europesays.com\/fr\/wp-json\/wp\/v2\/types\/post"}],"author":[{"embeddable":true,"href":"https:\/\/www.europesays.com\/fr\/wp-json\/wp\/v2\/users\/2"}],"replies":[{"embeddable":true,"href":"https:\/\/www.europesays.com\/fr\/wp-json\/wp\/v2\/comments?post=364018"}],"version-history":[{"count":0,"href":"https:\/\/www.europesays.com\/fr\/wp-json\/wp\/v2\/posts\/364018\/revisions"}],"wp:featuredmedia":[{"embeddable":true,"href":"https:\/\/www.europesays.com\/fr\/wp-json\/wp\/v2\/media\/364019"}],"wp:attachment":[{"href":"https:\/\/www.europesays.com\/fr\/wp-json\/wp\/v2\/media?parent=364018"}],"wp:term":[{"taxonomy":"category","embeddable":true,"href":"https:\/\/www.europesays.com\/fr\/wp-json\/wp\/v2\/categories?post=364018"},{"taxonomy":"post_tag","embeddable":true,"href":"https:\/\/www.europesays.com\/fr\/wp-json\/wp\/v2\/tags?post=364018"}],"curies":[{"name":"wp","href":"https:\/\/api.w.org\/{rel}","templated":true}]}}