{"id":364022,"date":"2025-09-03T19:59:09","date_gmt":"2025-09-03T19:59:09","guid":{"rendered":"https:\/\/www.europesays.com\/fr\/364022\/"},"modified":"2025-09-03T19:59:09","modified_gmt":"2025-09-03T19:59:09","slug":"cazenave-et-siarri-sallient-contre-un-projet-localiste-et-decroissant-ce-nest-pas-un-accord-dappareil","status":"publish","type":"post","link":"https:\/\/www.europesays.com\/fr\/364022\/","title":{"rendered":"Cazenave et Siarri s\u2019allient contre un projet \u00ab\u00a0localiste et d\u00e9croissant\u00a0\u00bb, \u00ab\u00a0ce n\u2019est pas un accord d\u2019appareil\u00a0\u00bb"},"content":{"rendered":"<p>Premier mouvement dans le paysage encombr\u00e9 du centre droit bordelais. \u00ab\u00a0Lucide\u00a0\u00bb et \u00ab\u00a0pragmatique\u00a0\u00bb, dit-elle, apr\u00e8s plusieurs mois de campagne chacun de leur c\u00f4t\u00e9, Alexandra Siarri, ancienne adjointe d\u2019Alain Jupp\u00e9 en charge du social (2008-2020), se rallie \u00e0 Thomas Cazenave,<a href=\"https:\/\/www.sudouest.fr\/elections\/legislatives\/gironde\/legislatives-en-gironde-thomas-cazenave-n-a-pas-perdu-bordeaux-nord-20468894.php\" target=\"_blank\" rel=\"follow nofollow noopener\"> d\u00e9put\u00e9 Renaissance de Bordeaux Nord<\/a>. Un ticket qui entend d\u00e9loger le maire \u00e9cologiste, Pierre Hurmic, et ne d\u00e9sesp\u00e8re pas d\u2019entra\u00eener Nathalie Delattre, ministre du Tourisme en sursis, avec eux.<\/p>\n<p class=\"interview-question\">Cela fait des mois que vous menez campagne chacun de votre c\u00f4t\u00e9\u2026 Pourquoi cette union, pourquoi maintenant\u00a0?<\/p>\n<p class=\"interview-answer\"><strong>Alexandra Siarri. <\/strong>En six mois de campagne, nous avons les m\u00eames retours de terrain, le m\u00eame diagnostic. Et la m\u00eame certitude\u00a0: les choses doivent changer \u00e0 Bordeaux. Nous avons des convergences de vision, ce go\u00fbt de l\u2019autre, de la proximit\u00e9. Je n\u2019ai pas besoin d\u2019un sondage pour prendre ma d\u00e9cision. Gr\u00e2ce \u00e0 nos discussions et nos \u00e9changes, je pense que Thomas est celui qui, en conduisant une large union, peut nous permettre de gagner.<\/p>\n<p class=\"interview-answer\"><strong>Thomas Cazenave. <\/strong>Nous partageons le m\u00eame diagnostic, la n\u00e9cessit\u00e9 d\u2019une r\u00e9ponse franche, massive, sur la s\u00e9curit\u00e9, la propret\u00e9, et le besoin absolu de remettre Bordeaux en mouvement, de renouer avec une fiert\u00e9 bordelaise. Ce n\u2019est pas un accord d\u2019appareil, cette union est n\u00e9e d\u2019un travail de terrain, de r\u00e9flexion. Les gens qui souhaitent une alternative \u00e0 Pierre Hurmic veulent le rassemblement. Nous passons de la parole aux actes.<\/p>\n<p class=\"interview-question\">Alexandra Siarri, vous avez \u00e9t\u00e9 \u00e9lue avec Alain Jupp\u00e9, vous n\u2019avez jamais \u00e9t\u00e9 macroniste et vous vous ralliez \u00e0 Thomas Cazenave qui l\u2019est, probablement au pire moment\u2026<\/p>\n<p class=\"interview-answer\"><strong>A. S.\u00a0<\/strong>\u00c7a fait dix-sept ans que je suis \u00e9lue, on ne m\u2019a jamais demand\u00e9 d\u2019adh\u00e9rer \u00e0 un parti politique. Ce qui conditionne mon choix, ce n\u2019est pas une strat\u00e9gie d\u2019appareil, ni une strat\u00e9gie de carri\u00e8re. Je me suis pos\u00e9 la question de savoir quelle \u00e9tait la personne qui \u00e9tait la plus en capacit\u00e9 de nous emmener vers la victoire. \u00c0 un moment, il y a sa conviction personnelle et puis il y a la r\u00e9alit\u00e9\u00a0: je ne peux pas gagner seule, donc je dois m\u2019allier. Au niveau local, les gens ne veulent pas revivre ce qui se passe au niveau national. Ils attendent que l\u2019on soit capable de d\u00e9passer nos diff\u00e9rences et de converger vers l\u2019essentiel. Et l\u2019essentiel, c\u2019est une alternance r\u00e9ussie, car ce qui se passe \u00e0 Bordeaux ne va pas.<\/p>\n<p class=\"interview-question\">Vous parlez de lancer une \u00ab\u00a0dynamique de rassemblement\u00a0\u00bb\u00a0: vous souhaitez inclure Nathalie Delattre ou le fil est rompu\u00a0?<\/p>\n<p class=\"interview-answer\"><strong>T. C.\u00a0<\/strong>Depuis le premier jour, je travaille \u00e0 l\u2019union la plus large possible. C\u2019est ce que nous portions <a href=\"https:\/\/www.sudouest.fr\/politique\/nicolas-florian\/\" target=\"_blank\" rel=\"follow nofollow noopener\">avec Nicolas Florian<\/a>. Le rassemblement, il ne suffit pas de le dire, il faut le faire. Nous le faisons. Nous continuons \u00e0 appeler toutes celles et ceux qui veulent s\u2019engager pour r\u00e9ussir cette alternance \u00e0 nous rejoindre. Et bien s\u00fbr, Nathalie Delattre, et les autres candidats qui sont aujourd\u2019hui d\u00e9clar\u00e9s. Ainsi que toutes celles et ceux qui sont convaincus de la n\u00e9cessit\u00e9 de l\u2019alternance.<\/p>\n<p class=\"interview-question\">Vous \u00e9voquez une \u00ab\u00a0n\u00e9cessit\u00e9 d\u2019alternance\u00a0\u00bb\u2026<\/p>\n<p class=\"interview-answer\"><strong>A. S.\u00a0<\/strong>Les Bordelaises et les Bordelais attendent des r\u00e9sultats concrets, efficaces, imm\u00e9diats sur deux champs\u00a0: celui de la s\u00e9curit\u00e9 et celui de la propret\u00e9. Ce seront des chantiers imm\u00e9diats avec des solutions massives.<\/p>\n<p class=\"interview-answer\"><strong>T. C.\u00a0<\/strong>On a interrog\u00e9 2\u00a0000 Bordelaises et Bordelais et c\u2019est frappant, ce sont des \u00e9l\u00e9ments qui \u00e9crasent tout le reste. \u00c7a ne va plus. La situation se d\u00e9grade. Ils attendent autre chose. Il est urgent de donner un nouveau cap \u00e0 notre ville.<\/p>\n<blockquote><p>\u00ab\u00a0Le rassemblement, il ne suffit pas de le dire, il faut le faire. Nous le faisons\u00a0\u00bb<\/p><\/blockquote>\n<p class=\"interview-question\">Pierre Hurmic a arm\u00e9 la police municipale, la propret\u00e9 est un vieux serpent de mer, quel est votre \u00ab\u00a0nouveau cap\u00a0\u00bb\u00a0?<\/p>\n<p class=\"interview-answer\"><strong>T. C.\u00a0<\/strong>On veut doubler la police municipale. Nous ne pouvons pas continuer avec 100 policiers municipaux dans les rues. Il faut les armer, changer leurs conditions de r\u00e9mun\u00e9ration et r\u00e9gler la question du logement en construisant, par exemple, une caserne municipale. Il faut retrouver de l\u2019attractivit\u00e9 pour recruter. Il est temps de changer d\u2019\u00e9chelle.<\/p>\n<p class=\"interview-answer\"><strong>A. S.\u00a0<\/strong>L\u2019\u00e9quipe de Pierre Hurmic n\u2019admet pas qu\u2019il y a un probl\u00e8me de s\u00e9curit\u00e9. Pour nous, c\u2019est un point de blocage.<\/p>\n<p class=\"interview-answer\"><strong>T. C.\u00a0<\/strong>Sur la propret\u00e9, on change la m\u00e9thode\u00a0: faisons en sorte que cette comp\u00e9tence revienne \u00e0 l\u2019\u00e9chelon municipal et qu\u2019elle soit exerc\u00e9e \u00e0 la maille des nouveaux quartiers que nous allons red\u00e9finir.<\/p>\n<p class=\"interview-answer\"><strong>A. S.<\/strong>\u00a0\u00c7a fait partie du bien-\u00eatre du quotidien, de l\u2019image qu\u2019on donne \u00e0 une ville pour les gens qui y habitent et pour les gens qui viennent. On peut le r\u00e9gler. Et \u00e7a permettra d\u2019aborder le reste\u00a0: d\u00e9velopper un projet, une vision.<\/p>\n<p class=\"interview-question\">Vous dites vouloir redonner un \u00ab\u00a0\u00e9lan \u00e9conomique et culturel\u00a0\u00bb \u00e0 Bordeaux. Comment fait-on, au-del\u00e0 des incantations\u00a0?<\/p>\n<p class=\"interview-answer\"><strong>T. C.\u00a0<\/strong>Nous aurons l\u2019occasion de pr\u00e9senter nos priorit\u00e9s. Avoir de l\u2019ambition ne doit pas \u00eatre un gros mot pour Bordeaux. Nous voulons une ville qui se remet en mouvement avec une vision audacieuse sur la question \u00e9conomique. Pierre Hurmic dessine une ville qui se replie sur elle-m\u00eame. Son projet est localiste et d\u00e9croissant. Avec des cons\u00e9quences bien concr\u00e8tes, un affaissement de l\u2019activit\u00e9 \u00e9conomique de Bordeaux, un affaissement de la fr\u00e9quentation des commerces, des rideaux tir\u00e9s, une ville qui renonce \u00e0 jouer son r\u00f4le dans son d\u00e9partement, sa r\u00e9gion. Le \u00ab\u00a0vivons bien vivons cach\u00e9\u00a0\u00bb de Pierre Hurmic est un affaiblissement de notre ville.<\/p>\n","protected":false},"excerpt":{"rendered":"Premier mouvement dans le paysage encombr\u00e9 du centre droit bordelais. \u00ab\u00a0Lucide\u00a0\u00bb et \u00ab\u00a0pragmatique\u00a0\u00bb, dit-elle, apr\u00e8s plusieurs mois de&hellip;\n","protected":false},"author":2,"featured_media":364023,"comment_status":"","ping_status":"","sticky":false,"template":"","format":"standard","meta":{"footnotes":""},"categories":[2817],"tags":[1111,11,1997,1777,674,1011,27,12,2219,25],"class_list":{"0":"post-364022","1":"post","2":"type-post","3":"status-publish","4":"format-standard","5":"has-post-thumbnail","7":"category-bordeaux","8":"tag-actu","9":"tag-actualites","10":"tag-bordeaux","11":"tag-eu","12":"tag-europe","13":"tag-fr","14":"tag-france","15":"tag-news","16":"tag-nouvelle-aquitaine","17":"tag-republique-francaise"},"share_on_mastodon":{"url":"https:\/\/pubeurope.com\/@fr\/115142142480834911","error":""},"_links":{"self":[{"href":"https:\/\/www.europesays.com\/fr\/wp-json\/wp\/v2\/posts\/364022","targetHints":{"allow":["GET"]}}],"collection":[{"href":"https:\/\/www.europesays.com\/fr\/wp-json\/wp\/v2\/posts"}],"about":[{"href":"https:\/\/www.europesays.com\/fr\/wp-json\/wp\/v2\/types\/post"}],"author":[{"embeddable":true,"href":"https:\/\/www.europesays.com\/fr\/wp-json\/wp\/v2\/users\/2"}],"replies":[{"embeddable":true,"href":"https:\/\/www.europesays.com\/fr\/wp-json\/wp\/v2\/comments?post=364022"}],"version-history":[{"count":0,"href":"https:\/\/www.europesays.com\/fr\/wp-json\/wp\/v2\/posts\/364022\/revisions"}],"wp:featuredmedia":[{"embeddable":true,"href":"https:\/\/www.europesays.com\/fr\/wp-json\/wp\/v2\/media\/364023"}],"wp:attachment":[{"href":"https:\/\/www.europesays.com\/fr\/wp-json\/wp\/v2\/media?parent=364022"}],"wp:term":[{"taxonomy":"category","embeddable":true,"href":"https:\/\/www.europesays.com\/fr\/wp-json\/wp\/v2\/categories?post=364022"},{"taxonomy":"post_tag","embeddable":true,"href":"https:\/\/www.europesays.com\/fr\/wp-json\/wp\/v2\/tags?post=364022"}],"curies":[{"name":"wp","href":"https:\/\/api.w.org\/{rel}","templated":true}]}}