{"id":364024,"date":"2025-09-03T20:00:12","date_gmt":"2025-09-03T20:00:12","guid":{"rendered":"https:\/\/www.europesays.com\/fr\/364024\/"},"modified":"2025-09-03T20:00:12","modified_gmt":"2025-09-03T20:00:12","slug":"bonne-nouvelle-pour-les-girondins-de-bordeaux","status":"publish","type":"post","link":"https:\/\/www.europesays.com\/fr\/364024\/","title":{"rendered":"Bonne nouvelle pour les Girondins de Bordeaux"},"content":{"rendered":"<p><strong>Cr\u00e9dit\u00e9s d\u2019un d\u00e9but de saison<br \/>\nmoyen en National 2, les Girondins de Bordeaux ont tout de m\u00eame<br \/>\naccueilli ces jours-ci une excellente nouvelle.<\/strong><\/p>\n<p>Contraint d\u2019\u00e9voluer en National 2 \u2013 la quatri\u00e8me division du<br \/>\nfootball fran\u00e7ais \u2013 depuis la saison pass\u00e9e d\u00e9j\u00e0, Bordeaux n\u2019a pas<br \/>\ntous les jours de bonnes raisons de se r\u00e9jouir. Or <strong><a href=\"https:\/\/www.sports.fr\/football\/mercato\" rel=\"nofollow noopener\" target=\"_blank\">le mercato<br \/>\nestival<\/a><\/strong> fra\u00eechement cl\u00f4tur\u00e9 a offert au FCGB une belle<br \/>\nbouff\u00e9e d\u2019oxyg\u00e8ne.<\/p>\n<p>C\u2019est en provenance de Strasbourg que l\u2019aubaine est arriv\u00e9e. Pas<br \/>\nmoins de 1,3 million d\u2019euros vers\u00e9s dans les caisses d\u2019un club sous<br \/>\nperfusion. L\u2019origine des fonds\u00a0? Le transfert Dilane Bakwa,<br \/>\nform\u00e9 chez les Girondins, de l\u2019Alsace \u00e0 l\u2019Angleterre, et plus<br \/>\npr\u00e9cis\u00e9ment dans les rangs de Nottingham Forest.<\/p>\n<p>Laborde aussi met du beurre dans les \u00e9pinards<\/p>\n<p>En vertu de la fameuse indemnit\u00e9 de solidarit\u00e9, les Bordelais<br \/>\nvont percevoir en effet 3,75% d\u2019un transfert \u00e0 35 millions d\u2019euros.<br \/>\nSoit pr\u00e8s d\u2019un cinqui\u00e8me de leur budget annuel, l\u00e9g\u00e8rement<br \/>\ninf\u00e9rieur \u00e0 7 millions d\u2019euros. Le quotidien r\u00e9gional Sud Ouest<br \/>\najoute que le FCGB a par ailleurs h\u00e9rit\u00e9 de 200\u00a0000 euros dans<br \/>\nle cadre du transfert de Ga\u00ebtan Laborde de Nice \u00e0 Al-Diriyah, club<br \/>\nde deuxi\u00e8me division saoudienne.<\/p>\n","protected":false},"excerpt":{"rendered":"Cr\u00e9dit\u00e9s d\u2019un d\u00e9but de saison moyen en National 2, les Girondins de Bordeaux ont tout de m\u00eame accueilli&hellip;\n","protected":false},"author":2,"featured_media":203586,"comment_status":"","ping_status":"","sticky":false,"template":"","format":"standard","meta":{"footnotes":""},"categories":[2817],"tags":[1111,11,1997,1777,674,1011,27,12,2219,25],"class_list":{"0":"post-364024","1":"post","2":"type-post","3":"status-publish","4":"format-standard","5":"has-post-thumbnail","7":"category-bordeaux","8":"tag-actu","9":"tag-actualites","10":"tag-bordeaux","11":"tag-eu","12":"tag-europe","13":"tag-fr","14":"tag-france","15":"tag-news","16":"tag-nouvelle-aquitaine","17":"tag-republique-francaise"},"share_on_mastodon":{"url":"https:\/\/pubeurope.com\/@fr\/115142146365196733","error":""},"_links":{"self":[{"href":"https:\/\/www.europesays.com\/fr\/wp-json\/wp\/v2\/posts\/364024","targetHints":{"allow":["GET"]}}],"collection":[{"href":"https:\/\/www.europesays.com\/fr\/wp-json\/wp\/v2\/posts"}],"about":[{"href":"https:\/\/www.europesays.com\/fr\/wp-json\/wp\/v2\/types\/post"}],"author":[{"embeddable":true,"href":"https:\/\/www.europesays.com\/fr\/wp-json\/wp\/v2\/users\/2"}],"replies":[{"embeddable":true,"href":"https:\/\/www.europesays.com\/fr\/wp-json\/wp\/v2\/comments?post=364024"}],"version-history":[{"count":0,"href":"https:\/\/www.europesays.com\/fr\/wp-json\/wp\/v2\/posts\/364024\/revisions"}],"wp:featuredmedia":[{"embeddable":true,"href":"https:\/\/www.europesays.com\/fr\/wp-json\/wp\/v2\/media\/203586"}],"wp:attachment":[{"href":"https:\/\/www.europesays.com\/fr\/wp-json\/wp\/v2\/media?parent=364024"}],"wp:term":[{"taxonomy":"category","embeddable":true,"href":"https:\/\/www.europesays.com\/fr\/wp-json\/wp\/v2\/categories?post=364024"},{"taxonomy":"post_tag","embeddable":true,"href":"https:\/\/www.europesays.com\/fr\/wp-json\/wp\/v2\/tags?post=364024"}],"curies":[{"name":"wp","href":"https:\/\/api.w.org\/{rel}","templated":true}]}}