{"id":364025,"date":"2025-09-03T20:01:16","date_gmt":"2025-09-03T20:01:16","guid":{"rendered":"https:\/\/www.europesays.com\/fr\/364025\/"},"modified":"2025-09-03T20:01:16","modified_gmt":"2025-09-03T20:01:16","slug":"octogenaire-retrouvee-morte-dans-le-canal-du-midi-a-toulouse-la-police-lance-un-appel-a-temoins","status":"publish","type":"post","link":"https:\/\/www.europesays.com\/fr\/364025\/","title":{"rendered":"Octog\u00e9naire retrouv\u00e9e morte dans le canal du Midi \u00e0 Toulouse\u00a0: la police lance un appel \u00e0 t\u00e9moins"},"content":{"rendered":"<p>\n                                                                    l&rsquo;essentiel<br \/>\n                                                                Le corps d\u2019une femme \u00e2g\u00e9e, d\u00e9couvert vendredi dans le canal du Midi \u00e0 Toulouse, n\u2019a toujours pas \u00e9t\u00e9 identifi\u00e9. La police diffuse un appel \u00e0 t\u00e9moins afin de recueillir des informations sur la victime.\n                            <\/p>\n<p data-end=\"468\" data-start=\"182\">Vendredi 29\u00a0ao\u00fbt au matin, le corps sans vie d\u2019une femme d\u2019environ 80 ans a \u00e9t\u00e9 rep\u00each\u00e9 dans le canal du Midi, boulevard de l\u2019Embouchure \u00e0 Toulouse. Aucune pi\u00e8ce d\u2019identit\u00e9 n\u2019ayant \u00e9t\u00e9 retrouv\u00e9e sur elle, les enqu\u00eateurs de la s\u00fbret\u00e9 d\u00e9partementale lancent un appel \u00e0 t\u00e9moins pour l\u2019identifier.<\/p>\n<p class=\"std-elt__inline\">\n        <strong>\u00c0 lire aussi :<\/strong><br \/>\n        <a href=\"https:\/\/www.ladepeche.fr\/2025\/08\/29\/noyade-a-toulouse-une-femme-retrouvee-morte-dans-le-canal-du-midi-12899338.php\" rel=\"nofollow noopener\" target=\"_blank\">Le corps d\u2019une femme retrouv\u00e9 dans le canal du Midi \u00e0 Toulouse, une enqu\u00eate ouverte<\/a>\n    <\/p>\n<p data-end=\"858\" data-start=\"470\">La victime mesurait environ 1,50\u00a0m, de corpulence normale, et portait des lunettes ovales en acier fin. Ses cheveux \u00e9taient gris et mi-longs. Elle pr\u00e9sentait une cicatrice au poignet droit ainsi qu\u2019une autre au niveau du rachis lombaire. Au moment des faits, elle \u00e9tait v\u00eatue de mocassins rouges, d\u2019un legging noir, d\u2019un chemisier bariol\u00e9 orange et noir et d\u2019une veste blazer gris-bleu.<\/p>\n<p data-end=\"975\" data-start=\"860\">Toute personne disposant d\u2019informations est invit\u00e9e \u00e0 contacter la police au 05\u00a061\u00a012\u00a082\u00a059 ou au 05\u00a061\u00a012\u00a080\u00a010.<\/p>\n","protected":false},"excerpt":{"rendered":"l&rsquo;essentiel Le corps d\u2019une femme \u00e2g\u00e9e, d\u00e9couvert vendredi dans le canal du Midi \u00e0 Toulouse, n\u2019a toujours pas&hellip;\n","protected":false},"author":2,"featured_media":364026,"comment_status":"","ping_status":"","sticky":false,"template":"","format":"standard","meta":{"footnotes":""},"categories":[2816],"tags":[1111,11,1777,674,1011,27,12,2680,25,2312],"class_list":{"0":"post-364025","1":"post","2":"type-post","3":"status-publish","4":"format-standard","5":"has-post-thumbnail","7":"category-toulouse","8":"tag-actu","9":"tag-actualites","10":"tag-eu","11":"tag-europe","12":"tag-fr","13":"tag-france","14":"tag-news","15":"tag-occitanie","16":"tag-republique-francaise","17":"tag-toulouse"},"share_on_mastodon":{"url":"https:\/\/pubeurope.com\/@fr\/115142150389437141","error":""},"_links":{"self":[{"href":"https:\/\/www.europesays.com\/fr\/wp-json\/wp\/v2\/posts\/364025","targetHints":{"allow":["GET"]}}],"collection":[{"href":"https:\/\/www.europesays.com\/fr\/wp-json\/wp\/v2\/posts"}],"about":[{"href":"https:\/\/www.europesays.com\/fr\/wp-json\/wp\/v2\/types\/post"}],"author":[{"embeddable":true,"href":"https:\/\/www.europesays.com\/fr\/wp-json\/wp\/v2\/users\/2"}],"replies":[{"embeddable":true,"href":"https:\/\/www.europesays.com\/fr\/wp-json\/wp\/v2\/comments?post=364025"}],"version-history":[{"count":0,"href":"https:\/\/www.europesays.com\/fr\/wp-json\/wp\/v2\/posts\/364025\/revisions"}],"wp:featuredmedia":[{"embeddable":true,"href":"https:\/\/www.europesays.com\/fr\/wp-json\/wp\/v2\/media\/364026"}],"wp:attachment":[{"href":"https:\/\/www.europesays.com\/fr\/wp-json\/wp\/v2\/media?parent=364025"}],"wp:term":[{"taxonomy":"category","embeddable":true,"href":"https:\/\/www.europesays.com\/fr\/wp-json\/wp\/v2\/categories?post=364025"},{"taxonomy":"post_tag","embeddable":true,"href":"https:\/\/www.europesays.com\/fr\/wp-json\/wp\/v2\/tags?post=364025"}],"curies":[{"name":"wp","href":"https:\/\/api.w.org\/{rel}","templated":true}]}}