{"id":364029,"date":"2025-09-03T20:03:20","date_gmt":"2025-09-03T20:03:20","guid":{"rendered":"https:\/\/www.europesays.com\/fr\/364029\/"},"modified":"2025-09-03T20:03:20","modified_gmt":"2025-09-03T20:03:20","slug":"le-cout-de-la-rentree-des-etudiants-de-lille-et-autour-a-augmente-en-2025-03-09-2025","status":"publish","type":"post","link":"https:\/\/www.europesays.com\/fr\/364029\/","title":{"rendered":"Le co\u00fbt de la rentr\u00e9e des \u00e9tudiants de Lille et autour a augment\u00e9 en 2025 &#8211; 03\/09\/2025"},"content":{"rendered":"<p>La note est sal\u00e9e. Le\u00a0Groupement des Associations Lilloises \u00c9tudiantes (GALIL\u00c9)\u00a0vient de sortir ce mercredi 3 septembre son \u00e9tude annuelle qui rend compte du montant qu&rsquo;un\u00b7e \u00e9tudiant\u00b7e d\u00e9pense pour sa rentr\u00e9e 2025 et pour sa vie de tous les jours, dans la m\u00e9tropole lilloise. On vous spoile un premier chiffre : c&rsquo;est 34% de plus qu&rsquo;en 2021.\u00a0<\/p>\n<p>On vous explique. Chaque ann\u00e9e, la F\u00e9d\u00e9ration des Associations G\u00e9n\u00e9rales \u00c9tudiantes (Fage) publie son indicateur national du co\u00fbt de la rentr\u00e9e des \u00e9tudiant\u00b7es. Et en utilisant la m\u00eame m\u00e9thodologie*, GALILL\u00c9 donne ses chiffres version m\u00e9tropole lilloise. R\u00e9sultat, on peut savoir combien un\u00b7e \u00e9tudiant\u00b7e du coin doit d\u00e9bourser pour payer les frais sp\u00e9cifiques \u00e0 sa rentr\u00e9e universitaire, associ\u00e9s \u00e0 ceux de la vie courante.\u00a0<\/p>\n<p>\u00ab\u00a0La difficult\u00e9 est que chaque \u00e9tudiant est diff\u00e9rent, donc on fait le choix de donner les chiffres gr\u00e2ce \u00e0 un profil-type : un \u00e9tudiant de 20 ans, non boursier, qui entre en premi\u00e8re ann\u00e9e de licence et qui loue son premier appartement de 20m\u00b2 \u00e0 Roubaix, Villeneuve-d&rsquo;Ascq ou Lille, les trois grosses villes \u00e9tudiantes du secteur, indique Loris Philippon, pr\u00e9sident de GALILL\u00c9. \u00c7a permet d&rsquo;avoir l&rsquo;enti\u00e8ret\u00e9 des co\u00fbts, sans les aides et sans les d\u00e9penses qui \u00e9chappent aux boursiers.\u00a0\u00bb<\/p>\n<p>Rentr\u00e9e + vie courante = gros budget\u00a0<\/p>\n<p>Entre 2021 et 2025, le co\u00fbt total (rentr\u00e9e + vie courante) a augment\u00e9 de 34%, dont 2,26% entre l&rsquo;ann\u00e9e 2024 et 2025. \u00ab\u00a0Il a bondi entre 2021 et 2022 avec la guerre en Ukraine et l&rsquo;inflation, explique Loris. Et depuis, \u00e7a n&rsquo;a fait qu&rsquo;augmenter.\u00a0\u00bb Aujourd&rsquo;hui, les frais de septembre dans la m\u00e9tropole lilloise s&rsquo;\u00e9l\u00e8vent \u00e0 :<\/p>\n<ul>&#13;<\/p>\n<li>&#13;<b>3 013,88\u20ac pour un\u00b7e \u00e9tudiant\u00b7e non-boursier\u00b7e<\/b> (+2.26% par rapport \u00e0 2024)<\/li>\n<p>&#13;<\/p>\n<li>&#13;<b>2 684,88\u20ac pour un\u00b7e \u00e9tudiant\u00b7e boursier\u00b7e<\/b> (+2.35%)<\/li>\n<p>&#13;<\/p>\n<li>&#13;<b>5 730,88\u20ac pour un\u00b7e \u00e9tudiant\u00b7e \u00e9tranger\u00b7e<\/b> (+1.93%)<\/li>\n<p>&#13;<\/ul>\n<p>      <a data-fslightbox=\"lightbox-73185\" data-caption=\"Le montant des bourses n&#039;a pas suivi l&#039;augmentation des charges de la rentr&#xE9;e. @GALILL&#xC9;\" href=\"https:\/\/vozer.s3.eu-west-3.amazonaws.com\/production\/1756825550\/z1dheo3xqakq4plw0ebkitbrovic\/bourse-galille.PNG\" rel=\"nofollow noopener\" target=\"_blank\"><br \/>\n        <img decoding=\"async\" class=\"mw-100 lazy\" alt=\"Le montant des bourses n'a pas suivi l'augmentation des charges de la rentr&#xE9;e. @GALILL&#xC9;\" lazy=\"true\" src=\"https:\/\/www.europesays.com\/fr\/wp-content\/uploads\/2025\/09\/bourse-galille.webp.webp\"\/><br \/>\n      <\/a><br \/>\n        Le montant des bourses n&rsquo;a pas suivi l&rsquo;augmentation des charges de la rentr\u00e9e. @GALILL\u00c9<\/p>\n<p>  Les frais ponctuels de la rentr\u00e9e<\/p>\n<p>Dans ce co\u00fbt total, ce sont les frais sp\u00e9cifiques et ponctuels li\u00e9s \u00e0 la rentr\u00e9e qui ont le plus augment\u00e9 atteignant la somme de :<\/p>\n<ul>&#13;<\/p>\n<li>&#13;<b>1 775,02\u20ac pour un\u00b7e \u00e9tudiant\u00b7e non-boursier\u00b7e<\/b> (+51,57\u20ac, soit 2,99% par rapport \u00e0 2024)<\/li>\n<p>&#13;<\/p>\n<li>&#13;<b>4 492,02\u20ac pour un\u00b7e \u00e9tudiant\u00b7e \u00e9tranger\u00b7e\u00a0<\/b>(+93,57\u20ac soit 2,13% par rapport \u00e0 2024 )<br \/>&#13;<\/li>\n<p>&#13;<\/ul>\n<p>Ce qui a le plus augment\u00e9 en un an : les\u00a0fournitures p\u00e9dagogiques et\u00a0le d\u00e9p\u00f4t de garantie\u00a0lors de la location d&rsquo;un appartement :<\/p>\n<p>      <a data-fslightbox=\"lightbox-73187\" data-caption=\"La CVEC, contribution pour la vie &#xE9;tudiante, est pass&#xE9; de 90&#x20AC; &#xE0; 105&#x20AC; entre 2018 et 2025.@GALLIL&#xC9;\" href=\"https:\/\/vozer.s3.eu-west-3.amazonaws.com\/production\/1756825550\/gm7m5dvq77ejo9ryn7dlahskge9e\/cout-rentr2e-galill2.PNG\" rel=\"nofollow noopener\" target=\"_blank\"><br \/>\n        <img decoding=\"async\" class=\"mw-100 lazy\" alt=\"La CVEC, contribution pour la vie &#xE9;tudiante, est pass&#xE9; de 90&#x20AC; &#xE0; 105&#x20AC; entre 2018 et 2025.@GALLIL&#xC9;\" lazy=\"true\" src=\"https:\/\/www.europesays.com\/fr\/wp-content\/uploads\/2025\/09\/cout-rentr2e-galill2.webp.webp\"\/><br \/>\n      <\/a><br \/>\n        La CVEC, contribution pour la vie \u00e9tudiante, est pass\u00e9 de 90\u20ac \u00e0 105\u20ac entre 2018 et 2025.@GALLIL\u00c9<\/p>\n<p>\u00ab\u00a0Ces d\u00e9penses, souvent simultan\u00e9es en septembre, constituent un mur de tr\u00e9sorerie difficile \u00e0 absorber pour les \u00e9tudiants, en particulier ceux et celles sans \u00e9pargne ou soutien familial\u00a0\u00bb, explique Loris dans l&rsquo;\u00e9tude.<\/p>\n<p><b>Quid des bourses ? <\/b>\u00ab\u00a0La r\u00e9forme des bourses s&rsquo;est arr\u00eat\u00e9e avec le premier de la longue s\u00e9rie de remaniement du gouvernement, continue le pr\u00e9sident de GALILL\u00c9. On n&rsquo;a toujours pas eu l&rsquo;acte II qui a \u00e9t\u00e9 repouss\u00e9 \u00e0 2026. C&rsquo;est une r\u00e9forme qu&rsquo;on r\u00e9clame.\u00a0\u00bb<\/p>\n<p>Les frais de la vie courante<\/p>\n<p>Pour ce qui est de la vie courante, plusieurs frais ont diminu\u00e9 (notamment le t\u00e9l\u00e9phone et internet) mais \u00ab\u00a0sans pour autant compenser l&rsquo;augmentation des autres co\u00fbts.\u00a0\u00bb\u00a0En prenant tout en compte, les \u00e9tudiant\u00b7es payent <b>1 238,86\u20ac par mois, soit 15\u20ac de plus qu&rsquo;en 2024 <\/b>(+1,23%).\u00a0<\/p>\n<p>      <a data-fslightbox=\"lightbox-73189\" data-caption=\"@GALLIL&#xC9;\" href=\"https:\/\/vozer.s3.eu-west-3.amazonaws.com\/production\/1756825550\/03qjhz3kpxdfqskdtn0wqcfbzqag\/frais-vie-courante-galille.PNG\" rel=\"nofollow noopener\" target=\"_blank\"><br \/>\n        <img decoding=\"async\" class=\"mw-100 lazy\" alt=\"@GALLIL&#xC9;\" lazy=\"true\" src=\"https:\/\/www.europesays.com\/fr\/wp-content\/uploads\/2025\/09\/frais-vie-courante-galille.webp.webp\"\/><br \/>\n      <\/a><br \/>\n        @GALLIL\u00c9<\/p>\n<p>Les trois plus grosses d\u00e9penses (loyer, courses alimentaires et transports), sont particuli\u00e8rement dans le viseur des associations \u00e9tudiantes. Pour la premi\u00e8re, GALILL\u00c9 et la Fage sont claires : elles veulent un <b>encadrement des loyers pour toute la m\u00e9tropole lilloise <\/b>(et non pas que Lille). <\/p>\n<p>Pour la deuxi\u00e8me, les associations alarment sur une d\u00e9pense qui devient \u00ab\u00a0une variable d&rsquo;ajustement dans le budget\u00a0\u00bb et qui pousse les \u00e9tudiant\u00b7es \u00e0 manger moins et\/ou mal et\/ou sans diversifier leur alimentation. Rappelons sur ce point qu&rsquo;un\u00b7e \u00e9tudiant\u00b7e sur 2 saute r\u00e9guli\u00e8rement des repas, faute d&rsquo;argent et beaucoup ont recours \u00e0 l&rsquo;aide alimentaire (lire <a target=\"_blank\" href=\"https:\/\/www.vozer.fr\/2025\/09\/01\/braderie-de-lille-l-asso-linkee-va-redistribuer-les-invendus-alimentaires-aux-etudiants\/\" rel=\"nofollow noopener\">notre article<\/a>).<\/p>\n<p><b>Pour les transports en commun<\/b>, bien qu&rsquo;un abonnement \u00e9tudiant soit appliqu\u00e9, les associations souhaitent<b> \u00ab\u00a0une tarification sp\u00e9cifique\u00a0\u00bb<\/b> qui ne fait pas des \u00e9tudiant\u00b7es \u00ab\u00a0la cat\u00e9gorie qui paie le plus cher son abonnement.\u00a0\u00bb Quid de l&rsquo;abonnement \u00e9tudiant d&rsquo;Il\u00e9via ? \u00ab\u00a0Pour les jeunes actifs, l&#8217;employeur finance 50% \u00e0 75% de leur abonnement. Les \u00e9tudiants [hors p\u00e9riode de stage et d&rsquo;alternance, ndlr] assument seuls le co\u00fbt plein de leur titre de transports.\u00a0\u00bb\u00a0<\/p>\n<p>On vous fait un calcul rapide pour que vous ayez une id\u00e9e de la diff\u00e9rence entre les deux cat\u00e9gories :\u00a0<\/p>\n<ul>&#13;<\/p>\n<li>56,50\u20ac moins 50% pay\u00e9s par l&#8217;employeur = 28,25\u20ac<\/li>\n<p>&#13;<\/p>\n<li>56,50\u20ac moins 75% pay\u00e9s par l&#8217;employeur = 14,13\u20ac<\/li>\n<p>&#13;<\/p>\n<li>L&rsquo;abonnement \u00e9tudiant est \u00e0 27,50\u20ac (sans compter les r\u00e9ductions possibles li\u00e9es aux quotients familiaux)<\/li>\n<p>&#13;<\/ul>\n<p>Les bons plans pour diminuer les co\u00fbts<\/p>\n<p>On n&rsquo;a pas le pouvoir de mener des r\u00e9formes, mais on peut au moins vous filer quelques bons plans pour faire vos courses, vous meubler, vous cultiver, vous soigner, etc. Histoire de suer un peu moins \u00e0 la fin (ou au milieu) du mois en voyant votre compte en banque. Les voici :\u00a0<\/p>\n<p>On va vous en pr\u00e9parer de nouveaux sur d&rsquo;autres th\u00e9matiques, mais n&rsquo;h\u00e9sitez pas \u00e0 nous dire s&rsquo;il y a des bons plans que vous souhaitez qu&rsquo;on traite en particulier, en envoyant un mail \u00e0 vozernord@gmail.com. Et vous pouvez suivre notre actu, on vous partage r\u00e9guli\u00e8rement des \u00e9v\u00e9nements qui permettent de faire des emplettes moins ch\u00e8res.\u00a0<\/p>\n<p>*Pour en savoir plus sur la m\u00e9thodo, on vous laisse lire l&rsquo;\u00e9tude (le lien est dans les infos pratiques.)&#13;<\/p>\n","protected":false},"excerpt":{"rendered":"La note est sal\u00e9e. Le\u00a0Groupement des Associations Lilloises \u00c9tudiantes (GALIL\u00c9)\u00a0vient de sortir ce mercredi 3 septembre son \u00e9tude&hellip;\n","protected":false},"author":2,"featured_media":364030,"comment_status":"","ping_status":"","sticky":false,"template":"","format":"standard","meta":{"footnotes":""},"categories":[2815],"tags":[1111,11,1777,674,1011,27,811,1307,12,25],"class_list":{"0":"post-364029","1":"post","2":"type-post","3":"status-publish","4":"format-standard","5":"has-post-thumbnail","7":"category-lille","8":"tag-actu","9":"tag-actualites","10":"tag-eu","11":"tag-europe","12":"tag-fr","13":"tag-france","14":"tag-hauts-de-france","15":"tag-lille","16":"tag-news","17":"tag-republique-francaise"},"share_on_mastodon":{"url":"https:\/\/pubeurope.com\/@fr\/115142158728035387","error":""},"_links":{"self":[{"href":"https:\/\/www.europesays.com\/fr\/wp-json\/wp\/v2\/posts\/364029","targetHints":{"allow":["GET"]}}],"collection":[{"href":"https:\/\/www.europesays.com\/fr\/wp-json\/wp\/v2\/posts"}],"about":[{"href":"https:\/\/www.europesays.com\/fr\/wp-json\/wp\/v2\/types\/post"}],"author":[{"embeddable":true,"href":"https:\/\/www.europesays.com\/fr\/wp-json\/wp\/v2\/users\/2"}],"replies":[{"embeddable":true,"href":"https:\/\/www.europesays.com\/fr\/wp-json\/wp\/v2\/comments?post=364029"}],"version-history":[{"count":0,"href":"https:\/\/www.europesays.com\/fr\/wp-json\/wp\/v2\/posts\/364029\/revisions"}],"wp:featuredmedia":[{"embeddable":true,"href":"https:\/\/www.europesays.com\/fr\/wp-json\/wp\/v2\/media\/364030"}],"wp:attachment":[{"href":"https:\/\/www.europesays.com\/fr\/wp-json\/wp\/v2\/media?parent=364029"}],"wp:term":[{"taxonomy":"category","embeddable":true,"href":"https:\/\/www.europesays.com\/fr\/wp-json\/wp\/v2\/categories?post=364029"},{"taxonomy":"post_tag","embeddable":true,"href":"https:\/\/www.europesays.com\/fr\/wp-json\/wp\/v2\/tags?post=364029"}],"curies":[{"name":"wp","href":"https:\/\/api.w.org\/{rel}","templated":true}]}}