{"id":364031,"date":"2025-09-03T20:04:19","date_gmt":"2025-09-03T20:04:19","guid":{"rendered":"https:\/\/www.europesays.com\/fr\/364031\/"},"modified":"2025-09-03T20:04:19","modified_gmt":"2025-09-03T20:04:19","slug":"lille-ces-nouveaux-bancs-sont-fabriques-en-coquilles-de-moules-de-la-braderie","status":"publish","type":"post","link":"https:\/\/www.europesays.com\/fr\/364031\/","title":{"rendered":"Lille. Ces nouveaux bancs sont fabriqu\u00e9s en&#8230; coquilles de moules de la Braderie\u00a0!"},"content":{"rendered":"<p>            Par<br \/>\n        <strong><br \/>\n            <a href=\"https:\/\/actu.fr\/auteur\/nicolas-demollien\" title=\"Consulter tous les articles de Nicolas Demollien\" target=\"_blank\" rel=\"noopener\">Nicolas Demollien<\/a><br \/>\n        <\/strong><\/p>\n<p>        Publi\u00e9 le<\/p>\n<p>            3 sept. 2025 \u00e0 18h30        <\/p>\n<p>C\u2019est un bel exemple de <b>recyclage des d\u00e9chets <\/b>et tout un symbole. \u00c0 quelques heures de la <a href=\"https:\/\/actu.fr\/tag\/braderie-de-lille\" target=\"_blank\" rel=\"noopener\">Braderie de Lille<\/a> (Nord) ces samedi 6 et dimanche 7 septembre 2025, la Ville vient d\u2019<b>installer de nouveaux bancs<\/b> fabriqu\u00e9s \u00e0 partir de <b>coquilles de moules<\/b> ! Des coquilles <b>issues des c\u00e9l\u00e8bres tas de moules de la Braderie<\/b>. Au-del\u00e0 du symbole, le mat\u00e9riau a bien d\u2019autres avantages.\u00a0<\/p>\n<p>Des coquilles de moules de la Braderie pour fabriquer les bancs de Lille<\/p>\n<p class=\" wall-content\">Plusieurs ont ainsi \u00e9t\u00e9 install\u00e9s ce mercredi 3 septembre 2025 dans le <b>square tout pr\u00e8s de l\u2019h\u00f4tel de ville<\/b>. \u00ab\u00a0Cela fait plusieurs ann\u00e9es que l\u2019on cherchait des d\u00e9bouch\u00e9s pour les coquilles de moules de la Braderie. Il y a eu du carrelage, des vasques\u2026 Et nous sommes finalement partis il y a deux ans sur des bancs\u00a0\u00bb, r\u00e9v\u00e8le Julien Pilette, adjoint au maire en charge de l\u2019\u00e9conomie circulaire.<\/p>\n<p class=\" wall-content\">C\u2019est l\u2019<b>entreprise lilloise Etnisi<\/b>, sp\u00e9cialis\u00e9e dans la revalorisation et le recyclage des mati\u00e8res usag\u00e9es locales qui est \u00e0 la conception de ces bancs.<\/p>\n<p class=\" wall-content\">\u00ab\u00a0C\u2019est deux ans de travail pour arriver \u00e0 un r\u00e9sultat abouti et une solution fiable. Les lames des bancs sont de deux m\u00e8tres, dans une mati\u00e8re compos\u00e9e de <b>55% de coquilles de moules et 35% de deux autres d\u00e9chets<\/b> de la m\u00e9tropole de Lille : des billes calcaires et poussi\u00e8res de verre. Le compl\u00e9ment est un liant\u00a0\u00bb, d\u00e9taille Esp\u00e9rance Fenzy, fondateur de l\u2019entreprise.<\/p>\n<p class=\" wall-content\">Le tout donne un banc de couleur gris fonc\u00e9 (mais d\u2019autres couleurs existent), qui ne choque pas dans le paysage. Mieux, cette mati\u00e8re nouvelle a des vertus insoup\u00e7onn\u00e9es qui la rendent particuli\u00e8rement int\u00e9ressante dans ce cas pr\u00e9cis.<\/p>\n<p>Les vertus de ces bancs\u00a0<\/p>\n<p class=\" wall-content\">\u00ab\u00a0Prendre des coquilles de moules pour en faire une \u0153uvre d\u2019art c\u2019est sympa \u00e9videmment. Mais la r\u00e9flexion que nous avons men\u00e9e ne s\u2019arr\u00eate pas du tout l\u00e0\u00a0\u00bb, sourit Julien Pilette. La <b>question de la durabilit\u00e9<\/b> a \u00e9t\u00e9 particuli\u00e8rement \u00e9tudi\u00e9e et la r\u00e9ponse donn\u00e9e s\u2019av\u00e8re tr\u00e8s positive.\u00a0<\/p>\n<p>Votre r\u00e9gion, votre actu !<\/p>\n<p>Recevez chaque jour les infos qui comptent pour vous.<\/p>\n<p>\t<a href=\"https:\/\/actu.fr\/newsletter\" class=\"ac-btn ac-btn--corner ac-btn--medium ac-btn--blue800\" target=\"_blank\" rel=\"noopener\">S&rsquo;incrire<\/a><\/p>\n<p class=\" wall-content\">\u00ab\u00a0Quand un banc en bois demande pas mal d\u2019entretien et peut \u00eatre tagu\u00e9 ou grav\u00e9, les bancs de cette mati\u00e8re s\u2019av\u00e8rent tr\u00e8s int\u00e9ressants\u00a0\u00bb, encha\u00eene l\u2019\u00e9lu.<\/p>\n<p class=\" wall-content\">Pour ce qui est des tags, ils se nettoient tr\u00e8s facilement avec les produits utilis\u00e9s actuellement par les services de la Ville. \u00ab\u00a0La mati\u00e8re ne se colore pas et ne reste pas dans le banc\u00a0\u00bb, souligne encore l\u2019adjoint.<\/p>\n<p class=\" wall-content\">Quant aux \u00e9ventuelles gravures que subiraient les bancs, elles sont facilement effac\u00e9es avec un <b>simple grattage au papier de verre<\/b>.<\/p>\n<p class=\" wall-content\">Seul d\u00e9faut notable tout de m\u00eame : leur poids est plus lourd qu\u2019un banc en bois et cela <b>n\u00e9cessite l\u2019utilisation d\u2019un camion-grue lors de l\u2019installation<\/b>.\u00a0<\/p>\n<blockquote class=\"tiktok-embed\" cite=\"https:\/\/www.tiktok.com\/@lilleactu\/video\/7545834069406256406\" data-video-id=\"7545834069406256406\" data-embed-from=\"oembed\" style=\"max-width:605px; min-width:325px;\"><p>\n<a target=\"_blank\" title=\"@lilleactu\" href=\"https:\/\/www.tiktok.com\/@lilleactu?refer=embed\" rel=\"noopener\">@lilleactu<\/a> <\/p>\n<p>\u00c0 Lille, des bancs fabriqu\u00e9s avec les coquilles de moules de la <a title=\"braderie\" target=\"_blank\" href=\"https:\/\/www.tiktok.com\/tag\/braderie?refer=embed\" rel=\"noopener\">#braderie<\/a> sont install\u00e9s en ville !<\/p>\n<p> <a target=\"_blank\" title=\"\u266c Rockin - Chris Alan Lee\" href=\"https:\/\/www.tiktok.com\/music\/Rockin-6777263935914510337?refer=embed\" rel=\"noopener\">\u266c Rockin \u2013 Chris Alan Lee<\/a> <\/p>\n<\/blockquote>\n<p>Vers l\u2019installation d\u2019autres bancs ?<\/p>\n<p class=\" wall-content\">Autant dire qu\u2019autant d\u2019avantages poussent la Ville \u00e0 en installer d\u2019autres aux quatre coins de son territoire. Mais de fa\u00e7on raisonn\u00e9e, toujours selon Julien Pilette : \u00ab\u00a0Cela se fera <b>au fil des besoins de remplacement<\/b>, lorsque cela sera n\u00e9cessaire\u00a0\u00bb. Et d\u2019indiquer que \u00ab\u00a0la plaine Winston Churchill pourrait \u00eatre la prochaine \u00e9tape\u00a0\u00bb.<\/p>\n<p class=\" wall-content\">Sur chaque banc, une <b>petite plaque indique le mill\u00e9sime des moules utilis\u00e9es pour la fabrication des bancs<\/b>. Ici il s\u2019agit de l\u2019\u00e9dition 2024 de la Braderie.<\/p>\n<p>    <img   decoding=\"async\" loading=\"lazy\" class=\"size-large\" src=\"https:\/\/www.europesays.com\/fr\/wp-content\/uploads\/2025\/09\/f1ecca1148b8636ecca1148b87aeccv-960x640.jpeg\" alt=\"Une petite plaque est install\u00e9e sur chaque banc fabriqu\u00e9 avec des coquilles de moules.\" width=\"960\" height=\"640\"\/><br \/>\n    Une petite plaque est install\u00e9e sur chaque banc fabriqu\u00e9 avec des coquilles de moules. \u00a9Nicolas DEMOLLIEN<\/p>\n<p class=\" wall-content\">\u00ab\u00a0On esp\u00e8re en avoir beaucoup d\u2019autres et comme cela on saura avec quelle mill\u00e9sime de braderie ils ont \u00e9t\u00e9 confectionn\u00e9s\u00a0\u00bb, conclut l\u2019\u00e9lu.<\/p>\n<p class=\" wall-content\">Personnalisez votre actualit\u00e9 en ajoutant vos villes et m\u00e9dias en favori avec <a href=\"https:\/\/moncompte.actu.fr\" title=\"D\u00e9couvez Mon Actu\" rel=\"nofollow noopener\" data-trk=\"{&quot;cta&quot;:{&quot;action&quot;:&quot;https:\\\/\\\/moncompte.actu.fr&quot;,&quot;category&quot;:&quot;mon compte&quot;,&quot;from&quot;:&quot;article footer&quot;,&quot;name&quot;:&quot;Mon actu&quot;,&quot;type&quot;:&quot;cta&quot;}}\" target=\"_blank\">Mon Actu<\/a>.<\/p>\n<p>                    <script async src=\"\/\/www.tiktok.com\/embed.js\"><\/script><\/p>\n","protected":false},"excerpt":{"rendered":"Par Nicolas Demollien Publi\u00e9 le 3 sept. 2025 \u00e0 18h30 C\u2019est un bel exemple de recyclage des d\u00e9chets&hellip;\n","protected":false},"author":2,"featured_media":364032,"comment_status":"","ping_status":"","sticky":false,"template":"","format":"standard","meta":{"footnotes":""},"categories":[2815],"tags":[1111,11,18703,3008,1777,674,1011,27,811,1307,12,25,104],"class_list":{"0":"post-364031","1":"post","2":"type-post","3":"status-publish","4":"format-standard","5":"has-post-thumbnail","7":"category-lille","8":"tag-actu","9":"tag-actualites","10":"tag-braderie-de-lille","11":"tag-dechets","12":"tag-eu","13":"tag-europe","14":"tag-fr","15":"tag-france","16":"tag-hauts-de-france","17":"tag-lille","18":"tag-news","19":"tag-republique-francaise","20":"tag-societe"},"share_on_mastodon":{"url":"https:\/\/pubeurope.com\/@fr\/115142162260773317","error":""},"_links":{"self":[{"href":"https:\/\/www.europesays.com\/fr\/wp-json\/wp\/v2\/posts\/364031","targetHints":{"allow":["GET"]}}],"collection":[{"href":"https:\/\/www.europesays.com\/fr\/wp-json\/wp\/v2\/posts"}],"about":[{"href":"https:\/\/www.europesays.com\/fr\/wp-json\/wp\/v2\/types\/post"}],"author":[{"embeddable":true,"href":"https:\/\/www.europesays.com\/fr\/wp-json\/wp\/v2\/users\/2"}],"replies":[{"embeddable":true,"href":"https:\/\/www.europesays.com\/fr\/wp-json\/wp\/v2\/comments?post=364031"}],"version-history":[{"count":0,"href":"https:\/\/www.europesays.com\/fr\/wp-json\/wp\/v2\/posts\/364031\/revisions"}],"wp:featuredmedia":[{"embeddable":true,"href":"https:\/\/www.europesays.com\/fr\/wp-json\/wp\/v2\/media\/364032"}],"wp:attachment":[{"href":"https:\/\/www.europesays.com\/fr\/wp-json\/wp\/v2\/media?parent=364031"}],"wp:term":[{"taxonomy":"category","embeddable":true,"href":"https:\/\/www.europesays.com\/fr\/wp-json\/wp\/v2\/categories?post=364031"},{"taxonomy":"post_tag","embeddable":true,"href":"https:\/\/www.europesays.com\/fr\/wp-json\/wp\/v2\/tags?post=364031"}],"curies":[{"name":"wp","href":"https:\/\/api.w.org\/{rel}","templated":true}]}}