{"id":364037,"date":"2025-09-03T20:07:10","date_gmt":"2025-09-03T20:07:10","guid":{"rendered":"https:\/\/www.europesays.com\/fr\/364037\/"},"modified":"2025-09-03T20:07:10","modified_gmt":"2025-09-03T20:07:10","slug":"la-coquille-qui-fait-tache","status":"publish","type":"post","link":"https:\/\/www.europesays.com\/fr\/364037\/","title":{"rendered":"la coquille qui fait tache"},"content":{"rendered":"<p>La faute a heurt\u00e9 l&rsquo;\u0153il de nos lecteurs avis\u00e9s. Ce mercredi soir, la ville de Lyon <a href=\"https:\/\/www.leprogres.fr\/defense-guerre-conflit\/2024\/09\/03\/liberation-de-1944-une-commemoration-solennelle-et-festive-dans-les-rues-de-lyon\" target=\"_blank\" rel=\"noopener\">comm\u00e9more sa Lib\u00e9ration<\/a> lors d&rsquo;une traditionnelle c\u00e9r\u00e9monie r\u00e9unissant place Bellecour les autorit\u00e9s et corps constitu\u00e9s. Un panneau accompagne l&rsquo;\u00e9v\u00e9nement pour informer le public devant les barri\u00e8res. Mais une vilaine coquille s&rsquo;est gliss\u00e9e dans le texte.<\/p>\n<p>Non, Lyon n&rsquo;a pas \u00e9t\u00e9 lib\u00e9r\u00e9e en 1945 comme indiqu\u00e9 par erreur. Mais bien\u00a0<a href=\"https:\/\/www.leprogres.fr\/societe\/2024\/08\/27\/le-3-septembre-1944-ces-combattants-qui-viennent-liberer-la-ville-de-lyon\" target=\"_blank\" rel=\"noopener\">en 1944<\/a> ! Et on c\u00e9l\u00e8bre bien le 81e anniversaire de l&rsquo;\u00e9v\u00e9nement ce 3 septembre.<\/p>\n<p>\u00ab C&rsquo;est une erreur de la direction de la communication externe. Les services s&rsquo;en sont rendu compte au moment de leur installation. Les panneaux ont \u00e9t\u00e9 retir\u00e9s tout de suite\u00a0\u00bb, indique la mairie, sollicit\u00e9e par Le Progr\u00e8s.<\/p>\n","protected":false},"excerpt":{"rendered":"La faute a heurt\u00e9 l&rsquo;\u0153il de nos lecteurs avis\u00e9s. Ce mercredi soir, la ville de Lyon comm\u00e9more sa&hellip;\n","protected":false},"author":2,"featured_media":364038,"comment_status":"","ping_status":"","sticky":false,"template":"","format":"standard","meta":{"footnotes":""},"categories":[1889],"tags":[1111,11,2430,2757,1777,674,3326,1011,27,937,2428,12,25,2429,801,104],"class_list":{"0":"post-364037","1":"post","2":"type-post","3":"status-publish","4":"format-standard","5":"has-post-thumbnail","7":"category-lyon","8":"tag-actu","9":"tag-actualites","10":"tag-auvergne-rhone-alpes","11":"tag-edition-lyon-villeurbanne","12":"tag-eu","13":"tag-europe","14":"tag-fete-locale","15":"tag-fr","16":"tag-france","17":"tag-histoire","18":"tag-lyon","19":"tag-news","20":"tag-republique-francaise","21":"tag-rhone","22":"tag-social","23":"tag-societe"},"share_on_mastodon":{"url":"https:\/\/pubeurope.com\/@fr\/115142173905468938","error":""},"_links":{"self":[{"href":"https:\/\/www.europesays.com\/fr\/wp-json\/wp\/v2\/posts\/364037","targetHints":{"allow":["GET"]}}],"collection":[{"href":"https:\/\/www.europesays.com\/fr\/wp-json\/wp\/v2\/posts"}],"about":[{"href":"https:\/\/www.europesays.com\/fr\/wp-json\/wp\/v2\/types\/post"}],"author":[{"embeddable":true,"href":"https:\/\/www.europesays.com\/fr\/wp-json\/wp\/v2\/users\/2"}],"replies":[{"embeddable":true,"href":"https:\/\/www.europesays.com\/fr\/wp-json\/wp\/v2\/comments?post=364037"}],"version-history":[{"count":0,"href":"https:\/\/www.europesays.com\/fr\/wp-json\/wp\/v2\/posts\/364037\/revisions"}],"wp:featuredmedia":[{"embeddable":true,"href":"https:\/\/www.europesays.com\/fr\/wp-json\/wp\/v2\/media\/364038"}],"wp:attachment":[{"href":"https:\/\/www.europesays.com\/fr\/wp-json\/wp\/v2\/media?parent=364037"}],"wp:term":[{"taxonomy":"category","embeddable":true,"href":"https:\/\/www.europesays.com\/fr\/wp-json\/wp\/v2\/categories?post=364037"},{"taxonomy":"post_tag","embeddable":true,"href":"https:\/\/www.europesays.com\/fr\/wp-json\/wp\/v2\/tags?post=364037"}],"curies":[{"name":"wp","href":"https:\/\/api.w.org\/{rel}","templated":true}]}}