{"id":364039,"date":"2025-09-03T20:08:09","date_gmt":"2025-09-03T20:08:09","guid":{"rendered":"https:\/\/www.europesays.com\/fr\/364039\/"},"modified":"2025-09-03T20:08:09","modified_gmt":"2025-09-03T20:08:09","slug":"egan-riley-suspendu-un-match-apres-son-exclusion-a-lyon-mais-disponible-pour-affronter-le-psg","status":"publish","type":"post","link":"https:\/\/www.europesays.com\/fr\/364039\/","title":{"rendered":"Egan-Riley suspendu un match apr\u00e8s son exclusion \u00e0 Lyon mais disponible pour affronter le PSG"},"content":{"rendered":"<p>Pour son bapt\u00eame avec la commission de discipline de la Ligue de football professionnel (LFP), Conrad-Jaden Egan-Riley (22\u00a0ans) n\u2019a pas forc\u00e9ment eu droit \u00e0 la cl\u00e9mence de l\u2019institution. <a href=\"https:\/\/www.laprovence.com\/article\/om\/12365056673022\/lyon-om-1-0-egan-riley-exclu-balerdi-buteur-contre-son-camp-la-defense-indefendable\" target=\"_blank\" rel=\"noopener\">Exclu \u00e0 la demi-heure de jeu au Groupama Stadium<\/a>, \u00e0 la suite d\u2019un tacle en retard (mais pas dangereux) sur Malick Fofana, qui filait droit au but, l\u2019ancien d\u00e9fenseur de Burnley a vu, sans surprise, sa suspension automatique confirm\u00e9e.<\/p>\n<p>Un match avec sursis en prime<\/p>\n<p>Apr\u00e8s avoir encha\u00een\u00e9 trois titularisations lors des trois premi\u00e8res journ\u00e9es de Ligue 1, Egan-Riley manquera donc la r\u00e9ception de Lorient, le vendredi 12\u00a0septembre. Il sera par contre disponible pour le Clasico, toujours au boulevard Michelet, programm\u00e9 le week-end suivant. Plus surprenant, la commission de discipline a d\u00e9cid\u00e9 d\u2019ajouter un match de suspension, avec sursis, \u00e0 la sanction de l\u2019Anglais.<\/p>\n<p>En son absence, Roberto De Zerbi pourra d\u00e9sormais compter sur les r\u00e9centes recrues venues \u00e9toffer le secteur d\u00e9fensif, Benjamin Pavard et <a href=\"https:\/\/www.laprovence.com\/article\/om\/1041737390766214\/mercato-om-nayef-aguerd-a-son-tour-officialise\" target=\"_blank\" rel=\"noopener\">Nayef Aguerd<\/a>.<\/p>\n","protected":false},"excerpt":{"rendered":"Pour son bapt\u00eame avec la commission de discipline de la Ligue de football professionnel (LFP), Conrad-Jaden Egan-Riley (22\u00a0ans)&hellip;\n","protected":false},"author":2,"featured_media":364040,"comment_status":"","ping_status":"","sticky":false,"template":"","format":"standard","meta":{"footnotes":""},"categories":[1889],"tags":[17,1111,11,150,2430,30700,1777,674,49863,1011,27,2428,955,12,149,25,3711,20719],"class_list":{"0":"post-364039","1":"post","2":"type-post","3":"status-publish","4":"format-standard","5":"has-post-thumbnail","7":"category-lyon","8":"tag-17","9":"tag-actu","10":"tag-actualites","11":"tag-apres","12":"tag-auvergne-rhone-alpes","13":"tag-egan-riley","14":"tag-eu","15":"tag-europe","16":"tag-exclusion","17":"tag-fr","18":"tag-france","19":"tag-lyon","20":"tag-match","21":"tag-news","22":"tag-om","23":"tag-republique-francaise","24":"tag-son","25":"tag-suspendu"},"share_on_mastodon":{"url":"https:\/\/pubeurope.com\/@fr\/115142177746954896","error":""},"_links":{"self":[{"href":"https:\/\/www.europesays.com\/fr\/wp-json\/wp\/v2\/posts\/364039","targetHints":{"allow":["GET"]}}],"collection":[{"href":"https:\/\/www.europesays.com\/fr\/wp-json\/wp\/v2\/posts"}],"about":[{"href":"https:\/\/www.europesays.com\/fr\/wp-json\/wp\/v2\/types\/post"}],"author":[{"embeddable":true,"href":"https:\/\/www.europesays.com\/fr\/wp-json\/wp\/v2\/users\/2"}],"replies":[{"embeddable":true,"href":"https:\/\/www.europesays.com\/fr\/wp-json\/wp\/v2\/comments?post=364039"}],"version-history":[{"count":0,"href":"https:\/\/www.europesays.com\/fr\/wp-json\/wp\/v2\/posts\/364039\/revisions"}],"wp:featuredmedia":[{"embeddable":true,"href":"https:\/\/www.europesays.com\/fr\/wp-json\/wp\/v2\/media\/364040"}],"wp:attachment":[{"href":"https:\/\/www.europesays.com\/fr\/wp-json\/wp\/v2\/media?parent=364039"}],"wp:term":[{"taxonomy":"category","embeddable":true,"href":"https:\/\/www.europesays.com\/fr\/wp-json\/wp\/v2\/categories?post=364039"},{"taxonomy":"post_tag","embeddable":true,"href":"https:\/\/www.europesays.com\/fr\/wp-json\/wp\/v2\/tags?post=364039"}],"curies":[{"name":"wp","href":"https:\/\/api.w.org\/{rel}","templated":true}]}}