{"id":364049,"date":"2025-09-03T20:14:20","date_gmt":"2025-09-03T20:14:20","guid":{"rendered":"https:\/\/www.europesays.com\/fr\/364049\/"},"modified":"2025-09-03T20:14:20","modified_gmt":"2025-09-03T20:14:20","slug":"date-de-mise-en-vente-des-billets-et-prix-annonces-2","status":"publish","type":"post","link":"https:\/\/www.europesays.com\/fr\/364049\/","title":{"rendered":"Date de mise en vente des billets et prix annonc\u00e9s"},"content":{"rendered":"<p class=\"mb-4 text-lg md:leading-8 break-words\"><strong>\u00c9V\u00c9VEMENT &#8211; Le chanteur britannique annonce une tourn\u00e9e surprise dans le cadre de la sortie de son album \u00ab Play \u00bb. Il sera de passage dans la Ville Lumi\u00e8re le 1er d\u00e9cembre prochain. Voici quand obtenir vos places<\/strong><\/p>\n<p class=\"mb-4 text-lg md:leading-8 break-words\">Il a pris tout le monde par surprise. Ce mercredi 3 septembre, Ed Sheeran a \u00e9gay\u00e9 la rentr\u00e9e de ses fans fran\u00e7ais en annon\u00e7ant une tourn\u00e9e surprise \u00ab des petites salles \u00bb, dont le premier concert sera \u00e0 Paris. Alors que son prochain album, \u00ab Play \u00bb sortira le 12 septembre prochain, la star britannique sera de retour dans la Ville Lumi\u00e8re avec un concert au Z\u00e9nith de la Villette (6000 places) le lundi 1er d\u00e9cembre prochain.<\/p>\n<p>La pr\u00e9vente le 9 septembre, la vente deux jours plus tard<\/p>\n<p class=\"mb-4 text-lg md:leading-8 break-words\">M\u00eame si la vente des billets pour assister au concert d\u2019Ed Sheeran \u00e0 Paris n\u2019est pr\u00e9vue que le jeudi 11 septembre \u00e0 11 heures, une pr\u00e9vente sera organis\u00e9e d\u00e8s le mardi 9 septembre \u00e0 11 heures pour ceux qui ont achet\u00e9 son album.<\/p>\n<p><a href=\"https:\/\/www.ticketmaster.fr\/fr\/manifestation\/ed-sheeran-billet\/idmanif\/634310\" rel=\"nofollow noopener\" target=\"_blank\" data-ylk=\"slk:Achetez vos places pour aller voir Ed Sheeran au Z\u00e9nith de la Villette;elm:context_link;itc:0;sec:content-canvas\" class=\"link \">Achetez vos places pour aller voir Ed Sheeran au Z\u00e9nith de la Villette<\/a><\/p>\n<p class=\"mb-4 text-lg md:leading-8 break-words\">Pour ceux qui sont int\u00e9ress\u00e9s, prenez en compte que le concert aura lieu un lundi soir. Sur les r\u00e9seaux sociaux, cette d\u00e9cision a d\u2019ailleurs chagrin\u00e9 certains fans.<\/p>\n<p>Play, son nouvel album, sortira le 12 septembre<\/p>\n<p class=\"mb-4 text-lg md:leading-8 break-words\">Apr\u00e8s Paris, Ed Sheeran mettra le cap sur <a href=\"https:\/\/www.20minutes.fr\/dossier\/munich?at_medium=RSS%20feed&amp;at_campaign=ynews&amp;utm_source=yahoo&amp;utm_medium=rss&amp;utm_campaign=news_feed&amp;utm_content=in_article_link\" rel=\"nofollow noopener\" target=\"_blank\" data-ylk=\"slk:Munich;elm:context_link;itc:0;sec:content-canvas\" class=\"link \">Munich<\/a> (<a href=\"https:\/\/www.20minutes.fr\/dossier\/allemagne?at_medium=RSS%20feed&amp;at_campaign=ynews&amp;utm_source=yahoo&amp;utm_medium=rss&amp;utm_campaign=news_feed&amp;utm_content=in_article_link\" rel=\"nofollow noopener\" target=\"_blank\" data-ylk=\"slk:Allemagne;elm:context_link;itc:0;sec:content-canvas\" class=\"link \">Allemagne<\/a>), Coventry (Angleterre), <a href=\"https:\/\/www.20minutes.fr\/dossier\/manchester?at_medium=RSS%20feed&amp;at_campaign=ynews&amp;utm_source=yahoo&amp;utm_medium=rss&amp;utm_campaign=news_feed&amp;utm_content=in_article_link\" rel=\"nofollow noopener\" target=\"_blank\" data-ylk=\"slk:Manchester;elm:context_link;itc:0;sec:content-canvas\" class=\"link \">Manchester<\/a> (<a href=\"https:\/\/www.20minutes.fr\/dossier\/angleterre?at_medium=RSS%20feed&amp;at_campaign=ynews&amp;utm_source=yahoo&amp;utm_medium=rss&amp;utm_campaign=news_feed&amp;utm_content=in_article_link\" rel=\"nofollow noopener\" target=\"_blank\" data-ylk=\"slk:Angleterre;elm:context_link;itc:0;sec:content-canvas\" class=\"link \">Angleterre<\/a>) et <a href=\"https:\/\/www.20minutes.fr\/dossier\/dublin?at_medium=RSS%20feed&amp;at_campaign=ynews&amp;utm_source=yahoo&amp;utm_medium=rss&amp;utm_campaign=news_feed&amp;utm_content=in_article_link\" rel=\"nofollow noopener\" target=\"_blank\" data-ylk=\"slk:Dublin;elm:context_link;itc:0;sec:content-canvas\" class=\"link \">Dublin<\/a> (<a href=\"https:\/\/www.20minutes.fr\/dossier\/irlande?at_medium=RSS%20feed&amp;at_campaign=ynews&amp;utm_source=yahoo&amp;utm_medium=rss&amp;utm_campaign=news_feed&amp;utm_content=in_article_link\" rel=\"nofollow noopener\" target=\"_blank\" data-ylk=\"slk:Irlande;elm:context_link;itc:0;sec:content-canvas\" class=\"link \">Irlande<\/a>). Cette tourn\u00e9e de cinq dates exceptionnelles permettra aux fans de d\u00e9couvrir les nouvelles chansons de l\u2019album du chanteur du Yorkshire interpr\u00e9t\u00e9es sur sc\u00e8ne.<\/p>\n<p class=\"mb-4 text-lg md:leading-8 break-words\">La derni\u00e8re fois que le Britannique \u00e9tait venu dans la capitale, c\u2019\u00e9tait lors de sa tourn\u00e9e de 2023. Cette ann\u00e9e en juin, il s\u2019est produit sur sc\u00e8ne \u00e0 Marseille, durant deux concerts. Il a notamment chant\u00e9 son tube \u00ab Saphhire \u00bb avec la star locale, Soprano. Le stade Pierre-Mauroy,(&#8230;)<\/p>\n<p class=\"mb-4 text-lg md:leading-8 break-words\"><a href=\"https:\/\/www.20minutes.fr\/tempo\/4171015-20250903-ed-sheeran-concert-paris-date-mise-vente-billets-prix-annonces?at_medium=RSS%20feed&amp;at_campaign=ynews&amp;utm_source=yahoo&amp;utm_medium=rss&amp;utm_campaign=news_feed&amp;utm_content=read_more_link&quot;\" rel=\"nofollow noopener\" target=\"_blank\" data-ylk=\"slk:Lire la suite sur 20minutes;elm:context_link;itc:0;sec:content-canvas\" class=\"link \">Lire la suite sur 20minutes<\/a><\/p>\n<p>\u00c0 lire aussi :<br \/><a href=\"https:\/\/www.20minutes.fr\/arts-stars\/people\/4164114-20250719-ed-sheeran-realise-reve-chanter-titre-particulier-james-blunt-scene?at_medium=RSS%20feed&amp;at_campaign=ynews&amp;utm_source=yahoo&amp;utm_medium=rss&amp;utm_campaign=news_feed&amp;utm_content=related_content_link\" rel=\"nofollow noopener\" target=\"_blank\" data-ylk=\"slk:Ed Sheeran r\u00e9alise son r\u00eave de chanter un titre en particulier avec James Blunt sur sc\u00e8ne;elm:context_link;itc:0;sec:content-canvas\" class=\"link \">Ed Sheeran r\u00e9alise son r\u00eave de chanter un titre en particulier avec James Blunt sur sc\u00e8ne<\/a><br \/><a href=\"https:\/\/www.20minutes.fr\/arts-stars\/people\/4167194-20250810-passage-irlande-ed-sheeran-arrete-pub-donne-concert-impromptu?at_medium=RSS%20feed&amp;at_campaign=ynews&amp;utm_source=yahoo&amp;utm_medium=rss&amp;utm_campaign=news_feed&amp;utm_content=related_content_link\" rel=\"nofollow noopener\" target=\"_blank\" data-ylk=\"slk:De passage en Irlande, Ed Sheeran s\u2019arr\u00eate au pub et donne un concert impromptu;elm:context_link;itc:0;sec:content-canvas\" class=\"link \">De passage en Irlande, Ed Sheeran s\u2019arr\u00eate au pub et donne un concert impromptu<\/a><\/p>\n","protected":false},"excerpt":{"rendered":"\u00c9V\u00c9VEMENT &#8211; Le chanteur britannique annonce une tourn\u00e9e surprise dans le cadre de la sortie de son album&hellip;\n","protected":false},"author":2,"featured_media":364050,"comment_status":"","ping_status":"","sticky":false,"template":"","format":"standard","meta":{"footnotes":""},"categories":[1888],"tags":[49870,11,9472,1777,674,1011,27,12,626,25],"class_list":{"0":"post-364049","1":"post","2":"type-post","3":"status-publish","4":"format-standard","5":"has-post-thumbnail","7":"category-paris","8":"tag-12-septembre","9":"tag-actualites","10":"tag-ed-sheeran","11":"tag-eu","12":"tag-europe","13":"tag-fr","14":"tag-france","15":"tag-news","16":"tag-paris","17":"tag-republique-francaise"},"share_on_mastodon":{"url":"https:\/\/pubeurope.com\/@fr\/115142201456767793","error":""},"_links":{"self":[{"href":"https:\/\/www.europesays.com\/fr\/wp-json\/wp\/v2\/posts\/364049","targetHints":{"allow":["GET"]}}],"collection":[{"href":"https:\/\/www.europesays.com\/fr\/wp-json\/wp\/v2\/posts"}],"about":[{"href":"https:\/\/www.europesays.com\/fr\/wp-json\/wp\/v2\/types\/post"}],"author":[{"embeddable":true,"href":"https:\/\/www.europesays.com\/fr\/wp-json\/wp\/v2\/users\/2"}],"replies":[{"embeddable":true,"href":"https:\/\/www.europesays.com\/fr\/wp-json\/wp\/v2\/comments?post=364049"}],"version-history":[{"count":0,"href":"https:\/\/www.europesays.com\/fr\/wp-json\/wp\/v2\/posts\/364049\/revisions"}],"wp:featuredmedia":[{"embeddable":true,"href":"https:\/\/www.europesays.com\/fr\/wp-json\/wp\/v2\/media\/364050"}],"wp:attachment":[{"href":"https:\/\/www.europesays.com\/fr\/wp-json\/wp\/v2\/media?parent=364049"}],"wp:term":[{"taxonomy":"category","embeddable":true,"href":"https:\/\/www.europesays.com\/fr\/wp-json\/wp\/v2\/categories?post=364049"},{"taxonomy":"post_tag","embeddable":true,"href":"https:\/\/www.europesays.com\/fr\/wp-json\/wp\/v2\/tags?post=364049"}],"curies":[{"name":"wp","href":"https:\/\/api.w.org\/{rel}","templated":true}]}}