{"id":364051,"date":"2025-09-03T20:15:11","date_gmt":"2025-09-03T20:15:11","guid":{"rendered":"https:\/\/www.europesays.com\/fr\/364051\/"},"modified":"2025-09-03T20:15:11","modified_gmt":"2025-09-03T20:15:11","slug":"trump-affirme-quil-se-passera-quelque-chose-si-poutine-ne-repond-pas-a-ses-attentes-2","status":"publish","type":"post","link":"https:\/\/www.europesays.com\/fr\/364051\/","title":{"rendered":"Trump affirme qu\u2019il \u00ab se passera quelque chose \u00bb si Poutine ne r\u00e9pond pas \u00e0 ses attentes"},"content":{"rendered":"<p class=\"paragraph text_align_left lp-f-body-02\">Donald Trump a dit mercredi, lors d\u2019un \u00e9change avec la presse depuis la Maison Blanche, qu\u2019il \u00ab se passerait quelque chose \u00bb si le pr\u00e9sident russe Vladimir Poutine ne r\u00e9pondait pas \u00e0 ses attentes sur l\u2019<a href=\"https:\/\/www.leparisien.fr\/international\/ukraine\/\" target=\"_blank\" rel=\"noreferrer nofollow noopener\">Ukraine<\/a>.<\/p>\n<p class=\"paragraph text_align_left lp-f-body-02\">\u00ab Il sait quelle est ma position. (&#8230;) Selon la d\u00e9cision qu\u2019il prendra, je serai soit content soit m\u00e9content et si nous ne sommes pas contents, il se passera quelque chose \u00bb, a encore dit le pr\u00e9sident am\u00e9ricain, dont les efforts de m\u00e9diation entre l\u2019Ukraine et la Russie <a href=\"https:\/\/www.leparisien.fr\/international\/ukraine\/poutine-veut-conclure-un-accord-pour-moi-donald-trump-et-le-mirage-dun-deal-en-ukraine-19-08-2025-FGHUZB7JSZF6DACLMH6SVU5VD4.php\" target=\"_blank\" rel=\"noreferrer nofollow noopener\">sont jusqu\u2019ici sans effet<\/a>. <\/p>\n<p class=\"paragraph text_align_left lp-f-body-02\">Par ailleurs, le pr\u00e9sident am\u00e9ricain va s\u2019entretenir avec Volodymyr Zelensky jeudi. C\u2019est ce qu\u2019a indiqu\u00e9 mercredi une haute responsable am\u00e9ricaine \u00e0 l\u2019AFP, clarifiant des propos tenus un peu auparavant par le pr\u00e9sident am\u00e9ricain.<\/p>\n<p>Trump pr\u00eat \u00e0 envoyer \u00ab plus \u00bb de militaires en Pologne<\/p>\n<p class=\"paragraph text_align_left lp-f-body-02\">\u00ab Je vais lui parler tr\u00e8s rapidement et je saurai plus ou moins ce que nous allons faire \u00bb, a dit Donald Trump en r\u00e9ponse \u00e0 une question d\u2019un journaliste de l\u2019AFP, alors qu\u2019il recevait le pr\u00e9sident polonais Karol Nawrocki dans le Bureau ovale. Une haute responsable de la Maison Blanche a ensuite pr\u00e9cis\u00e9 : \u00ab Le pr\u00e9sident Trump parlait de Zelensky. Ils se parleront demain. \u00bb<\/p>\n<p class=\"paragraph text_align_left lp-f-body-02\">Devant Karol Nawrocki, Donald Trump s\u2019est dit pr\u00eat \u00e0 d\u00e9ployer \u00ab plus \u00bb de militaires am\u00e9ricains dans le pays. \u00ab Nous n\u2019avons m\u00eame jamais pens\u00e9 retirer des militaires de Pologne (&#8230;) Nous aiderons la Pologne \u00e0 se prot\u00e9ger \u00bb, a encore dit le pr\u00e9sident am\u00e9ricain, assis aux c\u00f4t\u00e9s de son invit\u00e9 dans le Bureau ovale.<\/p>\n<p class=\"paragraph text_align_left lp-f-body-02\">\u00ab Aujourd\u2019hui, nous avons 10 000 soldats (am\u00e9ricains) et cela signale au monde et aussi \u00e0 la Russie que nous sommes ensemble \u00bb, a dit Karol Nawrocki. Il a soulign\u00e9 que la Pologne n\u2019\u00e9tait pas un \u00ab passager clandestin \u00bb dans l\u2019Otan, en mettant en avant le niveau de d\u00e9penses militaires du pays, dont il a promis qu\u2019elles atteindraient 5% du Produit int\u00e9rieur brut.<\/p>\n","protected":false},"excerpt":{"rendered":"Donald Trump a dit mercredi, lors d\u2019un \u00e9change avec la presse depuis la Maison Blanche, qu\u2019il \u00ab se&hellip;\n","protected":false},"author":2,"featured_media":364052,"comment_status":"","ping_status":"","sticky":false,"template":"","format":"standard","meta":{"footnotes":""},"categories":[1591],"tags":[11,1887,14,12,1885,1886,132,220],"class_list":{"0":"post-364051","1":"post","2":"type-post","3":"status-publish","4":"format-standard","5":"has-post-thumbnail","7":"category-russie","8":"tag-actualites","9":"tag-federation-de-russie","10":"tag-international","11":"tag-news","12":"tag-russia","13":"tag-russian-federation","14":"tag-russie","15":"tag-ukraine"},"share_on_mastodon":{"url":"https:\/\/pubeurope.com\/@fr\/115142205408162355","error":""},"_links":{"self":[{"href":"https:\/\/www.europesays.com\/fr\/wp-json\/wp\/v2\/posts\/364051","targetHints":{"allow":["GET"]}}],"collection":[{"href":"https:\/\/www.europesays.com\/fr\/wp-json\/wp\/v2\/posts"}],"about":[{"href":"https:\/\/www.europesays.com\/fr\/wp-json\/wp\/v2\/types\/post"}],"author":[{"embeddable":true,"href":"https:\/\/www.europesays.com\/fr\/wp-json\/wp\/v2\/users\/2"}],"replies":[{"embeddable":true,"href":"https:\/\/www.europesays.com\/fr\/wp-json\/wp\/v2\/comments?post=364051"}],"version-history":[{"count":0,"href":"https:\/\/www.europesays.com\/fr\/wp-json\/wp\/v2\/posts\/364051\/revisions"}],"wp:featuredmedia":[{"embeddable":true,"href":"https:\/\/www.europesays.com\/fr\/wp-json\/wp\/v2\/media\/364052"}],"wp:attachment":[{"href":"https:\/\/www.europesays.com\/fr\/wp-json\/wp\/v2\/media?parent=364051"}],"wp:term":[{"taxonomy":"category","embeddable":true,"href":"https:\/\/www.europesays.com\/fr\/wp-json\/wp\/v2\/categories?post=364051"},{"taxonomy":"post_tag","embeddable":true,"href":"https:\/\/www.europesays.com\/fr\/wp-json\/wp\/v2\/tags?post=364051"}],"curies":[{"name":"wp","href":"https:\/\/api.w.org\/{rel}","templated":true}]}}