{"id":364053,"date":"2025-09-03T20:16:11","date_gmt":"2025-09-03T20:16:11","guid":{"rendered":"https:\/\/www.europesays.com\/fr\/364053\/"},"modified":"2025-09-03T20:16:11","modified_gmt":"2025-09-03T20:16:11","slug":"quest-ce-que-skyshield-linitiative-pour-proteger-la-population-ukrainienne","status":"publish","type":"post","link":"https:\/\/www.europesays.com\/fr\/364053\/","title":{"rendered":"Qu&rsquo;est-ce que Skyshield, l&rsquo;initiative pour prot\u00e9ger la population ukrainienne ?"},"content":{"rendered":"<p class=\"article-p mdl\">Face aux r\u00e9centes frappes de drones et de missiles russes en Ukraine, une p\u00e9tition intitul\u00e9e \u00ab\u00a0Sauvons les civils des drones russes, fermons le ciel au-dessus de l\u2019Ukraine ! \u00ab\u00a0, circule depuis quelques jours.\u00a0<a class=\"link\" href=\"https:\/\/www.change.org\/p\/sauvons-les-civils-des-drones-russes-fermons-le-ciel-au-dessus-de-l-ukraine?redirect_reason=guest_user\" target=\"_blank\" rel=\"nofollow noopener\">Lanc\u00e9e par le collectif \u00ab\u00a0Skyshield France\u00a0\u00bb<\/a>, elle demande au gouvernement d\u2019engager des moyens a\u00e9riens et logistiques pour prot\u00e9ger les populations ukrainiennes des frappes massives de drones et de missiles russes.<\/p>\n<p class=\"article-p mdl\">\u00c0 l\u2019initiative de cette campagne figurent le d\u00e9put\u00e9 des Fran\u00e7ais de l&rsquo;\u00e9tranger, Fr\u00e9d\u00e9ric Petit, le professeur de communication politique Philippe Moreau-Chevrolet et l\u2019expert a\u00e9ronautique Xavier Tytelman. La p\u00e9tition cumule, ce mercredi 3 septembre, pr\u00e8s de 25.000 signatures et b\u00e9n\u00e9ficie du soutien des \u00e9lus de divers partis, des chercheurs, journalistes et figures de la soci\u00e9t\u00e9 civile. Parmi eux, l\u2019ancienne ministre Corinne Lepage, les d\u00e9put\u00e9s Thomas Gassilloud et J\u00e9r\u00f4me Guedj, l\u2019artiste Ariane Mnouchkine, l\u2019essayiste Nicolas Tenzer, ou encore l\u2019ancien officier Guillaume Ancel.<\/p>\n<p>            En quoi consiste l&rsquo;initiative Skyshield France ?<\/p>\n<p class=\"article-p mdl\">Le projet \u00ab\u00a0Skyshield\u00a0\u00bb repose sur deux volets : l\u2019organisation de patrouilles a\u00e9riennes par des avions europ\u00e9ens op\u00e9rant depuis la Pologne ou la Roumanie et le d\u00e9ploiement en Ukraine de radars et de batteries antia\u00e9riennes, plac\u00e9s loin de la ligne de front pour limiter les risques d\u2019escalade. Le r\u00f4le de ces forces serait strictement d\u00e9fensif et consisterait \u00e0\u00a0<strong>intercepter les missiles et drones visant des cibles civiles<\/strong>, sans affrontement direct l\u2019aviation russe.<\/p>\n<p class=\"article-p mdl\">Depuis le d\u00e9but de l\u2019invasion russe, le Haut-Commissariat des Nations unies aux droits de l\u2019homme a recens\u00e9 13.883\u00a0civils tu\u00e9s, dont 726 enfants, et 35.548 bless\u00e9s, dans les zones contr\u00f4l\u00e9es par Kiev. Ces derni\u00e8res semaines,\u00a0<a class=\"link\" href=\"https:\/\/www.rtl.fr\/actu\/international\/guerre-en-ukraine-terreur-barbarie-grande-cruaute-emmanuel-macron-condamne-les-bombardements-sur-kiev-7900534775\" title=\"Guerre en Ukraine : &quot;terreur&quot;, &quot;barbarie&quot;, &quot;grande cruaut\u00e9&quot;... Emmanuel Macron condamne les bombardements sur Kiev\" rel=\"nofollow noopener\" target=\"_blank\">les attaques ont atteint un niveau in\u00e9dit<\/a>. Dans la nuit du 20 au 21 ao\u00fbt 2025, la Russie a lanc\u00e9 614 munitions, dont 574 drones : la frappe la plus massive depuis le d\u00e9but de la guerre.<\/p>\n<p>    La r\u00e9daction vous recommande<\/p>\n<p class=\"s-newsletter__title\">\n                L\u2019actualit\u00e9 par la r\u00e9daction de RTL dans votre bo\u00eete mail.\n            <\/p>\n<p class=\"s-newsletter__subtitle\">\n                Gr\u00e2ce \u00e0 votre compte RTL abonnez-vous \u00e0 la newsletter RTL info pour suivre toute l&rsquo;actualit\u00e9 au quotidien\n            <\/p>\n<p>\n                                    Lire la suite\n                                <\/p>\n","protected":false},"excerpt":{"rendered":"Face aux r\u00e9centes frappes de drones et de missiles russes en Ukraine, une p\u00e9tition intitul\u00e9e \u00ab\u00a0Sauvons les civils&hellip;\n","protected":false},"author":2,"featured_media":333573,"comment_status":"","ping_status":"","sticky":false,"template":"","format":"standard","meta":{"footnotes":""},"categories":[1590],"tags":[11,1073,1777,674,107,131,12,132,220],"class_list":{"0":"post-364053","1":"post","2":"type-post","3":"status-publish","4":"format-standard","5":"has-post-thumbnail","7":"category-ukraine","8":"tag-actualites","9":"tag-emmanuel-macron","10":"tag-eu","11":"tag-europe","12":"tag-fil-info","13":"tag-guerre-en-ukraine","14":"tag-news","15":"tag-russie","16":"tag-ukraine"},"share_on_mastodon":{"url":"https:\/\/pubeurope.com\/@fr\/115142209327309654","error":""},"_links":{"self":[{"href":"https:\/\/www.europesays.com\/fr\/wp-json\/wp\/v2\/posts\/364053","targetHints":{"allow":["GET"]}}],"collection":[{"href":"https:\/\/www.europesays.com\/fr\/wp-json\/wp\/v2\/posts"}],"about":[{"href":"https:\/\/www.europesays.com\/fr\/wp-json\/wp\/v2\/types\/post"}],"author":[{"embeddable":true,"href":"https:\/\/www.europesays.com\/fr\/wp-json\/wp\/v2\/users\/2"}],"replies":[{"embeddable":true,"href":"https:\/\/www.europesays.com\/fr\/wp-json\/wp\/v2\/comments?post=364053"}],"version-history":[{"count":0,"href":"https:\/\/www.europesays.com\/fr\/wp-json\/wp\/v2\/posts\/364053\/revisions"}],"wp:featuredmedia":[{"embeddable":true,"href":"https:\/\/www.europesays.com\/fr\/wp-json\/wp\/v2\/media\/333573"}],"wp:attachment":[{"href":"https:\/\/www.europesays.com\/fr\/wp-json\/wp\/v2\/media?parent=364053"}],"wp:term":[{"taxonomy":"category","embeddable":true,"href":"https:\/\/www.europesays.com\/fr\/wp-json\/wp\/v2\/categories?post=364053"},{"taxonomy":"post_tag","embeddable":true,"href":"https:\/\/www.europesays.com\/fr\/wp-json\/wp\/v2\/tags?post=364053"}],"curies":[{"name":"wp","href":"https:\/\/api.w.org\/{rel}","templated":true}]}}