{"id":364054,"date":"2025-09-03T20:17:11","date_gmt":"2025-09-03T20:17:11","guid":{"rendered":"https:\/\/www.europesays.com\/fr\/364054\/"},"modified":"2025-09-03T20:17:11","modified_gmt":"2025-09-03T20:17:11","slug":"internationaux-des-etats-unis-felix-auger-aliassime-passe-en-demi-finales","status":"publish","type":"post","link":"https:\/\/www.europesays.com\/fr\/364054\/","title":{"rendered":"Internationaux des \u00c9tats-Unis | F\u00e9lix Auger-Aliassime passe en demi-finales"},"content":{"rendered":"<p class=\"lead textModule textModule--type-lead \" style=\"\">(New\u00a0York) F\u00e9lix Auger-Aliassime (27e mondial) s\u2019est qualifi\u00e9 mercredi pour les demi-finales des Internationaux des \u00c9tats-Unis en \u00e9cartant difficilement Alex de Minaur (8e), un dernier carr\u00e9 o\u00f9 il pourrait retrouver Jannik Sinner, programm\u00e9 en soir\u00e9e.<\/p>\n<p>                    Publi\u00e9 \u00e0 15\u00a0h\u00a055<\/p>\n<p>        Mis \u00e0 jour \u00e0 16\u00a0h\u00a004<\/p>\n<p>    <a class=\"print\" href=\"https:\/\/www.lapresse.ca\/sports\/tennis\/2025-09-03\/internationaux-des-etats-unis\/javascript:window.print();\" title=\"Imprimer la page\" rel=\"nofollow noopener\" target=\"_blank\"><\/p>\n<p>        <img loading=\"lazy\" decoding=\"async\" width=\"16\" height=\"18\" src=\"https:\/\/www.europesays.com\/fr\/wp-content\/uploads\/2025\/04\/share-icon.png\" alt=\"Partager\"\/><\/p>\n<p class=\"paragraph textModule textModule--type-paragraph \" style=\"\">C\u2019est une r\u00e9surrection pour le Qu\u00e9b\u00e9cois de 25\u00a0ans, aux abonn\u00e9s absents en Grand Chelem depuis plusieurs ann\u00e9es, vainqueur\u00a04-6, 7-6 (9\/7), 7-5, 7-6 (7\/4).<\/p>\n<p class=\"paragraph textModule textModule--type-paragraph \" style=\"\">Sa seule demi-finale d\u2019un tournoi majeur jusqu\u2019ici remontait \u00e0 2021, \u00e0 New\u00a0York d\u00e9j\u00e0.<\/p>\n<p class=\"paragraph textModule textModule--type-paragraph \" style=\"\">Tout comme il l\u2019avait fait face \u00e0 Alexander Zverev et Andrey Rublev aux tours pr\u00e9c\u00e9dents, \u00ab\u00a0FAA\u00a0\u00bb a montr\u00e9 d\u2019incontestables progr\u00e8s en mati\u00e8re de gestion de ses matchs.<\/p>\n<p class=\"paragraph textModule textModule--type-paragraph \" style=\"\">Men\u00e9 une manche \u00e0 rien, puis 4-2 dans le bris d\u2019\u00e9galit\u00e9 de la deuxi\u00e8me manche, le Montr\u00e9alais a tenu bon face au tennis tentaculaire de l\u2019Australien de Minaur.<\/p>\n<p class=\"paragraph textModule textModule--type-paragraph \" style=\"\">Connu pour son exceptionnelle couverture du terrain, parmi les meilleurs joueurs du monde en retour de service, le natif de Sydney a pourtant tout tent\u00e9 pour sortir Auger-Aliassime de son rythme.<\/p>\n<p class=\"paragraph textModule textModule--type-paragraph \" style=\"\">Avec son jeu \u00e0 plat, sa balle basse et ses coups d\u00e9clench\u00e9s tr\u00e8s rapidement, de Minaur a souvent pouss\u00e9 son adversaire \u00e0 la faute.<\/p>\n<p class=\"paragraph textModule textModule--type-paragraph \" style=\"\">Mais le Qu\u00e9b\u00e9cois a su prendre l\u2019ascendant dans plusieurs moments clefs du match, n\u2019h\u00e9sitant pas \u00e0 se pr\u00e9senter au filet pour prendre la d\u00e9cision.<\/p>\n<p class=\"paragraph textModule textModule--type-paragraph \" style=\"\">\u00ab\u00a0J\u2019\u00e9tais pr\u00eat \u00e0 aller chercher loin\u00a0\u00bb, a-t-il expliqu\u00e9 apr\u00e8s le match.<\/p>\n<p class=\"paragraph textModule textModule--type-paragraph \" style=\"\">Auger-Aliassime a aussi pu compter sur son service, avec notamment 22\u00a0as, m\u00eame s\u2019il a aussi commis 11\u00a0doubles fautes.<\/p>\n<p class=\"paragraph textModule textModule--type-paragraph \" style=\"\">Men\u00e9 4-1 dans le quatri\u00e8me, il a une nouvelle fois recoll\u00e9 pour conclure au bris d\u2019\u00e9galit\u00e9 et s\u2019\u00e9viter une cinqui\u00e8me manche.<\/p>\n<p class=\"paragraph textModule textModule--type-paragraph \" style=\"\">Vendredi, \u00ab\u00a0FAA\u00a0\u00bb sera oppos\u00e9 au vainqueur du quart de finale opposant Jannik Sinner, num\u00e9ro\u00a01 mondial, \u00e0 son compatriote Lorenzo Musetti (10e), pr\u00e9vu en session nocturne.<\/p>\n","protected":false},"excerpt":{"rendered":"(New\u00a0York) F\u00e9lix Auger-Aliassime (27e mondial) s\u2019est qualifi\u00e9 mercredi pour les demi-finales des Internationaux des \u00c9tats-Unis en \u00e9cartant difficilement&hellip;\n","protected":false},"author":2,"featured_media":364055,"comment_status":"","ping_status":"","sticky":false,"template":"","format":"standard","meta":{"footnotes":""},"categories":[1589],"tags":[11,73,1866,12,1864,1865,1863,308],"class_list":{"0":"post-364054","1":"post","2":"type-post","3":"status-publish","4":"format-standard","5":"has-post-thumbnail","7":"category-etats-unis","8":"tag-actualites","9":"tag-etats-unis","10":"tag-etats-unis-damerique","11":"tag-news","12":"tag-united-states","13":"tag-united-states-of-america","14":"tag-us","15":"tag-usa"},"share_on_mastodon":{"url":"https:\/\/pubeurope.com\/@fr\/115142213633055086","error":""},"_links":{"self":[{"href":"https:\/\/www.europesays.com\/fr\/wp-json\/wp\/v2\/posts\/364054","targetHints":{"allow":["GET"]}}],"collection":[{"href":"https:\/\/www.europesays.com\/fr\/wp-json\/wp\/v2\/posts"}],"about":[{"href":"https:\/\/www.europesays.com\/fr\/wp-json\/wp\/v2\/types\/post"}],"author":[{"embeddable":true,"href":"https:\/\/www.europesays.com\/fr\/wp-json\/wp\/v2\/users\/2"}],"replies":[{"embeddable":true,"href":"https:\/\/www.europesays.com\/fr\/wp-json\/wp\/v2\/comments?post=364054"}],"version-history":[{"count":0,"href":"https:\/\/www.europesays.com\/fr\/wp-json\/wp\/v2\/posts\/364054\/revisions"}],"wp:featuredmedia":[{"embeddable":true,"href":"https:\/\/www.europesays.com\/fr\/wp-json\/wp\/v2\/media\/364055"}],"wp:attachment":[{"href":"https:\/\/www.europesays.com\/fr\/wp-json\/wp\/v2\/media?parent=364054"}],"wp:term":[{"taxonomy":"category","embeddable":true,"href":"https:\/\/www.europesays.com\/fr\/wp-json\/wp\/v2\/categories?post=364054"},{"taxonomy":"post_tag","embeddable":true,"href":"https:\/\/www.europesays.com\/fr\/wp-json\/wp\/v2\/tags?post=364054"}],"curies":[{"name":"wp","href":"https:\/\/api.w.org\/{rel}","templated":true}]}}