{"id":364056,"date":"2025-09-03T20:18:14","date_gmt":"2025-09-03T20:18:14","guid":{"rendered":"https:\/\/www.europesays.com\/fr\/364056\/"},"modified":"2025-09-03T20:18:14","modified_gmt":"2025-09-03T20:18:14","slug":"faire-le-plein-terrifie-des-millions-de-jeunes-britanniques","status":"publish","type":"post","link":"https:\/\/www.europesays.com\/fr\/364056\/","title":{"rendered":"Faire le plein terrifie des millions de jeunes Britanniques"},"content":{"rendered":"<p><img decoding=\"async\" src=\"https:\/\/www.europesays.com\/fr\/wp-content\/uploads\/2025\/09\/4086749674701437.webp\" fetchpriority=\"high\" width=\"646\" height=\"363\" alt=\"La peur est en jeu pour certains jeunes. C'est la peur du coffre du char.\" data-image-id=\"4086749674701437\" class=\"watson-snippet__image bg-grey-10 block h-auto w-full \"\/><\/p>\n<p>Image: Imago<\/p>\n<p>Faire le plein semble \u00eatre un geste simple. Mais pas pour tout le monde. Une \u00e9tude a r\u00e9v\u00e9l\u00e9 que des millions de jeunes automobilistes au Royaume-Uni en ont peur.<\/p>\n<p>03.09.2025, 20:0303.09.2025, 20:03<\/p>\n<p>Christoph C\u00f6ln \/ t-online<\/p>\n<p>Plus de \u00abInternational\u00bb<\/p>\n<p>Un article de<\/p>\n<p><a href=\"https:\/\/www.t-online.de\/\" target=\"_blank\" aria-label=\"t-online\" class=\"block\" rel=\"nofollow noopener\"><img decoding=\"async\" src=\"https:\/\/www.europesays.com\/fr\/wp-content\/uploads\/2025\/04\/logo_tonline.png\" alt=\"t-online\" width=\"1920\" height=\"1080\" loading=\"lazy\" class=\"block h-auto w-full\"\/><\/a><\/p>\n<p class=\"watson-snippet__text my-6 text-[16px] lg:text-[18px] leading-normal md:w-3\/5\">Parmi les t\u00e2ches incroyablement compliqu\u00e9es du quotidien, ces situations o\u00f9 l\u2019on se retrouve r\u00e9guli\u00e8rement d\u00e9sempar\u00e9 en se demandant: \u00abComment vais-je bien pouvoir m\u2019y prendre?\u00bb, figure en t\u00eate de liste: faire le plein. Oui, vous avez bien entendu. Remplir le r\u00e9servoir d\u2019une voiture repr\u00e9sente, pour une large partie de la population, un obstacle quotidien presque insurmontable. C\u2019est du moins la conclusion \u00e0 laquelle parviennent de plus en plus d\u2019\u00e9tudes.<\/p>\n<p class=\"watson-snippet__text my-6 text-[16px] lg:text-[18px] leading-normal md:w-3\/5\">En r\u00e9alit\u00e9, l\u2019acte de faire le plein devrait \u00eatre aussi \u00e9vident que de glisser une tranche de pain blanc dans le grille-pain \u2013 du moins, le croirait-on. Mais il n\u2019en va pas de soi pour une grande partie des 18-24 ans, comme l\u2019a r\u00e9v\u00e9l\u00e9 un sondage men\u00e9 au Royaume-Uni. Selon cette enqu\u00eate, 62% des participants ont d\u00e9clar\u00e9 avoir une peur panique de faire le plein de leur voiture.<\/p>\n<p><img decoding=\"async\" src=\"https:\/\/www.europesays.com\/fr\/wp-content\/uploads\/2025\/09\/4753791253348541.webp\" loading=\"lazy\" width=\"4505\" height=\"2529\" alt=\"A panel showcases the fuel prices in Swiss francs at an AVIA petrol station in Zurich, Switzerland, on Wednesday, March 9, 2022. (KEYSTONE\/Michael Buholzer)\" data-image-id=\"4753791253348541\" class=\"watson-snippet__image bg-grey-10 block h-auto w-full \"\/><\/p>\n<p>Lieu d\u2019horreur? Une station-service Avia en Suisse.Image: keystone<\/p>\n<p class=\"watson-snippet__text my-6 text-[16px] lg:text-[18px] leading-normal md:w-3\/5\">Cela para\u00eet \u00e0 peine croyable, mais nombre de sond\u00e9s affirment m\u00eame que l\u2019id\u00e9e de se ridiculiser \u00e0 la station-service leur fait tellement peur qu\u2019ils pr\u00e9f\u00e8rent s\u2019abstenir purement et simplement. <\/p>\n<p class=\"watson-snippet__text my-6 text-[16px] lg:text-[18px] leading-normal md:w-3\/5\">Il y a d\u00e9j\u00e0 eu plusieurs cas o\u00f9 des jeunes ont roul\u00e9 jusqu\u2019\u00e0 la panne s\u00e8che avant qu\u2019un proche ou un ami ne soit sollicit\u00e9 pour faire le plein \u00e0 leur place. Sur les r\u00e9seaux sociaux circulent des vid\u00e9os montrant ce ph\u00e9nom\u00e8ne, qui a d\u00e9j\u00e0 re\u00e7u un nom: \u00abrefuel anxiety\u00bb \u2013 l\u2019angoisse maladive de faire le plein.<\/p>\n<p>\u00abEst-ce vraiment une peur du plein? Aucune id\u00e9e\u00bb<\/p>\n<p class=\"watson-snippet__text my-6 text-[16px] lg:text-[18px] leading-normal md:w-3\/5\">L\u2019\u00eatre humain fait le plein depuis qu\u2019il existe des voitures, soit depuis plus d\u2019un si\u00e8cle. Pourtant, cette pratique semble avoir perdu son caract\u00e8re \u00e9vident pour beaucoup. \u00abFaire le plein peut sembler un acte simple pour la plupart des gens, mais nos recherches montrent qu\u2019une peur profond\u00e9ment ancr\u00e9e existe chez des millions d\u2019automobilistes\u00bb, a d\u00e9clar\u00e9 l\u2019expert en mobilit\u00e9 Harry Waring au journal britannique Independent.<\/p>\n<p>\u00abIl ne s\u2019agit pas seulement de la hausse des prix de l\u2019essence, mais aussi d\u2019un manque d\u2019assurance, de la pression sociale et de la crainte de commettre une erreur en public.\u00bb<\/p>\n<p class=\"watson-snippet__text my-6 text-[16px] lg:text-[18px] leading-normal md:w-3\/5\">Le ph\u00e9nom\u00e8ne est d\u00e9j\u00e0 observ\u00e9 dans d\u2019autres pays. Des journalistes de la cha\u00eene australienne Channel 9 se sont r\u00e9cemment rendus dans les rues de Sydney pour interroger des automobilistes sur leur peur du plein. Ce sont surtout des p\u00e8res de famille qui en ont parl\u00e9. Mais pas parce qu\u2019ils en souffrent eux-m\u00eames. \u00abOui, je fais aussi le plein pour ma fille\u00bb, raconte un homme d\u2019un certain \u00e2ge.<\/p>\n<p>\u00abEst-ce que c\u2019est de la peur du plein ? Je n\u2019en sais rien. Tout ce que je sais, c\u2019est que je paye \u00e0 chaque fois\u00bb<\/p>\n<p>L&rsquo;actu internationale jour et nuit <\/p>\n<p>23 voitures compl\u00e8tement folles rep\u00e9r\u00e9es \u00e0 Duba\u00ef<\/p>\n<p>1 \/ 25<\/p>\n<p>23 voitures compl\u00e8tement folles rep\u00e9r\u00e9es \u00e0 Duba\u00ef<\/p>\n<p>23 voitures compl\u00e8tement folles que j&rsquo;ai rep\u00e9r\u00e9es \u00e0 Duba\u00ef <\/p>\n<p><a href=\"\" target=\"_blank\" aria-label=\"partager sur Facebook\" class=\"watson-sharebar__panel__icons-fb mr-2\"><img decoding=\"async\" src=\"https:\/\/www.europesays.com\/fr\/wp-content\/uploads\/2025\/04\/facebook.png\" alt=\"partager sur Facebook\" width=\"20\" height=\"20\" loading=\"lazy\" class=\"h-5 w-auto lg:h-4\"\/><\/a><a href=\"\" target=\"_blank\" aria-label=\"partager sur X\" class=\"watson-sharebar__panel__icons-tw mr-2\"><img decoding=\"async\" src=\"https:\/\/www.watson.ch\/fr\/_watsui\/static\/img\/socialicons\/icon_filled_x.svg\" alt=\"partager sur X\" width=\"20\" height=\"20\" loading=\"lazy\" class=\"h-4 w-auto lg:h-3\"\/><\/a><\/p>\n<p>Notre avis sur le dernier album de Sabrina Carpenter<\/p>\n<p>Video: watson<\/p>\n<p>Ceci pourrait \u00e9galement vous int\u00e9resser:<\/p>\n<p>        <a href=\"https:\/\/www.watson.ch\/fr\/societe\/intelligence-artificielle\/999132558-chatgpt-va-instaurer-un-controle-parental\" aria-label=\"L\u2019article\" class=\"watson-next-story__link absolute inset-0 z-10\" rel=\"nofollow noopener\" target=\"_blank\"><\/p>\n<p>OpenAI lance un contr\u00f4le parental sur ChatGPT, apr\u00e8s la plainte de parents am\u00e9ricains accusant l\u2019IA d\u2019avoir encourag\u00e9 leur fils au suicide.<\/p>\n<p>OpenAI a annonc\u00e9 mardi qu&rsquo;elle allait instaurer un m\u00e9canisme de contr\u00f4le parental pour son outil d&rsquo;intelligence artificielle ChatGPT, apr\u00e8s que des parents am\u00e9ricains ont accus\u00e9 fin ao\u00fbt cet agent conversationnel d&rsquo;avoir encourag\u00e9 leur enfant \u00e0 se suicider.<\/p>\n","protected":false},"excerpt":{"rendered":"Image: Imago Faire le plein semble \u00eatre un geste simple. Mais pas pour tout le monde. Une \u00e9tude&hellip;\n","protected":false},"author":2,"featured_media":364057,"comment_status":"","ping_status":"","sticky":false,"template":"","format":"standard","meta":{"footnotes":""},"categories":[1588],"tags":[11,1777,674,12,473,1853,1851,1850,1852],"class_list":{"0":"post-364056","1":"post","2":"type-post","3":"status-publish","4":"format-standard","5":"has-post-thumbnail","7":"category-royaume-uni","8":"tag-actualites","9":"tag-eu","10":"tag-europe","11":"tag-news","12":"tag-royaume-uni","13":"tag-royaume-uni-de-grande-bretagne-et-dirlande-du-nord","14":"tag-uk","15":"tag-united-kingdom","16":"tag-united-kingdom-of-great-britain-and-northern-ireland"},"share_on_mastodon":{"url":"https:\/\/pubeurope.com\/@fr\/115142217354458508","error":""},"_links":{"self":[{"href":"https:\/\/www.europesays.com\/fr\/wp-json\/wp\/v2\/posts\/364056","targetHints":{"allow":["GET"]}}],"collection":[{"href":"https:\/\/www.europesays.com\/fr\/wp-json\/wp\/v2\/posts"}],"about":[{"href":"https:\/\/www.europesays.com\/fr\/wp-json\/wp\/v2\/types\/post"}],"author":[{"embeddable":true,"href":"https:\/\/www.europesays.com\/fr\/wp-json\/wp\/v2\/users\/2"}],"replies":[{"embeddable":true,"href":"https:\/\/www.europesays.com\/fr\/wp-json\/wp\/v2\/comments?post=364056"}],"version-history":[{"count":0,"href":"https:\/\/www.europesays.com\/fr\/wp-json\/wp\/v2\/posts\/364056\/revisions"}],"wp:featuredmedia":[{"embeddable":true,"href":"https:\/\/www.europesays.com\/fr\/wp-json\/wp\/v2\/media\/364057"}],"wp:attachment":[{"href":"https:\/\/www.europesays.com\/fr\/wp-json\/wp\/v2\/media?parent=364056"}],"wp:term":[{"taxonomy":"category","embeddable":true,"href":"https:\/\/www.europesays.com\/fr\/wp-json\/wp\/v2\/categories?post=364056"},{"taxonomy":"post_tag","embeddable":true,"href":"https:\/\/www.europesays.com\/fr\/wp-json\/wp\/v2\/tags?post=364056"}],"curies":[{"name":"wp","href":"https:\/\/api.w.org\/{rel}","templated":true}]}}