{"id":36406,"date":"2025-04-19T11:47:16","date_gmt":"2025-04-19T11:47:16","guid":{"rendered":"https:\/\/www.europesays.com\/fr\/36406\/"},"modified":"2025-04-19T11:47:16","modified_gmt":"2025-04-19T11:47:16","slug":"delphine-horvilleur-la-rabbine-et-la-mort-liberation","status":"publish","type":"post","link":"https:\/\/www.europesays.com\/fr\/36406\/","title":{"rendered":"Delphine Horvilleur, la rabbine et la mort \u2013 Lib\u00e9ration"},"content":{"rendered":"<p class=\"sc-cPiKLX AiZTS text-element\">En r\u00e9alit\u00e9, on n\u2019apprendra pas vraiment Comment parler de la mort aux enfants \u00e0 la lecture du dernier livre de <a href=\"https:\/\/www.liberation.fr\/idees-et-debats\/delphine-horvilleur-il-y-a-dans-lhumour-une-arme-nucleaire-contre-le-desespoir-20230706_33DQFRGB75E3DC5L7G53GKH47A\/\" target=\"_blank\" rel=\"nofollow noopener\">Delphine Horvilleur<\/a>. \u00abNous sommes juste avant Pessah, la P\u00e2que juive. Selon la tradition, les parents doivent raconter la sortie d\u2019Egypte aux enfants. Or, ils n\u2019ont pas le droit de raconter l\u2019histoire tant que des enfants n\u2019ont pas pos\u00e9 la question. [\u2026] En h\u00e9breu, cela s\u2019appelle le Ma Nishtana (\u201cqu\u2019y a-t-il de chang\u00e9 ?\u201d)\u00bb, dit la rabbine au Monde. Mais quand il s\u2019agit de r\u00e9pondre \u00e0 leurs questions sur la mort, les adultes se trouvent bien d\u00e9munis car ils n\u2019ont eux-m\u00eames pas de r\u00e9ponses. D\u00e9passant le cadre classique du guide, l\u2019autrice interroge cette impuissance des parents et ce tabou plus qu\u2019elle n\u2019apporte de solutions pratiques. Elle s\u2019\u00e9tait d\u00e9j\u00e0 int\u00e9ress\u00e9e \u00e0 cette angoisse existentielle dans <a href=\"https:\/\/www.liberation.fr\/culture\/livres\/la-rabbin-delphine-horvilleur-une-parole-eblouissante-20210710_NENFPCDTX5BYTANXS6XUM5DE4Y\/\" rel=\"nofollow noopener\" target=\"_blank\">Vivre avec nos morts<\/a> (Grasset, 2021), adapt\u00e9 en <a href=\"https:\/\/www.liberation.fr\/culture\/series\/le-sens-des-choses-le-carnet-de-doutes-dune-rabbine-debutante-20250328_RNSKXVA4BNDFVCRMW6MGFVJHS4\/\" rel=\"nofollow noopener\" target=\"_blank\">s\u00e9rie <\/a>en mars dernier. La mort nous cerne.<\/p>\n<p class=\"sc-cPiKLX AiZTS text-element\">\u00abFinalement, l\u2019un puis l\u2019autre moururent sur un brancard dans un co<\/p>\n","protected":false},"excerpt":{"rendered":"En r\u00e9alit\u00e9, on n\u2019apprendra pas vraiment Comment parler de la mort aux enfants \u00e0 la lecture du dernier&hellip;\n","protected":false},"author":2,"featured_media":36407,"comment_status":"","ping_status":"","sticky":false,"template":"","format":"standard","meta":{"footnotes":""},"categories":[1357],"tags":[1379,10488,58,59,1011,27,1380],"class_list":{"0":"post-36406","1":"post","2":"type-post","3":"status-publish","4":"format-standard","5":"has-post-thumbnail","7":"category-livres","8":"tag-books","9":"tag-cahier-livres","10":"tag-divertissement","11":"tag-entertainment","12":"tag-fr","13":"tag-france","14":"tag-livres"},"share_on_mastodon":{"url":"https:\/\/pubeurope.com\/@fr\/114364471310016685","error":""},"_links":{"self":[{"href":"https:\/\/www.europesays.com\/fr\/wp-json\/wp\/v2\/posts\/36406","targetHints":{"allow":["GET"]}}],"collection":[{"href":"https:\/\/www.europesays.com\/fr\/wp-json\/wp\/v2\/posts"}],"about":[{"href":"https:\/\/www.europesays.com\/fr\/wp-json\/wp\/v2\/types\/post"}],"author":[{"embeddable":true,"href":"https:\/\/www.europesays.com\/fr\/wp-json\/wp\/v2\/users\/2"}],"replies":[{"embeddable":true,"href":"https:\/\/www.europesays.com\/fr\/wp-json\/wp\/v2\/comments?post=36406"}],"version-history":[{"count":0,"href":"https:\/\/www.europesays.com\/fr\/wp-json\/wp\/v2\/posts\/36406\/revisions"}],"wp:featuredmedia":[{"embeddable":true,"href":"https:\/\/www.europesays.com\/fr\/wp-json\/wp\/v2\/media\/36407"}],"wp:attachment":[{"href":"https:\/\/www.europesays.com\/fr\/wp-json\/wp\/v2\/media?parent=36406"}],"wp:term":[{"taxonomy":"category","embeddable":true,"href":"https:\/\/www.europesays.com\/fr\/wp-json\/wp\/v2\/categories?post=36406"},{"taxonomy":"post_tag","embeddable":true,"href":"https:\/\/www.europesays.com\/fr\/wp-json\/wp\/v2\/tags?post=36406"}],"curies":[{"name":"wp","href":"https:\/\/api.w.org\/{rel}","templated":true}]}}