{"id":364060,"date":"2025-09-03T20:20:11","date_gmt":"2025-09-03T20:20:11","guid":{"rendered":"https:\/\/www.europesays.com\/fr\/364060\/"},"modified":"2025-09-03T20:20:11","modified_gmt":"2025-09-03T20:20:11","slug":"skyshield-leurope-veut-proteger-le-ciel-ukrainien","status":"publish","type":"post","link":"https:\/\/www.europesays.com\/fr\/364060\/","title":{"rendered":"SKYSHIELD : l\u2019Europe veut prot\u00e9ger le ciel ukrainien"},"content":{"rendered":"<p>        Agrandir l\u2019image : Illustration 1<\/p>\n<p>Depuis plusieurs mois, la Russie multiplie les frappes de missiles et de drones contre les villes ukrainiennes. Les populations civiles, les centrales \u00e9lectriques, les h\u00f4pitaux et les infrastructures vitales sont r\u00e9guli\u00e8rement vis\u00e9s. Face \u00e0 cette situation, une id\u00e9e prend de l\u2019ampleur en Europe : l\u2019initiative <strong>SkyShield<\/strong>, qui vise \u00e0 mettre en place un v\u00e9ritable bouclier a\u00e9rien pour prot\u00e9ger les Ukrainiens.<\/p>\n<p>Concr\u00e8tement, SkyShield consisterait \u00e0 d\u00e9ployer environ cent vingt avions de combat europ\u00e9ens, accompagn\u00e9s d\u2019avions de surveillance et de ravitailleurs, pour patrouiller dans le ciel de l\u2019Ukraine. Cette zone de protection couvrirait surtout l\u2019ouest et le centre du pays, c\u2019est-\u00e0-dire les grandes villes comme Kyiv, Lviv ou Odesa, mais aussi les centrales nucl\u00e9aires encore en activit\u00e9. L\u2019objectif n\u2019est pas de cr\u00e9er une zone d\u2019exclusion a\u00e9rienne totale ni de combattre directement l\u2019aviation russe, mais bien d\u2019intercepter les missiles et drones qui frappent la population. Les avions europ\u00e9ens resteraient \u00e9loign\u00e9s de plus de deux cents kilom\u00e8tres du front, afin de r\u00e9duire au maximum le risque d\u2019escalade militaire directe.<\/p>\n<p>L\u2019initiative appara\u00eet \u00e0 un moment o\u00f9 l\u2019aide am\u00e9ricaine \u00e0 l\u2019Ukraine ralentit, poussant l\u2019Europe \u00e0 r\u00e9fl\u00e9chir \u00e0 ses propres solutions de d\u00e9fense. Pour ses partisans, SkyShield serait plus efficace qu\u2019un envoi massif de troupes au sol et permettrait de sauver des vies tout en pr\u00e9servant les infrastructures essentielles du pays.<\/p>\n<p>De nombreuses personnalit\u00e9s soutiennent le projet. On retrouve parmi elles le g\u00e9n\u00e9ral Philip Breedlove, ancien commandant supr\u00eame de l\u2019OTAN en Europe, et le g\u00e9n\u00e9ral britannique Richard Shirreff, ancien num\u00e9ro deux de l\u2019Alliance. L\u2019ancien pr\u00e9sident polonais Aleksander Kwa\u015bniewski et l\u2019ancien ministre lituanien des Affaires \u00e9trang\u00e8res Gabrielius Landsbergis se sont \u00e9galement prononc\u00e9s en faveur du plan. \u00c0 leurs c\u00f4t\u00e9s figurent des parlementaires et responsables venus de divers pays europ\u00e9ens, comme la R\u00e9publique tch\u00e8que, la Finlande, la France ou l\u2019Allemagne. M\u00eame des anciens responsables am\u00e9ricains, tels que le g\u00e9n\u00e9ral Ben Hodges ou l\u2019ex-congressman Adam Kinzinger, ont apport\u00e9 leur soutien.<\/p>\n<p>Mettre en \u0153uvre SkyShield ne serait cependant pas simple. Il faudrait d\u00e9finir une cha\u00eene de commandement claire et des r\u00e8gles d\u2019engagement pr\u00e9cises pour \u00e9viter les erreurs. Les risques politiques existent aussi : la perte d\u2019un avion europ\u00e9en pourrait d\u00e9clencher un d\u00e9bat houleux dans les capitales concern\u00e9es. Mais ses promoteurs assurent que le b\u00e9n\u00e9fice humanitaire et strat\u00e9gique l\u2019emporte largement sur ces dangers.<\/p>\n","protected":false},"excerpt":{"rendered":"Agrandir l\u2019image : Illustration 1 Depuis plusieurs mois, la Russie multiplie les frappes de missiles et de drones&hellip;\n","protected":false},"author":2,"featured_media":364061,"comment_status":"","ping_status":"","sticky":false,"template":"","format":"standard","meta":{"footnotes":""},"categories":[1586],"tags":[11,1777,674,1011,27,12,25],"class_list":{"0":"post-364060","1":"post","2":"type-post","3":"status-publish","4":"format-standard","5":"has-post-thumbnail","7":"category-europe","8":"tag-actualites","9":"tag-eu","10":"tag-europe","11":"tag-fr","12":"tag-france","13":"tag-news","14":"tag-republique-francaise"},"share_on_mastodon":{"url":"https:\/\/pubeurope.com\/@fr\/115142225079924106","error":""},"_links":{"self":[{"href":"https:\/\/www.europesays.com\/fr\/wp-json\/wp\/v2\/posts\/364060","targetHints":{"allow":["GET"]}}],"collection":[{"href":"https:\/\/www.europesays.com\/fr\/wp-json\/wp\/v2\/posts"}],"about":[{"href":"https:\/\/www.europesays.com\/fr\/wp-json\/wp\/v2\/types\/post"}],"author":[{"embeddable":true,"href":"https:\/\/www.europesays.com\/fr\/wp-json\/wp\/v2\/users\/2"}],"replies":[{"embeddable":true,"href":"https:\/\/www.europesays.com\/fr\/wp-json\/wp\/v2\/comments?post=364060"}],"version-history":[{"count":0,"href":"https:\/\/www.europesays.com\/fr\/wp-json\/wp\/v2\/posts\/364060\/revisions"}],"wp:featuredmedia":[{"embeddable":true,"href":"https:\/\/www.europesays.com\/fr\/wp-json\/wp\/v2\/media\/364061"}],"wp:attachment":[{"href":"https:\/\/www.europesays.com\/fr\/wp-json\/wp\/v2\/media?parent=364060"}],"wp:term":[{"taxonomy":"category","embeddable":true,"href":"https:\/\/www.europesays.com\/fr\/wp-json\/wp\/v2\/categories?post=364060"},{"taxonomy":"post_tag","embeddable":true,"href":"https:\/\/www.europesays.com\/fr\/wp-json\/wp\/v2\/tags?post=364060"}],"curies":[{"name":"wp","href":"https:\/\/api.w.org\/{rel}","templated":true}]}}