{"id":364070,"date":"2025-09-03T20:25:12","date_gmt":"2025-09-03T20:25:12","guid":{"rendered":"https:\/\/www.europesays.com\/fr\/364070\/"},"modified":"2025-09-03T20:25:12","modified_gmt":"2025-09-03T20:25:12","slug":"qui-a-rafle-le-titre-champion-individuel-departemental","status":"publish","type":"post","link":"https:\/\/www.europesays.com\/fr\/364070\/","title":{"rendered":"qui a rafl\u00e9 le titre champion individuel d\u00e9partemental\u00a0?"},"content":{"rendered":"<p>            Par<br \/>\n        <strong><br \/>\n            <a href=\"https:\/\/actu.fr\/auteur\/voixducantal\" title=\"Consulter tous les articles de R\u00e9daction Cantal\" rel=\"nofollow noopener\" target=\"_blank\">R\u00e9daction Cantal<\/a><br \/>\n        <\/strong><\/p>\n<p>        Publi\u00e9 le<\/p>\n<p>            3 sept. 2025 \u00e0 9h00        <\/p>\n<p>62 golfeurs du <a href=\"https:\/\/actu.fr\/auvergne-rhone-alpes\/cantal_15\" rel=\"nofollow noopener\" target=\"_blank\">Cantal<\/a> issus des clubs de Val-Saint-Jean (Mauriac), Haute-Auvergne (Sansac-de-Marmiesse) et Vezac-Aurillac, se sont disput\u00e9 le titre de <b>champion et championne <\/b>au niveau d\u00e9partemental.<\/p>\n<p>Premi\u00e8re s\u00e9rie<\/p>\n<p class=\" wall-content\">Chez les dames, le jeu a \u00e9t\u00e9 <b>serr\u00e9 et disput\u00e9<\/b>. Finalement c\u2019est Isabelle Roux Rosier (Haute Auvergne) qui l\u2019emporte avec un total de<b> 198 points<\/b> devant sa partenaire de club Muriel Catusse cr\u00e9dit\u00e9e de 199 points.<\/p>\n<p class=\" wall-content\">Chez les messieurs, le titre revient \u00e0 Bertrand Thuillier qui devance d\u2019un point St\u00e9phane Conri\u00e9 et Jacobus Kempe qui a jou\u00e9 avec une <b>belle r\u00e9gularit\u00e9<\/b>, tous trois \u00e9tant licenci\u00e9s au golf de Haute Auvergne.<\/p>\n<p>Deuxi\u00e8me s\u00e9rie<\/p>\n<p class=\" wall-content\">Chez<b> les dames<\/b>, Colette Lespes (Haute Auvergne) remporte le titre en devan\u00e7ant les mauriacoises Martine Vachot et Chantal Desmarie.<\/p>\n<p class=\" wall-content\">Chez les messieurs : 1er Mickael Degoul (V\u00e9zac) 2\u00e8me : Jean Marie Henri (Haute Auvergne). 3\u00e8me : Thierry Jacquemot (Mauriac).<\/p>\n<p>Vid\u00e9os : en ce moment sur ActuTroisi\u00e8me s\u00e9rie<\/p>\n<p class=\" wall-content\">Chez les messieurs : 1er : Philippe Cilar (Hte Auvergne) champion<b> a \u00e9galit\u00e9 <\/b>avec Christian Brunel (V\u00e9zac), le score du 2\u00e8me parcours faisant le d\u00e9partage. 3\u00e8me : Mathieu Longou (Haute Auvergne)<\/p>\n<p>    <img   decoding=\"async\" loading=\"lazy\" class=\"size-large\" src=\"https:\/\/www.europesays.com\/fr\/wp-content\/uploads\/2025\/09\/4a3c6f1700b862e3c6f1700b8f14c6v-923x640.jpg\" alt=\"Isabelle Roux Rosier et Bertrand Thuillier champions du Cantal en premi\u00e8re s\u00e9rie entour\u00e9s de leurs coll\u00e8gues comp\u00e9titeurs.\" width=\"923\" height=\"640\"\/><br \/>\n    Isabelle Roux Rosier et Bertrand Thuillier champions du Cantal en premi\u00e8re s\u00e9rie entour\u00e9s de leurs coll\u00e8gues comp\u00e9titeurs. \u00a9GR<\/p>\n<p>Votre r\u00e9gion, votre actu !<\/p>\n<p>Recevez chaque jour les infos qui comptent pour vous.<\/p>\n<p>\t<a href=\"https:\/\/actu.fr\/newsletter\" class=\"ac-btn ac-btn--corner ac-btn--medium ac-btn--blue800\" rel=\"nofollow noopener\" target=\"_blank\">S&rsquo;incrire<\/a><br \/>\nJeunes<\/p>\n<p class=\" wall-content\">Cette ann\u00e9e gr\u00e2ce \u00e0 une <b>innovation <\/b>de la commission sportive du club de Haute-Auvergne, les<b> \u00e9coles de golf <\/b>et les diverses s\u00e9ries ont d\u00e9sign\u00e9 leurs champions. Ce premier championnat d\u00e9partemental de <b>golf \u00abJeunes\u00bb<\/b> qui s\u2019est jou\u00e9 aussi sur deux jours et sur 9 trous a concern\u00e9 les U8, U10, U12 et U14.<\/p>\n<p class=\" wall-content\">Chez les filles : U12 : Louise Algoet (V\u00e9zac) ; U14 : Marie Quincerol (Haute Auvergne).<\/p>\n<p class=\" wall-content\">Chez<b> les gar\u00e7ons<\/b> : U8 : Vincent Quincerol (Haute Auvergne) ; U10 : Antoine Algoet (V\u00e9zac) ; U12 Aaron Degoul (V\u00e9zac) ; U14 : Leo Rigal (Haute Auvergne).<\/p>\n<p>Prochains rendez-vous<\/p>\n<p class=\" wall-content\">Deux dates \u00e0 retenir : le championnat du Cantal par \u00e9quipes se d\u00e9roulera le <b>12 octobre 2025 <\/b>au golf de Haute Auvergne \u00e0 Sansac-de-Marmiesse et le Pitch and Putt se tiendra le 27\u00a0octobre au golf Val Saint-Jean \u00e0 Mauriac.<\/p>\n<p class=\" wall-content\">GR<\/p>\n<p class=\" wall-content\">Personnalisez votre actualit\u00e9 en ajoutant vos villes et m\u00e9dias en favori avec <a href=\"https:\/\/moncompte.actu.fr\" title=\"D\u00e9couvez Mon Actu\" rel=\"nofollow noopener\" data-trk=\"{&quot;cta&quot;:{&quot;action&quot;:&quot;https:\\\/\\\/moncompte.actu.fr&quot;,&quot;category&quot;:&quot;mon compte&quot;,&quot;from&quot;:&quot;article footer&quot;,&quot;name&quot;:&quot;Mon actu&quot;,&quot;type&quot;:&quot;cta&quot;}}\" target=\"_blank\">Mon Actu<\/a>.<\/p>\n","protected":false},"excerpt":{"rendered":"Par R\u00e9daction Cantal Publi\u00e9 le 3 sept. 2025 \u00e0 9h00 62 golfeurs du Cantal issus des clubs de&hellip;\n","protected":false},"author":2,"featured_media":364071,"comment_status":"","ping_status":"","sticky":false,"template":"","format":"standard","meta":{"footnotes":""},"categories":[1418],"tags":[1011,27,1472,60],"class_list":{"0":"post-364070","1":"post","2":"type-post","3":"status-publish","4":"format-standard","5":"has-post-thumbnail","7":"category-golf","8":"tag-fr","9":"tag-france","10":"tag-golf","11":"tag-sports"},"share_on_mastodon":{"url":"https:\/\/pubeurope.com\/@fr\/115142245070993669","error":""},"_links":{"self":[{"href":"https:\/\/www.europesays.com\/fr\/wp-json\/wp\/v2\/posts\/364070","targetHints":{"allow":["GET"]}}],"collection":[{"href":"https:\/\/www.europesays.com\/fr\/wp-json\/wp\/v2\/posts"}],"about":[{"href":"https:\/\/www.europesays.com\/fr\/wp-json\/wp\/v2\/types\/post"}],"author":[{"embeddable":true,"href":"https:\/\/www.europesays.com\/fr\/wp-json\/wp\/v2\/users\/2"}],"replies":[{"embeddable":true,"href":"https:\/\/www.europesays.com\/fr\/wp-json\/wp\/v2\/comments?post=364070"}],"version-history":[{"count":0,"href":"https:\/\/www.europesays.com\/fr\/wp-json\/wp\/v2\/posts\/364070\/revisions"}],"wp:featuredmedia":[{"embeddable":true,"href":"https:\/\/www.europesays.com\/fr\/wp-json\/wp\/v2\/media\/364071"}],"wp:attachment":[{"href":"https:\/\/www.europesays.com\/fr\/wp-json\/wp\/v2\/media?parent=364070"}],"wp:term":[{"taxonomy":"category","embeddable":true,"href":"https:\/\/www.europesays.com\/fr\/wp-json\/wp\/v2\/categories?post=364070"},{"taxonomy":"post_tag","embeddable":true,"href":"https:\/\/www.europesays.com\/fr\/wp-json\/wp\/v2\/tags?post=364070"}],"curies":[{"name":"wp","href":"https:\/\/api.w.org\/{rel}","templated":true}]}}