{"id":364078,"date":"2025-09-03T20:30:17","date_gmt":"2025-09-03T20:30:17","guid":{"rendered":"https:\/\/www.europesays.com\/fr\/364078\/"},"modified":"2025-09-03T20:30:17","modified_gmt":"2025-09-03T20:30:17","slug":"motogp-sylvain-guintoli-revele-pedro-acosta-sest-accroche-avec-son-equipe-au-point-de-le-regretter","status":"publish","type":"post","link":"https:\/\/www.europesays.com\/fr\/364078\/","title":{"rendered":"MotoGP, Sylvain Guintoli r\u00e9v\u00e8le : Pedro Acosta s\u2019est accroch\u00e9 avec son \u00e9quipe, au point de le regretter"},"content":{"rendered":"<p><strong>Pedro Acosta n\u2019est plus seulement \u00ab le ph\u00e9nom\u00e8ne \u00bb<br \/>\nannonc\u00e9. Le jeune Espagnol de 21 ans est en train de transformer<br \/>\nson potentiel en r\u00e9sultats concrets, et son ascension commence \u00e0<br \/>\ninqui\u00e9ter s\u00e9rieusement ses rivaux. Avec deux podiums sur les trois<br \/>\nderni\u00e8res courses \u2013 dont une d\u00e9monstration de calme et de maturit\u00e9<br \/>\nen suivant Marc Marquez jusqu\u2019au drapeau \u00e0 damier au Grand Prix de<br \/>\nHongrie \u2013 Acosta a franchi un cap. Comment a-t-il ainsi biff\u00e9 sa<br \/>\nfrustration palpable en d\u00e9but de saison ? Sylvain Guintoli<br \/>\nl\u2019explique \u2026<\/strong><\/p>\n<p>Longtemps critiqu\u00e9 pour son agressivit\u00e9 et son impatience,<br \/>\n<strong>Acosta<\/strong> a surpris jusqu\u2019\u00e0 Pol Espargar\u00f3 : \u00ab je<br \/>\nsuis tr\u00e8s heureux parce que c\u2019est un jeune pilote qui commet des<br \/>\nerreurs, comme nous tous. <strong>Mais il a un talent<br \/>\nsurnaturel<\/strong>. (\u2026) Il ne brille pas encore autant qu\u2019on le<br \/>\nvoudrait, et cela entra\u00eene des moments de frustration. Souvent, le<br \/>\npublic lui reproche ses erreurs, mais il n\u2019a que <strong>21<br \/>\nans<\/strong>, et il g\u00e8re tout \u00e7a d\u2019une mani\u00e8re qui me<br \/>\nsurprend. \u00bb<\/p>\n<p><strong>Acosta<\/strong> a appris \u00e0 canaliser son \u00e9nergie. Plut\u00f4t<br \/>\nque de provoquer des chutes inutiles, il choisit ses moments, ce<br \/>\nqui lui permet de rester dans la lutte pour le podium au<br \/>\n<strong>championnat<\/strong>. Actuellement cinqui\u00e8me du g\u00e9n\u00e9ral, il<br \/>\nvise d\u00e9j\u00e0 une place dans le top 3 d\u2019ici la fin de saison.<\/p>\n<p>Malgr\u00e9 ses progr\u00e8s, la relation avec <strong>KTM<\/strong> n\u2019a<br \/>\npas toujours \u00e9t\u00e9 simple. Selon <a href=\"https:\/\/www.paddock-gp.com\/motogp-hongrie-j2-sylvain-guintoli-pecco-bagnaia-na-pas-encore-touche-le-fond\/\" target=\"_blank\" rel=\"noopener\"><br \/>\n<strong>Sylvain Guintoli<\/strong><\/a>, Acosta s\u2019est \u00ab<br \/>\nd\u00e9finitivement \u00bb accroch\u00e9 avec son \u00e9quipe, au point de le<br \/>\nregretter. Son manager, <a href=\"https:\/\/www.paddock-gp.com\/motogp-albert-valera-change-de-logiciel-a-brno-il-ny-a-plus-que-la-course-et-le-travail-pour-jorge-martin\/\" target=\"_blank\" rel=\"noopener\"><br \/>\n<strong>Albert Valera<\/strong><\/a>, lui aurait m\u00eame pass\u00e9 un savon<br \/>\npour qu\u2019il retrouve sa concentration. R\u00e9sultat :<br \/>\n<strong>Acosta<\/strong> est redevenu un autre pilote, plus lucide,<br \/>\nplus efficace en avouant : \u00ab <strong>nous avons eu une<br \/>\ndiscussion un peu plus difficile dans les stands ; il faut<br \/>\nma\u00eetriser nos \u00e9motions. Mais cela a peut-\u00eatre un peu aid\u00e9 tout le<br \/>\nmonde<\/strong>\u00a0\u00bb .<\/p>\n<p><img decoding=\"async\" class=\"aligncenter\" src=\"https:\/\/www.europesays.com\/fr\/wp-content\/uploads\/2025\/09\/e0dbc03c9cb34f4a84f60751ebf16a07.jpg\" alt=\"Pedro Acosta sur la piste poussi\u00e9reuse de motocross\"\/><\/p>\n<p><strong>Pedro Acosta doit afficher<br \/>\nun CV \u00ab sans d\u00e9faut impardonnable \u00bb<\/strong><\/p>\n<p>Il lui reste <strong>18 mois de contrat avant d\u2019\u00eatre<br \/>\nlibre<\/strong>. KTM a enfin fait progresser la RC16, mais l\u2019ombre<br \/>\ndu d\u00e9part de Red Bull, partenaire historique, pourrait bouleverser<br \/>\nl\u2019\u00e9quilibre \u00e0 moyen terme.<\/p>\n<p>Plus t\u00f4t dans la saison, le nom d\u2019<strong>Acosta<\/strong> avait<br \/>\ncircul\u00e9 chez <a href=\"https:\/\/www.paddock-gp.com\/motogp-johann-zarco-prolonge-chez-lcr-honda-mais-il-meritait-le-guidon-usine\/\" target=\"_blank\" rel=\"noopener\"><br \/>\n<strong>Honda<\/strong><\/a>, avant que la marque japonaise ne mise<br \/>\nsur <a href=\"https:\/\/www.paddock-gp.com\/breaking-news-johann-zarco-et-luca-marini-scellent-leur-avenir-chez-honda\/\" target=\"_blank\" rel=\"noopener\"><br \/>\n<strong>Luca Marini<\/strong><\/a>. La raison ? Sa r\u00e9gularit\u00e9.<br \/>\n<strong>Marini est le seul pilote de la grille \u00e0 ne pas avoir chut\u00e9<br \/>\nde la RC213V cette saison<\/strong>, preuve d\u2019un instinct \u00ab<br \/>\n<strong>sans d\u00e9faut impardonnable<\/strong> \u00bb, l\u00e0 o\u00f9<br \/>\n<strong>Acosta<\/strong> restait sujet \u00e0 quelques erreurs.<\/p>\n<p>Mais le vent tourne. <strong>Honda<\/strong>, en pleine<br \/>\nreconstruction et d\u00e9j\u00e0 en progr\u00e8s avec la RC213V, se pr\u00e9pare \u00e0<br \/>\nl\u2019horizon 2027, ann\u00e9e de la nouvelle r\u00e9glementation. L\u2019arriv\u00e9e<br \/>\nd\u2019une jeune superstar comme <strong>Acosta<\/strong> leur donnerait<br \/>\nun coup de fouet inestimable.<\/p>\n<p><strong>Acosta<\/strong> n\u2019a aucune raison de pr\u00e9cipiter son<br \/>\nchoix. Les portes s\u2019ouvriront toutes seules : Ducati, Honda,<br \/>\nAprilia\u2026 tout le monde voudra s\u2019offrir celui qui incarne l\u2019avenir<br \/>\ndu MotoGP. La cl\u00e9 sera pour lui de choisir le projet o\u00f9 son talent<br \/>\npourra r\u00e9ellement s\u2019exprimer.<\/p>\n<p>Aujourd\u2019hui, il fait briller <strong>KTM<\/strong>. Demain, il<br \/>\npourrait devenir le pilier d\u2019un constructeur <a href=\"https:\/\/www.motogp.com\/en\" target=\"_blank\" rel=\"noopener\">MotoGP<\/a> en qu\u00eate de renaissance, et<br \/>\n<strong>Honda<\/strong> semble d\u00e9j\u00e0 se positionner.<\/p>\n<p><img decoding=\"async\" class=\"aligncenter\" src=\"https:\/\/www.europesays.com\/fr\/wp-content\/uploads\/2025\/09\/88bc2c24dd96443fa2448598d3a99590.jpg\" alt=\"Pedro Acosta avec sa motocross KTM\"\/><\/p>\n","protected":false},"excerpt":{"rendered":"Pedro Acosta n\u2019est plus seulement \u00ab le ph\u00e9nom\u00e8ne \u00bb annonc\u00e9. Le jeune Espagnol de 21 ans est en&hellip;\n","protected":false},"author":2,"featured_media":364079,"comment_status":"","ping_status":"","sticky":false,"template":"","format":"standard","meta":{"footnotes":""},"categories":[1413],"tags":[1011,27,1457,1456,60],"class_list":{"0":"post-364078","1":"post","2":"type-post","3":"status-publish","4":"format-standard","5":"has-post-thumbnail","7":"category-moto","8":"tag-fr","9":"tag-france","10":"tag-moto","11":"tag-motocycle","12":"tag-sports"},"share_on_mastodon":{"url":"https:\/\/pubeurope.com\/@fr\/115142264656710899","error":""},"_links":{"self":[{"href":"https:\/\/www.europesays.com\/fr\/wp-json\/wp\/v2\/posts\/364078","targetHints":{"allow":["GET"]}}],"collection":[{"href":"https:\/\/www.europesays.com\/fr\/wp-json\/wp\/v2\/posts"}],"about":[{"href":"https:\/\/www.europesays.com\/fr\/wp-json\/wp\/v2\/types\/post"}],"author":[{"embeddable":true,"href":"https:\/\/www.europesays.com\/fr\/wp-json\/wp\/v2\/users\/2"}],"replies":[{"embeddable":true,"href":"https:\/\/www.europesays.com\/fr\/wp-json\/wp\/v2\/comments?post=364078"}],"version-history":[{"count":0,"href":"https:\/\/www.europesays.com\/fr\/wp-json\/wp\/v2\/posts\/364078\/revisions"}],"wp:featuredmedia":[{"embeddable":true,"href":"https:\/\/www.europesays.com\/fr\/wp-json\/wp\/v2\/media\/364079"}],"wp:attachment":[{"href":"https:\/\/www.europesays.com\/fr\/wp-json\/wp\/v2\/media?parent=364078"}],"wp:term":[{"taxonomy":"category","embeddable":true,"href":"https:\/\/www.europesays.com\/fr\/wp-json\/wp\/v2\/categories?post=364078"},{"taxonomy":"post_tag","embeddable":true,"href":"https:\/\/www.europesays.com\/fr\/wp-json\/wp\/v2\/tags?post=364078"}],"curies":[{"name":"wp","href":"https:\/\/api.w.org\/{rel}","templated":true}]}}