{"id":364080,"date":"2025-09-03T20:31:12","date_gmt":"2025-09-03T20:31:12","guid":{"rendered":"https:\/\/www.europesays.com\/fr\/364080\/"},"modified":"2025-09-03T20:31:12","modified_gmt":"2025-09-03T20:31:12","slug":"f1-lewis-hamilton-le-transfert-valide-par-mercedes","status":"publish","type":"post","link":"https:\/\/www.europesays.com\/fr\/364080\/","title":{"rendered":"F1 &#8211; Lewis Hamilton : Le transfert valid\u00e9 par Mercedes !"},"content":{"rendered":"<p>                    Thibault Morlain<br \/>\n                        &#8211;<\/p>\n<p>Journaliste<\/p>\n<p>Apr\u00e8s s\u2019\u00eatre essay\u00e9 \u00e0 diff\u00e9rents sports, Thibault se tourne vers une carri\u00e8re de footballeur amateur. Au moment de faire un choix entre devenir footballeur professionnel et journaliste, les qualit\u00e9s ont fait pencher la balance d\u2019un c\u00f4t\u00e9. Le voil\u00e0 d\u00e9sormais au sein de la r\u00e9daction du 10 Sport, apr\u00e8s un dipl\u00f4me obtenu \u00e0 l\u2019Institut International de Communication de Paris.<\/p>\n<p class=\"heading\">Au d\u00e9but de cette saison 2025 de Formule 1, la grande attraction dans le paddock \u00e9tait l\u2019arriv\u00e9e de Lewis Hamilton chez Ferrari. Alors qu\u2019on imaginait le Britannique finir sa carri\u00e8re chez Mercedes, il en a d\u00e9cid\u00e9 autrement pour rejoindre une autre \u00e9curie. Et pas n\u2019importe laquelle donc ! Hamilton a rejoint la Scuderia et Toto Wolff est revenu sur cette d\u00e9cision de son ancien pilote.\n<\/p>\n<p>En 2024, le monde de la Formule 1 a trembl\u00e9 \u00e0 l\u2019annonce du transfert de <a href=\"https:\/\/le10sport.com\/formule1\/f1-lewis-hamilton-reconnu-coupable-la-terrible-sentence-tombe-en-italie-756382\" rel=\"nofollow noopener\" target=\"_blank\">Lewis Hamilton<\/a> chez <strong>Ferrari<\/strong>. La saison derni\u00e8re a donc \u00e9t\u00e9 la Last Dance du Britannique avec <strong>Mercedes<\/strong> avant donc de rejoindre la <strong>Scuderia<\/strong> pour cet exercice 2025. Une d\u00e9cision retentissante de la part du septuple champion du monde de F1. Mais la regrette-t-il aujourd\u2019hui compte tenu de ses performances avec l\u2019\u00e9curie italienne ? Comme expliqu\u00e9 par <strong>Toto Wolff, <\/strong>la s\u00e9paration avec <strong>Lewis Hamilton<\/strong>, parti chez <strong>Ferrari<\/strong>, \u00e9tait n\u00e9cessaire.  <\/p>\n<p>                                            \u00ab\u00a0Il avait besoin d\u2019un changement d\u2019environnement\u00a0\u00bb<\/p>\n<p>Ancien boss de <strong>Lewis Hamilton<\/strong> chez <strong>Mercedes, Toto Wolff<\/strong> est ainsi revenu sur le d\u00e9part du Britannique chez <strong>Ferrari<\/strong>. C\u2019est ainsi qu\u2019il a expliqu\u00e9 dans des propos rapport\u00e9s par NextGen Auto : \u00ab\u00a0Toutes les raisons qui l\u2019ont pouss\u00e9 \u00e0 rejoindre Ferrari sont toujours valables aujourd\u2019hui. Il avait besoin d\u2019un changement d\u2019environnement, et nous avions besoin d\u2019un changement d\u2019environnement. Nous n\u2019\u00e9tions pas aussi comp\u00e9titifs que nous l\u2019aurions souhait\u00e9. Ferrari semblait plus prometteur. Tous les pilotes de course r\u00eavent de courir pour Ferrari. De toute fa\u00e7on, il aime la couleur rouge. L\u2019accord qui \u00e9tait sur la table \u00e9tait tr\u00e8s int\u00e9ressant\u00a0\u00bb. <\/p>\n<p>                                            \u00ab\u00a0Maintenant, il affronte l\u2019un des meilleurs pilotes, parmi les plus jeunes\u00a0\u00bb<\/p>\n<p>\u00ab\u00a0Ces raisons sont toujours valables aujourd\u2019hui. Maintenant, il affronte l\u2019un des meilleurs pilotes, parmi les plus jeunes, qui fait partie de l\u2019\u00e9quipe depuis longtemps, avec une voiture qui se conduit de mani\u00e8re totalement diff\u00e9rente de la n\u00f4tre\u00a0\u00bb, a poursuivi <strong>Toto Wolff<\/strong> \u00e0 propos de <strong>Lewis Hamilton<\/strong>, en difficult\u00e9 toutefois depuis qu\u2019il a rejoint <strong>Ferrari<\/strong>. <\/p>\n","protected":false},"excerpt":{"rendered":"Thibault Morlain &#8211; Journaliste Apr\u00e8s s\u2019\u00eatre essay\u00e9 \u00e0 diff\u00e9rents sports, Thibault se tourne vers une carri\u00e8re de footballeur&hellip;\n","protected":false},"author":2,"featured_media":364081,"comment_status":"","ping_status":"","sticky":false,"template":"","format":"standard","meta":{"footnotes":""},"categories":[1412],"tags":[1451,1452,1453,1454,1455,1011,27,60],"class_list":{"0":"post-364080","1":"post","2":"type-post","3":"status-publish","4":"format-standard","5":"has-post-thumbnail","7":"category-f1","8":"tag-f1","9":"tag-formula-1","10":"tag-formula1","11":"tag-formule-1","12":"tag-formule1","13":"tag-fr","14":"tag-france","15":"tag-sports"},"share_on_mastodon":{"url":"https:\/\/pubeurope.com\/@fr\/115142268203500804","error":""},"_links":{"self":[{"href":"https:\/\/www.europesays.com\/fr\/wp-json\/wp\/v2\/posts\/364080","targetHints":{"allow":["GET"]}}],"collection":[{"href":"https:\/\/www.europesays.com\/fr\/wp-json\/wp\/v2\/posts"}],"about":[{"href":"https:\/\/www.europesays.com\/fr\/wp-json\/wp\/v2\/types\/post"}],"author":[{"embeddable":true,"href":"https:\/\/www.europesays.com\/fr\/wp-json\/wp\/v2\/users\/2"}],"replies":[{"embeddable":true,"href":"https:\/\/www.europesays.com\/fr\/wp-json\/wp\/v2\/comments?post=364080"}],"version-history":[{"count":0,"href":"https:\/\/www.europesays.com\/fr\/wp-json\/wp\/v2\/posts\/364080\/revisions"}],"wp:featuredmedia":[{"embeddable":true,"href":"https:\/\/www.europesays.com\/fr\/wp-json\/wp\/v2\/media\/364081"}],"wp:attachment":[{"href":"https:\/\/www.europesays.com\/fr\/wp-json\/wp\/v2\/media?parent=364080"}],"wp:term":[{"taxonomy":"category","embeddable":true,"href":"https:\/\/www.europesays.com\/fr\/wp-json\/wp\/v2\/categories?post=364080"},{"taxonomy":"post_tag","embeddable":true,"href":"https:\/\/www.europesays.com\/fr\/wp-json\/wp\/v2\/tags?post=364080"}],"curies":[{"name":"wp","href":"https:\/\/api.w.org\/{rel}","templated":true}]}}