{"id":364084,"date":"2025-09-03T20:33:13","date_gmt":"2025-09-03T20:33:13","guid":{"rendered":"https:\/\/www.europesays.com\/fr\/364084\/"},"modified":"2025-09-03T20:33:13","modified_gmt":"2025-09-03T20:33:13","slug":"metz-recrute-un-ancien-de-lac-milan-off","status":"publish","type":"post","link":"https:\/\/www.europesays.com\/fr\/364084\/","title":{"rendered":"Metz recrute un ancien de l\u2019AC Milan (off)"},"content":{"rendered":"<p>              <img decoding=\"async\" src=\"https:\/\/www.europesays.com\/fr\/wp-content\/uploads\/2025\/09\/metz-recrute-un-ancien-de-l-ac-milan-off-iconsport_174708_0020-1-398362.jpg\" alt=\"Metz recrute un ancien de l\u2019AC Milan (off)\"\/> <\/p>\n<p class=\"credit\">Icon Sport<\/p>\n<p class=\"the_post_info\">\n            Publi\u00e9 Mercredi 03 Septembre 2025 \u00e0 17:30  Dans\u00a0: <a href=\"https:\/\/www.foot01.com\/equipe\/metz\/\" rel=\"nofollow noopener\" target=\"_blank\">Metz<\/a>.<br \/>Par <a href=\"https:\/\/www.foot01.com\/author\/20\/\" rel=\"nofollow noopener\" target=\"_blank\">Corentin Facy<\/a>\n          <\/p>\n<p class=\"p1\"><strong>Le FC Metz a officialis\u00e9 ce mercredi la signature de Fod\u00e9 Ballo-Tour\u00e9, ancien lat\u00e9ral gauche du LOSC et de l\u2019AC Milan.<\/strong><\/p>\n<p class=\"p1\">\u00ab\u00a0Le FC Metz compte un nouvel \u00e9l\u00e9ment dans ses rangs. Ce mercredi, les Grenats ont trouv\u00e9 un accord avec Fod\u00e9 Ballo-Tour\u00e9. Libre depuis l\u2019\u00e9t\u00e9 dernier, le d\u00e9fenseur s\u2019est engag\u00e9 une saison plus une en option. Il est donc li\u00e9 au club \u00e0 la Croix de Lorraine jusqu\u2019en juin 2026. International s\u00e9n\u00e9galais (16 s\u00e9lections) et vainqueur de la CAN aux c\u00f4t\u00e9s d\u2019Habib Diallo en 2021, Fod\u00e9 Ballo-Tour\u00e9 arrive en Moselle avec l\u2019ambition de retrouver du temps et ainsi aider le FC Metz \u00e0 atteindre ses objectifs en Ligue 1 McDonald\u2019s\u00a0\u00bb d\u00e9taille le club messin sur son site officiel.<\/p>\n<blockquote class=\"twitter-tweet\"><p>&#13;<\/p>\n<p lang=\"en\" dir=\"ltr\">A new player in town \ud83d\udccd <a href=\"https:\/\/t.co\/ZJGUUj1hOD\" rel=\"nofollow\">pic.twitter.com\/ZJGUUj1hOD<\/a><\/p>\n<p>&#13;<br \/>\n\u2014 FC Metz \u2628 (@FCMetz) <a href=\"https:\/\/twitter.com\/FCMetz\/status\/1963261134795907553?ref_src=twsrc%5Etfw\" rel=\"nofollow noopener\" target=\"_blank\">September 3, 2025<\/a><\/p><\/blockquote>\n<p>\u00a0<\/p>\n<p>      <script async src=\"https:\/\/platform.twitter.com\/widgets.js\" charset=\"utf-8\"><\/script><\/p>\n","protected":false},"excerpt":{"rendered":"Icon Sport Publi\u00e9 Mercredi 03 Septembre 2025 \u00e0 17:30 Dans\u00a0: Metz.Par Corentin Facy Le FC Metz a officialis\u00e9&hellip;\n","protected":false},"author":2,"featured_media":364085,"comment_status":"","ping_status":"","sticky":false,"template":"","format":"standard","meta":{"footnotes":""},"categories":[1410],"tags":[63,1011,27,60],"class_list":{"0":"post-364084","1":"post","2":"type-post","3":"status-publish","4":"format-standard","5":"has-post-thumbnail","7":"category-football","8":"tag-football","9":"tag-fr","10":"tag-france","11":"tag-sports"},"share_on_mastodon":{"url":"https:\/\/pubeurope.com\/@fr\/115142276239243980","error":""},"_links":{"self":[{"href":"https:\/\/www.europesays.com\/fr\/wp-json\/wp\/v2\/posts\/364084","targetHints":{"allow":["GET"]}}],"collection":[{"href":"https:\/\/www.europesays.com\/fr\/wp-json\/wp\/v2\/posts"}],"about":[{"href":"https:\/\/www.europesays.com\/fr\/wp-json\/wp\/v2\/types\/post"}],"author":[{"embeddable":true,"href":"https:\/\/www.europesays.com\/fr\/wp-json\/wp\/v2\/users\/2"}],"replies":[{"embeddable":true,"href":"https:\/\/www.europesays.com\/fr\/wp-json\/wp\/v2\/comments?post=364084"}],"version-history":[{"count":0,"href":"https:\/\/www.europesays.com\/fr\/wp-json\/wp\/v2\/posts\/364084\/revisions"}],"wp:featuredmedia":[{"embeddable":true,"href":"https:\/\/www.europesays.com\/fr\/wp-json\/wp\/v2\/media\/364085"}],"wp:attachment":[{"href":"https:\/\/www.europesays.com\/fr\/wp-json\/wp\/v2\/media?parent=364084"}],"wp:term":[{"taxonomy":"category","embeddable":true,"href":"https:\/\/www.europesays.com\/fr\/wp-json\/wp\/v2\/categories?post=364084"},{"taxonomy":"post_tag","embeddable":true,"href":"https:\/\/www.europesays.com\/fr\/wp-json\/wp\/v2\/tags?post=364084"}],"curies":[{"name":"wp","href":"https:\/\/api.w.org\/{rel}","templated":true}]}}