{"id":364088,"date":"2025-09-03T20:35:17","date_gmt":"2025-09-03T20:35:17","guid":{"rendered":"https:\/\/www.europesays.com\/fr\/364088\/"},"modified":"2025-09-03T20:35:17","modified_gmt":"2025-09-03T20:35:17","slug":"a-94-ans-ce-photographe-amateur-de-normandie-expose-toujours-dans-le-sud-manche","status":"publish","type":"post","link":"https:\/\/www.europesays.com\/fr\/364088\/","title":{"rendered":"\u00c0 94 ans, ce photographe amateur de Normandie expose toujours dans le Sud Manche"},"content":{"rendered":"<p>            Par<br \/>\n        <strong><br \/>\n            <a href=\"https:\/\/actu.fr\/auteur\/redaction-gazettemanche\" title=\"Consulter tous les articles de R\u00e9daction La Gazette de la Manche\" target=\"_blank\" rel=\"noopener\">R\u00e9daction La Gazette de la Manche<\/a><br \/>\n        <\/strong><\/p>\n<p>        Publi\u00e9 le<\/p>\n<p>            3 sept. 2025 \u00e0 12h16        <\/p>\n<p>\u00c0 94 ans, Pierre Barbe n\u2019a rien perdu de sa passion pour la photographie. R\u00e9sident de Domitys <a href=\"https:\/\/actu.fr\/normandie\/saint-james_50487\" target=\"_blank\" rel=\"noopener\">Saint-James<\/a> (<a href=\"https:\/\/actu.fr\/normandie\/manche_50\" target=\"_blank\" rel=\"noopener\">Manche<\/a>), ce photographe amateur originaire du Sud-Ouest de la France d\u00e9voile une s\u00e9rie de clich\u00e9s en noir et blanc dans les jardins de la r\u00e9sidence, sous le th\u00e8me \u00e9vocateur : \u00a0\u00bb Le monde qui dispara\u00eet peu \u00e0 peu \u00ab\u00a0.<\/p>\n<p>La m\u00e9moire collective<\/p>\n<p class=\" wall-content\">Son exposition est bien plus qu\u2019une simple pr\u00e9sentation d\u2019images : c\u2019est une plong\u00e9e dans la m\u00e9moire collective, un hommage aux racines rurales de la France.<\/p>\n<p class=\" wall-content\">Les photographies de Pierre Barbe capturent en effet des \u00e9glises, des paysages et des sc\u00e8nes de vie qui \u00e9voquent un pass\u00e9 en voie d\u2019effacement.<\/p>\n<p class=\" wall-content\">\u00a0\u00bb Ce que je cherche \u00e0 exprimer dans mes photos, c\u2019est tout le pass\u00e9 de la France, le rural qui dispara\u00eet petit \u00e0 petit\u2026 mais qui rappelle des tas de souvenirs \u00e0 toutes les familles. Des gens baptis\u00e9s, mari\u00e9s, enterr\u00e9s\u2026 C\u2019est un rappel de tout cela \u00ab\u00a0, confie Pierre Barbe avec \u00e9motion.<\/p>\n<p>    <img   decoding=\"async\" loading=\"lazy\" class=\"size-large\" src=\"https:\/\/www.europesays.com\/fr\/wp-content\/uploads\/2025\/09\/3969a0417ba863d69a0417ba82179av-960x640.jpg\" alt=\"Dans les jardins de la r\u00e9sidence, Pierre Barbe propose une s\u00e9rie de clich\u00e9s en noir et blanc sous le th\u00e8me \u00e9vocateur : \u00ab Le monde qui dispara\u00eet peu \u00e0 peu \u00bb. Le photographe capture en effet des \u00e9glises, des paysages et des sc\u00e8nes de vie qui \u00e9voquent un pass\u00e9 en voie d'effacement.\" width=\"960\" height=\"640\"\/><br \/>\n    Dans les jardins de la r\u00e9sidence, Pierre Barbe propose une s\u00e9rie de clich\u00e9s en noir et blanc\u00a0 d\u2019effacement. \u00a9La Gazette de la MancheUne vie d\u00e9di\u00e9e \u00e0 l\u2019image<\/p>\n<p class=\" wall-content\">Pierre Barbe a commenc\u00e9 la photographie il y a plus de 70 ans, avec une bo\u00eete Kodak permettant de r\u00e9aliser des pellicules 6\u00d79 en noir et blanc. Il a ensuite explor\u00e9 le format 24\u00d736, avant de s\u2019initier \u00e0 la couleur et au traitement num\u00e9rique via Photoshop. Bricoleur dans l\u2019\u00e2me, il a toujours aim\u00e9 exp\u00e9rimenter les proc\u00e9d\u00e9s, les techniques et les genres : du portrait au paysage, en passant par les monuments de sa r\u00e9gion natale.<\/p>\n<p>Vid\u00e9os : en ce moment sur Actu<\/p>\n<p class=\" wall-content\">\u00a0\u00bb J\u2019aime que mes photos d\u00e9gagent un sentiment. Elles doivent exprimer quelque chose que l\u2019on a en soi. \u00ab\u00a0<\/p>\n<p class=\" wall-content\">Son regard aff\u00fbt\u00e9 et sa ma\u00eetrise de la lumi\u00e8re naturelle lui ont permis d\u2019int\u00e9grer plusieurs clubs affili\u00e9s \u00e0 la F\u00e9d\u00e9ration Photographique de France. Il a \u00e9galement particip\u00e9 \u00e0 des expositions \u00e0 Issy-les-Moulineaux, notamment dans l\u2019ancienne manufacture des tabacs.<\/p>\n<p>Votre r\u00e9gion, votre actu !<\/p>\n<p>Recevez chaque jour les infos qui comptent pour vous.<\/p>\n<p>\t<a href=\"https:\/\/actu.fr\/newsletter\" class=\"ac-btn ac-btn--corner ac-btn--medium ac-btn--blue800\" target=\"_blank\" rel=\"noopener\">S&rsquo;incrire<\/a><\/p>\n<p class=\" wall-content\">\u00a0\u00bb C\u2019est un grand honneur de participer \u00e0 ce festival. L\u2019ann\u00e9e derni\u00e8re, lors de l\u2019inauguration, j\u2019ai fait un tour avec le directeur. C\u2019est l\u00e0 que j\u2019ai partag\u00e9 ma passion pour la photographie. On a \u00e9chang\u00e9 avec M. Laye, et c\u2019est ainsi que tout a commenc\u00e9 \u00ab\u00a0, raconte Pierre avec un sourire.<\/p>\n<p>Une invitation \u00e0 la contemplation<\/p>\n<p class=\" wall-content\">Les clich\u00e9s de Pierre Barbe ne sont pas seulement des images : ce sont des fragments de vie, des t\u00e9moignages silencieux d\u2019un monde en mutation. Ils invitent \u00e0 la contemplation, \u00e0 la r\u00e9flexion, et surtout, \u00e0 ne pas oublier.<\/p>\n<p><b>Contact <\/b>: pr\u00e9sident : Christian Laye (06 72 08 76 03), vice-Pr\u00e9sident : Christian Hamel (06 84 75 79 99), tr\u00e9sorier (Lo\u00efc Garnier) 06 75 21 56 66, secr\u00e9taire : Christelle Letellier (06 42 41 19 06) mail\u00a0: <a href=\"https:\/\/actu.fr\/cdn-cgi\/l\/email-protection\" class=\"__cf_email__\" data-cfemail=\"a0d3c1c9ced4cac1cdc5d3c6c5d3d4c9d6c1ccd0c8cfd4cfe0c7cdc1c9cc8ec3cfcd\" target=\"_blank\" rel=\"noopener\">[email\u00a0protected]<\/a>.<\/p>\n<p class=\" wall-content\">Personnalisez votre actualit\u00e9 en ajoutant vos villes et m\u00e9dias en favori avec <a href=\"https:\/\/moncompte.actu.fr\" title=\"D\u00e9couvez Mon Actu\" rel=\"nofollow noopener\" data-trk=\"{&quot;cta&quot;:{&quot;action&quot;:&quot;https:\\\/\\\/moncompte.actu.fr&quot;,&quot;category&quot;:&quot;mon compte&quot;,&quot;from&quot;:&quot;article footer&quot;,&quot;name&quot;:&quot;Mon actu&quot;,&quot;type&quot;:&quot;cta&quot;}}\" target=\"_blank\">Mon Actu<\/a>.<\/p>\n","protected":false},"excerpt":{"rendered":"Par R\u00e9daction La Gazette de la Manche Publi\u00e9 le 3 sept. 2025 \u00e0 12h16 \u00c0 94 ans, Pierre&hellip;\n","protected":false},"author":2,"featured_media":364089,"comment_status":"","ping_status":"","sticky":false,"template":"","format":"standard","meta":{"footnotes":""},"categories":[1358],"tags":[1348,1384,1385,1386,58,59,1011,27,1652,1756],"class_list":{"0":"post-364088","1":"post","2":"type-post","3":"status-publish","4":"format-standard","5":"has-post-thumbnail","7":"category-arts-et-design","8":"tag-arts","9":"tag-arts-and-design","10":"tag-arts-et-design","11":"tag-design","12":"tag-divertissement","13":"tag-entertainment","14":"tag-fr","15":"tag-france","16":"tag-loisirs-culture","17":"tag-photographie"},"share_on_mastodon":{"url":"https:\/\/pubeurope.com\/@fr\/115142284051648045","error":""},"_links":{"self":[{"href":"https:\/\/www.europesays.com\/fr\/wp-json\/wp\/v2\/posts\/364088","targetHints":{"allow":["GET"]}}],"collection":[{"href":"https:\/\/www.europesays.com\/fr\/wp-json\/wp\/v2\/posts"}],"about":[{"href":"https:\/\/www.europesays.com\/fr\/wp-json\/wp\/v2\/types\/post"}],"author":[{"embeddable":true,"href":"https:\/\/www.europesays.com\/fr\/wp-json\/wp\/v2\/users\/2"}],"replies":[{"embeddable":true,"href":"https:\/\/www.europesays.com\/fr\/wp-json\/wp\/v2\/comments?post=364088"}],"version-history":[{"count":0,"href":"https:\/\/www.europesays.com\/fr\/wp-json\/wp\/v2\/posts\/364088\/revisions"}],"wp:featuredmedia":[{"embeddable":true,"href":"https:\/\/www.europesays.com\/fr\/wp-json\/wp\/v2\/media\/364089"}],"wp:attachment":[{"href":"https:\/\/www.europesays.com\/fr\/wp-json\/wp\/v2\/media?parent=364088"}],"wp:term":[{"taxonomy":"category","embeddable":true,"href":"https:\/\/www.europesays.com\/fr\/wp-json\/wp\/v2\/categories?post=364088"},{"taxonomy":"post_tag","embeddable":true,"href":"https:\/\/www.europesays.com\/fr\/wp-json\/wp\/v2\/tags?post=364088"}],"curies":[{"name":"wp","href":"https:\/\/api.w.org\/{rel}","templated":true}]}}