{"id":364090,"date":"2025-09-03T20:36:10","date_gmt":"2025-09-03T20:36:10","guid":{"rendered":"https:\/\/www.europesays.com\/fr\/364090\/"},"modified":"2025-09-03T20:36:10","modified_gmt":"2025-09-03T20:36:10","slug":"airbus-a-livre-61-avions-en-aout-selon-des-sources-actualites-tradingview","status":"publish","type":"post","link":"https:\/\/www.europesays.com\/fr\/364090\/","title":{"rendered":"Airbus a livr\u00e9 61 avions en ao\u00fbt, selon des sources \u2014 Actualit\u00e9s TradingView"},"content":{"rendered":"<p class=\"\">Airbus <a href=\"https:\/\/fr.tradingview.com\/symbols\/EURONEXT-AIR\/\" class=\"container-ekXxv5Y5 symbolTag-cwMMKgmm tag-zVPYJd3B xsmall-zVPYJd3B interactive-zVPYJd3B apply-overflow-tooltip apply-overflow-tooltip--allow-text apply-overflow-tooltip--check-children\" rel=\"nofollow noopener\" target=\"_blank\"><img decoding=\"async\" class=\"logo-PsAlMQQF xxxsmall-PsAlMQQF wrapper-TJ9ObuLF skeleton-PsAlMQQF\" crossorigin=\"\" src=\"https:\/\/s3-symbol-logo.tradingview.com\/airbus.svg\" alt=\"\"\/>AIR<\/a> a livr\u00e9 61 avions en ao\u00fbt, ce qui porte \u00e0 434 le nombre d&rsquo;appareils livr\u00e9s par le premier constructeur a\u00e9ronautique mondial depuis le d\u00e9but de l&rsquo;ann\u00e9e, ont indiqu\u00e9 des sources industrielles mercredi.<\/p>\n<p class=\"\">Ces donn\u00e9es marquent une augmentation de 30% des livraisons par rapport au mois d&rsquo;ao\u00fbt l&rsquo;ann\u00e9e derni\u00e8re, mais exige d&rsquo;Airbus qu&rsquo;il acc\u00e9l\u00e8re le rythme dans les mois \u00e0 venir afin d&rsquo;atteindre son objectif annuel d&rsquo;environ 820 livraisons d&rsquo;avions.<\/p>\n<p class=\"\">Reuters n&rsquo;a pas \u00e9t\u00e9 en mesure de joindre Airbus pour un commentaire dans l&rsquo;imm\u00e9diat. <\/p>\n<p class=\"\">L&rsquo;avionneur doit publier ses donn\u00e9es mensuelles du mois d&rsquo;ao\u00fbt vendredi.<\/p>\n","protected":false},"excerpt":{"rendered":"Airbus AIR a livr\u00e9 61 avions en ao\u00fbt, ce qui porte \u00e0 434 le nombre d&rsquo;appareils livr\u00e9s par&hellip;\n","protected":false},"author":2,"featured_media":320220,"comment_status":"","ping_status":"","sticky":false,"template":"","format":"standard","meta":{"footnotes":""},"categories":[1357],"tags":[1379,58,59,1011,27,1380],"class_list":{"0":"post-364090","1":"post","2":"type-post","3":"status-publish","4":"format-standard","5":"has-post-thumbnail","7":"category-livres","8":"tag-books","9":"tag-divertissement","10":"tag-entertainment","11":"tag-fr","12":"tag-france","13":"tag-livres"},"share_on_mastodon":{"url":"https:\/\/pubeurope.com\/@fr\/115142287910680046","error":""},"_links":{"self":[{"href":"https:\/\/www.europesays.com\/fr\/wp-json\/wp\/v2\/posts\/364090","targetHints":{"allow":["GET"]}}],"collection":[{"href":"https:\/\/www.europesays.com\/fr\/wp-json\/wp\/v2\/posts"}],"about":[{"href":"https:\/\/www.europesays.com\/fr\/wp-json\/wp\/v2\/types\/post"}],"author":[{"embeddable":true,"href":"https:\/\/www.europesays.com\/fr\/wp-json\/wp\/v2\/users\/2"}],"replies":[{"embeddable":true,"href":"https:\/\/www.europesays.com\/fr\/wp-json\/wp\/v2\/comments?post=364090"}],"version-history":[{"count":0,"href":"https:\/\/www.europesays.com\/fr\/wp-json\/wp\/v2\/posts\/364090\/revisions"}],"wp:featuredmedia":[{"embeddable":true,"href":"https:\/\/www.europesays.com\/fr\/wp-json\/wp\/v2\/media\/320220"}],"wp:attachment":[{"href":"https:\/\/www.europesays.com\/fr\/wp-json\/wp\/v2\/media?parent=364090"}],"wp:term":[{"taxonomy":"category","embeddable":true,"href":"https:\/\/www.europesays.com\/fr\/wp-json\/wp\/v2\/categories?post=364090"},{"taxonomy":"post_tag","embeddable":true,"href":"https:\/\/www.europesays.com\/fr\/wp-json\/wp\/v2\/tags?post=364090"}],"curies":[{"name":"wp","href":"https:\/\/api.w.org\/{rel}","templated":true}]}}