{"id":364095,"date":"2025-09-03T20:39:25","date_gmt":"2025-09-03T20:39:25","guid":{"rendered":"https:\/\/www.europesays.com\/fr\/364095\/"},"modified":"2025-09-03T20:39:25","modified_gmt":"2025-09-03T20:39:25","slug":"james-gunn-annonce-un-deuxieme-film-superman-pour-2027","status":"publish","type":"post","link":"https:\/\/www.europesays.com\/fr\/364095\/","title":{"rendered":"James Gunn annonce un deuxi\u00e8me film Superman pour 2027 !"},"content":{"rendered":"<p>Surprise surprise. James Gunn a annonc\u00e9 sur les r\u00e9seaux sociaux qu\u2019un second film Superman \u00e9tait non seulement en d\u00e9veloppement comme beaucoup pouvait l\u2019imaginer, mais aussi qu\u2019il portera le nom Man of Tomorrow\u2026 et qu\u2019il sortira dans les salles am\u00e9ricaines le 9 juillet 2027. Le tout est accompagn\u00e9 d\u2019une illustration de Supes avec son ennemi jur\u00e9, Lex Luthor, dans une armure.<\/p>\n<p> Un agenda bien charg\u00e9 pour James Gunn <\/p>\n<p>Plus sp\u00e9cifiquement, il s\u2019agit de l\u2019armure \u00ab\u00a0anti-Superman\u00a0\u00bb du milliardaire m\u00e9galomaniaque, d\u2019o\u00f9 sa couleur vert kryptonite. Normalement, il y aurait de quoi effrayer Superman, mais ce dernier sourit malicieusement, un tournevis \u00e0 la main. L\u2019illustration est sign\u00e9e Jim Lee, dessinateur de g\u00e9nie et chef cr\u00e9atif chez DC.<\/p>\n<p>L\u2019annonce surprend non seulement par l\u2019ajout de la date de sortie, mais aussi parce que ce deuxi\u00e8me opus des aventures de Superman n\u2019\u00e9tait pas pr\u00e9vu dans ce premier chapitre du DCU, \u00ab\u00a0Gods and Monsters\u00a0\u00bb. Un chapitre qui a d\u00e9but\u00e9 en douce avec la s\u00e9rie anim\u00e9e Creature Commandos, mais James Gunn et Peter Safran, l\u2019autre t\u00eate pensante des DC Studios, ont \u00e9tabli que <a href=\"https:\/\/www.journaldugeek.com\/critique\/critique-superman-james-gunn-habille-son-heros-des-couleurs-de-lespoir\/\" rel=\"nofollow noopener\" target=\"_blank\">Superman, sorti d\u00e9but juillet<\/a>, \u00e9tait le vrai d\u00e9but.<\/p>\n<p>    <a href=\"https:\/\/www.youtube.com\/user\/JournalduGeek?sub_confirmation=1\" target=\"_blank\" rel=\"nofollow noopener\"><br \/>\n        S&rsquo;abonner \u00e0 Journal du Geek<br \/>\n    <\/a> <\/p>\n<p>La deuxi\u00e8me saison de Peacemaker, lanc\u00e9e le 22 ao\u00fbt, bat son plein, et m\u00eame si cette s\u00e9rie est n\u00e9e dans la queue de com\u00e8te du DCEU de Zack Snyder, James Gunn l\u2019a pleinement int\u00e9gr\u00e9e dans le DCU. Dont l\u2019agenda va \u00eatre bien charg\u00e9 ces prochaines ann\u00e9es\u00a0!Outre ce Man of Tomorrow inattendu, Supergirl aura droit \u00e0 une sortie cin\u00e9 le 24 juin 2026, et quelques mois plus tard, ce sera le tour de Clayface (en septembre).<\/p>\n<p>Et \u00e7a n\u2019est pas tout, n\u2019oublions pas la s\u00e9rie Lanterns promise elle aussi pour l\u2019ann\u00e9e prochaine\u2026 et tout un tas de projets dans les cartons. Le r\u00e9alisateur-sc\u00e9nariste avait <a href=\"https:\/\/www.hollywoodreporter.com\/news\/general-news\/man-of-tomororw-super-man-movie-1236350987\/\" rel=\"nofollow noopener\" target=\"_blank\">indiqu\u00e9<\/a> durant la promo de Peacemaker qu\u2019il venait de terminer le traitement de sa prochaine histoire \u00ab\u00a0dans ce que j\u2019appelle \u201cla saga Superman\u201d\u00bb.<\/p>\n<p>Ce deuxi\u00e8me Superman confirme en tout cas la grande confiance accord\u00e9e par Warner Bros \u00e0 James Gunn. Et \u00e7a n\u2019avait rien d\u2019\u00e9vident au vu du box office honn\u00eate mais pas spectaculaire du premier volet. Au cin\u00e9ma, le film a accumul\u00e9 un peu plus de 610 millions de dollars dans le monde, <a href=\"https:\/\/www.journaldugeek.com\/2025\/07\/30\/le-superman-de-james-gunn-fait-il-vraiment-mieux-que-celui-de-zack-snyder\/\" rel=\"nofollow noopener\" target=\"_blank\">soit moins que le Man of Steel de 2013<\/a> (670 millions). Le box office a \u00e9t\u00e9 bien meilleur aux \u00c9tats-Unis, mais moins replet ailleurs dans le monde.<\/p>\n<blockquote>\n<p>Lire <a href=\"https:\/\/www.journaldugeek.com\/dossier\/dc-voici-la-liste-des-films-et-des-series-qui-vous-attendent\/\" rel=\"nofollow noopener\" target=\"_blank\">Apr\u00e8s Superman, voici les films et les s\u00e9ries qui vous attendent chez DC<\/a><\/p>\n<\/blockquote>\n<blockquote>\n<p class=\"text-base text-neutral-700 dark:text-neutral-300\">\ud83d\udfe3 Pour ne manquer aucune news sur le Journal du Geek, abonnez-vous sur <a href=\"https:\/\/news.google.com\/publications\/CAAqBwgKMNr_hAswwYyCAw?hl=fr&amp;gl=FR&amp;ceid=FR%3Afr\" target=\"_blank\" rel=\"nofollow noopener\">Google Actualit\u00e9s<\/a> et sur <a href=\"https:\/\/whatsapp.com\/channel\/0029VaClM5y4tRry12tb7D2h\" target=\"_blank\" rel=\"nofollow noopener\">notre WhatsApp<\/a>. Et si vous nous adorez, on a <a href=\"https:\/\/www.journaldugeek.com\/newsletter\/\" target=\"_blank\" rel=\"nofollow noopener\">une newsletter tous les matins<\/a>.<\/p>\n<\/blockquote>\n","protected":false},"excerpt":{"rendered":"Surprise surprise. James Gunn a annonc\u00e9 sur les r\u00e9seaux sociaux qu\u2019un second film Superman \u00e9tait non seulement en&hellip;\n","protected":false},"author":2,"featured_media":364096,"comment_status":"","ping_status":"","sticky":false,"template":"","format":"standard","meta":{"footnotes":""},"categories":[1354],"tags":[30486,58,59,1346,1011,27,30487,1360,2133],"class_list":{"0":"post-364095","1":"post","2":"type-post","3":"status-publish","4":"format-standard","5":"has-post-thumbnail","7":"category-films","8":"tag-dcu","9":"tag-divertissement","10":"tag-entertainment","11":"tag-films","12":"tag-fr","13":"tag-france","14":"tag-james-gunn","15":"tag-movies","16":"tag-superman"},"share_on_mastodon":{"url":"https:\/\/pubeurope.com\/@fr\/115142299680642305","error":""},"_links":{"self":[{"href":"https:\/\/www.europesays.com\/fr\/wp-json\/wp\/v2\/posts\/364095","targetHints":{"allow":["GET"]}}],"collection":[{"href":"https:\/\/www.europesays.com\/fr\/wp-json\/wp\/v2\/posts"}],"about":[{"href":"https:\/\/www.europesays.com\/fr\/wp-json\/wp\/v2\/types\/post"}],"author":[{"embeddable":true,"href":"https:\/\/www.europesays.com\/fr\/wp-json\/wp\/v2\/users\/2"}],"replies":[{"embeddable":true,"href":"https:\/\/www.europesays.com\/fr\/wp-json\/wp\/v2\/comments?post=364095"}],"version-history":[{"count":0,"href":"https:\/\/www.europesays.com\/fr\/wp-json\/wp\/v2\/posts\/364095\/revisions"}],"wp:featuredmedia":[{"embeddable":true,"href":"https:\/\/www.europesays.com\/fr\/wp-json\/wp\/v2\/media\/364096"}],"wp:attachment":[{"href":"https:\/\/www.europesays.com\/fr\/wp-json\/wp\/v2\/media?parent=364095"}],"wp:term":[{"taxonomy":"category","embeddable":true,"href":"https:\/\/www.europesays.com\/fr\/wp-json\/wp\/v2\/categories?post=364095"},{"taxonomy":"post_tag","embeddable":true,"href":"https:\/\/www.europesays.com\/fr\/wp-json\/wp\/v2\/tags?post=364095"}],"curies":[{"name":"wp","href":"https:\/\/api.w.org\/{rel}","templated":true}]}}