{"id":364104,"date":"2025-09-03T20:44:12","date_gmt":"2025-09-03T20:44:12","guid":{"rendered":"https:\/\/www.europesays.com\/fr\/364104\/"},"modified":"2025-09-03T20:44:12","modified_gmt":"2025-09-03T20:44:12","slug":"le-pari-hydrogene-de-bmw-et-toyota-une-pile-a-combustible-pour-reinventer-lhybride-autrement","status":"publish","type":"post","link":"https:\/\/www.europesays.com\/fr\/364104\/","title":{"rendered":"Le pari hydrog\u00e8ne de BMW et Toyota : une pile \u00e0 combustible pour r\u00e9inventer l&rsquo;hybride autrement"},"content":{"rendered":"<p>Et si la mobilit\u00e9 de demain ne se r\u00e9sumait pas \u00e0 la batterie ? Tandis que l\u2019\u00e9lectrique \u00e0 accumulateur se g\u00e9n\u00e9ralise, <strong>BMW et Toyota remettent l\u2019hydrog\u00e8ne sur le devant de la sc\u00e8ne<\/strong>, avec une approche diff\u00e9rente : celle de la <strong>pile \u00e0 combustible<\/strong>. Ni hybride, ni thermique, ce syst\u00e8me transforme l\u2019hydrog\u00e8ne en \u00e9lectricit\u00e9 pour alimenter un moteur \u00e9lectrique. Une alternative que les deux marques d\u00e9fendent comme compl\u00e9mentaire, notamment pour les longs trajets ou les flottes professionnelles.<\/p>\n<p>BMW n\u2019en est pas \u00e0 son coup d\u2019essai. D\u00e8s 2006, la marque avait lanc\u00e9 une S\u00e9rie 7 fonctionnant \u00e0 l\u2019hydrog\u00e8ne liquide, puis un premier prototype de pile \u00e0 combustible dans une S\u00e9rie 5. Plus r\u00e9cemment, c\u2019est le <strong>iX5 Hydrogen<\/strong> qui a d\u00e9montr\u00e9 la viabilit\u00e9 de cette technologie. Mais la nouveaut\u00e9, c\u2019est une <strong>g\u00e9n\u00e9ration enti\u00e8rement repens\u00e9e<\/strong>, plus compacte, plus efficace, et surtout <strong>con\u00e7ue pour \u00eatre industrialis\u00e9e \u00e0 grande \u00e9chelle<\/strong>.<\/p>\n<p>Le groupe a d\u00e9j\u00e0 lanc\u00e9 la production des premiers prototypes dans son usine de Steyr. Cette version de la pile \u00e0 combustible affiche un <strong>volume r\u00e9duit de 25 %<\/strong> par rapport \u00e0 la pr\u00e9c\u00e9dente et pourrait \u00eatre int\u00e9gr\u00e9e aussi bien dans des <strong>v\u00e9hicules particuliers<\/strong> que dans des <strong>v\u00e9hicules utilitaires ou des syst\u00e8mes fixes<\/strong>. Un premier jalon vers une production de s\u00e9rie <strong>pr\u00e9vue d\u00e8s 2028<\/strong>, preuve que l\u2019hydrog\u00e8ne n\u2019a pas dit son dernier mot.<\/p>\n<p><img fetchpriority=\"high\" decoding=\"async\" class=\"alignnone size-full wp-image-24691 webpexpress-processed\" src=\"data:image\/svg+xml,%3Csvg%20xmlns=\" http:=\"\" alt=\"BMW et Toyota relancent l\u2019hydrog\u00e8ne avec une nouvelle pile \u00e0 combustible compacte, pr\u00eate pour la s\u00e9rie en 2028\" width=\"1200\" height=\"800\" data-lazy- data-lazy- data-lazy-src=\"https:\/\/www.europesays.com\/fr\/wp-content\/uploads\/2025\/09\/bmw-pile-combustible-2028-01.jpg\"\/><\/p>\n<p>BMW et Toyota misent sur une autre forme de mobilit\u00e9 propre<\/p>\n<p>Alors que la voiture \u00e9lectrique \u00e0 batterie prend de plus en plus de place sur le march\u00e9 europ\u00e9en, <strong>BMW et Toyota<\/strong> poursuivent une autre piste technologique\u202f: <strong>l\u2019hydrog\u00e8ne<\/strong>. Un pari \u00e0 long terme, initi\u00e9 d\u00e8s les ann\u00e9es 2000, et qui se concr\u00e9tise aujourd\u2019hui avec un <strong>nouveau syst\u00e8me de pile \u00e0 combustible<\/strong>, con\u00e7u pour \u00eatre plus compact, plus modulaire, et surtout plus proche de l\u2019industrialisation.<\/p>\n<p>Chez BMW, cette strat\u00e9gie n\u2019est pas nouvelle. Le constructeur avait d\u00e9j\u00e0 tent\u00e9 l\u2019exp\u00e9rience avec une <strong>S\u00e9rie 7 \u00e0 hydrog\u00e8ne<\/strong> en 2006, puis un prototype de <strong>S\u00e9rie 5 \u00e0 pile \u00e0 combustible<\/strong>. Plus r\u00e9cemment, c\u2019est le <strong>iX5 Hydrogen<\/strong> qui a illustr\u00e9 la faisabilit\u00e9 de cette technologie dans un SUV moderne. Toyota, de son c\u00f4t\u00e9, capitalise sur son expertise dans l\u2019hybride et le syst\u00e8me de pile \u00e0 combustible de la Mirai, l\u2019une des rares voitures \u00e0 hydrog\u00e8ne disponibles en France.<\/p>\n<p>Aujourd\u2019hui, les deux marques unissent leurs efforts pour produire <strong>une nouvelle g\u00e9n\u00e9ration de pile \u00e0 combustible<\/strong> qui pourrait \u00e9quiper aussi bien des v\u00e9hicules particuliers que des utilitaires, voire des solutions stationnaires de production d\u2019\u00e9nergie. Une mani\u00e8re pour les deux groupes de <strong>ne pas d\u00e9pendre exclusivement des batteries<\/strong> dans un futur \u00e9lectrifi\u00e9.<\/p>\n<p><img loading=\"lazy\" decoding=\"async\" class=\"alignnone size-full wp-image-24692 webpexpress-processed\" src=\"data:image\/svg+xml,%3Csvg%20xmlns=\" http:=\"\" alt=\"La pile \u00e0 combustible de nouvelle g\u00e9n\u00e9ration d\u00e9velopp\u00e9e par BMW \" width=\"1200\" height=\"1806\" data-lazy- data-lazy- data-lazy-src=\"https:\/\/www.europesays.com\/fr\/wp-content\/uploads\/2025\/09\/bmw-pile-combustible-2028-03.jpg\"\/><\/p>\n<p>Combustion d\u2019hydrog\u00e8ne et pile \u00e0 combustible : deux philosophies oppos\u00e9es<\/p>\n<p>Il existe deux grandes mani\u00e8res d\u2019exploiter l\u2019hydrog\u00e8ne dans l\u2019automobile. La premi\u00e8re consiste \u00e0 le <strong>br\u00fbler dans un moteur thermique adapt\u00e9<\/strong>, comme un carburant classique. Une approche encore exp\u00e9rimentale, confront\u00e9e \u00e0 de nombreuses contraintes techniques, notamment li\u00e9es \u00e0 la <strong>stockage haute pression<\/strong>, \u00e0 la <strong>temp\u00e9rature<\/strong>, et \u00e0 la <strong>combustion propre<\/strong>.<\/p>\n<blockquote class=\"wp-embedded-content\" data-secret=\"ulM3VyWfZa\">\n<p><a href=\"https:\/\/www.passionandcar.fr\/2025\/09\/03\/audi-tt-2026-la-sportive-compacte-quasi-parfaite-sabotee-par-un-mais-qui-change-tout\/\" rel=\"nofollow noopener\" target=\"_blank\">Audi TT 2026 : la sportive compacte quasi-parfaite sabot\u00e9e par un \u201cmais\u201d qui change tout<\/a><\/p>\n<\/blockquote>\n<p>La seconde, plus mature, est celle de la <strong>pile \u00e0 combustible<\/strong>. Ici, l\u2019hydrog\u00e8ne n\u2019est pas br\u00fbl\u00e9, mais <strong>transform\u00e9 en \u00e9lectricit\u00e9<\/strong> \u00e0 travers une r\u00e9action chimique avec l\u2019oxyg\u00e8ne de l\u2019air. Cette \u00e9lectricit\u00e9 alimente ensuite <strong>un moteur \u00e9lectrique<\/strong>, tout en ne rejetant que de la vapeur d\u2019eau. C\u2019est cette solution que d\u00e9veloppent BMW et Toyota, car elle combine <strong>z\u00e9ro \u00e9mission<\/strong>, <strong>silence de fonctionnement<\/strong>, et <strong>autonomie \u00e9lev\u00e9e<\/strong>, sans les inconv\u00e9nients li\u00e9s \u00e0 la recharge longue des batteries.<\/p>\n<p>Cette technologie est particuli\u00e8rement adapt\u00e9e aux usages intensifs ou longue distance, comme <strong>les flottes professionnelles<\/strong>, <strong>les utilitaires l\u00e9gers<\/strong> ou les <strong>grands routiers<\/strong>, o\u00f9 le temps d\u2019arr\u00eat pour recharger est un crit\u00e8re d\u00e9cisif. En ce sens, <strong>l\u2019hydrog\u00e8ne compl\u00e8te le tout-\u00e9lectrique<\/strong>, sans chercher \u00e0 le remplacer.<\/p>\n<p><img loading=\"lazy\" decoding=\"async\" class=\"alignnone size-full wp-image-24693 webpexpress-processed\" src=\"data:image\/svg+xml,%3Csvg%20xmlns=\" http:=\"\" alt=\"BMW pr\u00e9pare une pile \u00e0 hydrog\u00e8ne compacte avec Toyota : premiers prototypes en production, commercialisation pr\u00e9vue d\u00e8s 2028\" width=\"1200\" height=\"800\" data-lazy- data-lazy- data-lazy-src=\"https:\/\/www.europesays.com\/fr\/wp-content\/uploads\/2025\/09\/bmw-pile-combustible-2028-02.jpg\"\/><\/p>\n<p>Un syst\u00e8me BMW-Toyota plus compact et modulable<\/p>\n<p>Le nouveau syst\u00e8me d\u00e9velopp\u00e9 par BMW et Toyota marque un <strong>saut technologique important<\/strong>. Par rapport \u00e0 la g\u00e9n\u00e9ration pr\u00e9c\u00e9dente, cette <strong>pile \u00e0 combustible r\u00e9duit son encombrement de 25\u202f%<\/strong>, un progr\u00e8s essentiel pour son int\u00e9gration dans diff\u00e9rents types de v\u00e9hicules. Elle est \u00e9galement con\u00e7ue de fa\u00e7on <strong>modulaire<\/strong>, afin de s\u2019adapter \u00e0 plusieurs architectures, du SUV familial \u00e0 l\u2019utilitaire compact.<\/p>\n<p>La taille r\u00e9duite de cette nouvelle pile ne se fait pas au d\u00e9triment des performances. Elle vise une <strong>puissance \u00e9quivalente \u00e0 celle d\u2019un groupe motopropulseur \u00e9lectrique classique<\/strong>, avec une autonomie potentielle \u00e9quivalente ou sup\u00e9rieure \u00e0 celle des v\u00e9hicules \u00e0 batterie, mais avec un <strong>temps de ravitaillement en hydrog\u00e8ne de seulement 3 \u00e0 5 minutes<\/strong>.<\/p>\n<p>Au-del\u00e0 de l\u2019automobile, cette technologie pourrait \u00e9galement trouver sa place dans <strong>des applications fixes<\/strong>, comme des g\u00e9n\u00e9rateurs \u00e0 hydrog\u00e8ne pour les b\u00e2timents ou les sites isol\u00e9s. C\u2019est une <strong>technologie transversale<\/strong>, pens\u00e9e pour \u00e9largir les usages de l\u2019hydrog\u00e8ne \u00e0 d\u2019autres secteurs de la mobilit\u00e9 et de l\u2019\u00e9nergie.<\/p>\n<p>Premiers prototypes en production, lancement pr\u00e9vu en 2028<\/p>\n<p>Les <strong>premiers prototypes du syst\u00e8me<\/strong> sont d\u00e9j\u00e0 en cours d\u2019assemblage dans l\u2019usine BMW de Steyr, en Autriche. Une phase de test grandeur nature qui pr\u00e9c\u00e8de la mise en production en s\u00e9rie, pr\u00e9vue <strong>d\u00e8s 2028<\/strong>, \u00e0 condition que l\u2019infrastructure hydrog\u00e8ne suive le rythme, notamment en Europe.<\/p>\n<p>Ce calendrier donne \u00e0 BMW le temps de peaufiner les derniers ajustements techniques et de <strong>pr\u00e9parer une cha\u00eene de production adapt\u00e9e<\/strong>, tout en continuant \u00e0 observer les \u00e9volutions r\u00e9glementaires et industrielles autour de l\u2019hydrog\u00e8ne. L\u2019objectif est clair : proposer <strong>une alternative technologique cr\u00e9dible<\/strong> \u00e0 l\u2019\u00e9lectrique \u00e0 batterie, sans tomber dans l\u2019hybride de compromis.<\/p>\n","protected":false},"excerpt":{"rendered":"Et si la mobilit\u00e9 de demain ne se r\u00e9sumait pas \u00e0 la batterie ? Tandis que l\u2019\u00e9lectrique \u00e0&hellip;\n","protected":false},"author":2,"featured_media":364105,"comment_status":"","ping_status":"","sticky":false,"template":"","format":"standard","meta":{"footnotes":""},"categories":[6],"tags":[1755,35,33,34,1011,27,20239],"class_list":{"0":"post-364104","1":"post","2":"type-post","3":"status-publish","4":"format-standard","5":"has-post-thumbnail","7":"category-economie","8":"tag-bmw","9":"tag-business","10":"tag-economie","11":"tag-economy","12":"tag-fr","13":"tag-france","14":"tag-toyota"},"share_on_mastodon":{"url":"https:\/\/pubeurope.com\/@fr\/115142319416441824","error":""},"_links":{"self":[{"href":"https:\/\/www.europesays.com\/fr\/wp-json\/wp\/v2\/posts\/364104","targetHints":{"allow":["GET"]}}],"collection":[{"href":"https:\/\/www.europesays.com\/fr\/wp-json\/wp\/v2\/posts"}],"about":[{"href":"https:\/\/www.europesays.com\/fr\/wp-json\/wp\/v2\/types\/post"}],"author":[{"embeddable":true,"href":"https:\/\/www.europesays.com\/fr\/wp-json\/wp\/v2\/users\/2"}],"replies":[{"embeddable":true,"href":"https:\/\/www.europesays.com\/fr\/wp-json\/wp\/v2\/comments?post=364104"}],"version-history":[{"count":0,"href":"https:\/\/www.europesays.com\/fr\/wp-json\/wp\/v2\/posts\/364104\/revisions"}],"wp:featuredmedia":[{"embeddable":true,"href":"https:\/\/www.europesays.com\/fr\/wp-json\/wp\/v2\/media\/364105"}],"wp:attachment":[{"href":"https:\/\/www.europesays.com\/fr\/wp-json\/wp\/v2\/media?parent=364104"}],"wp:term":[{"taxonomy":"category","embeddable":true,"href":"https:\/\/www.europesays.com\/fr\/wp-json\/wp\/v2\/categories?post=364104"},{"taxonomy":"post_tag","embeddable":true,"href":"https:\/\/www.europesays.com\/fr\/wp-json\/wp\/v2\/tags?post=364104"}],"curies":[{"name":"wp","href":"https:\/\/api.w.org\/{rel}","templated":true}]}}