{"id":364106,"date":"2025-09-03T20:45:17","date_gmt":"2025-09-03T20:45:17","guid":{"rendered":"https:\/\/www.europesays.com\/fr\/364106\/"},"modified":"2025-09-03T20:45:17","modified_gmt":"2025-09-03T20:45:17","slug":"allemagne-serie-de-deces-de-candidats-de-lafd","status":"publish","type":"post","link":"https:\/\/www.europesays.com\/fr\/364106\/","title":{"rendered":"Allemagne : s\u00e9rie de d\u00e9c\u00e8s de candidats de l&rsquo;AfD"},"content":{"rendered":"<p>Selon <a href=\"https:\/\/www.welt.de\/politik\/deutschland\/article68b815f046b61b4dcb0b7dac\/kommunalwahl-in-nrw-zahl-der-verstorbenen-afd-kandidaten-steigt-auf-sieben.html?wtrid=socialmedia.socialflow....socialflow_twitter\" target=\"_blank\" rel=\"noopener nofollow\">le site du quotidien de r\u00e9f\u00e9rence allemand Die Welt<\/a>, un septi\u00e8me candidat AfD est d\u00e9c\u00e9d\u00e9. \u00ab Un autre d\u00e9c\u00e8s parmi les candidats de l&rsquo;AfD aux \u00e9lections locales de NRW : selon les informations de Politico, un candidat direct de Remscheid est d\u00e9c\u00e9d\u00e9 &#8211; selon son parti, de causes naturelles \u00bb, \u00e9crit Die Welt. Six candidats du parti de droite AfD seraient d\u00e9c\u00e9d\u00e9s en Allemagne en quelques semaines, affirmait un article paru ce 2 septembre, <a href=\"https:\/\/www.bbc.com\/news\/articles\/c5ykyewrerpo\" rel=\"nofollow noopener\" target=\"_blank\">sur le site de la BBC<\/a>. \u00ab Le parti d\u2019extr\u00eame droite AfD en Allemagne enregistre une s\u00e9rie de d\u00e9c\u00e8s de ses candidats avant les \u00e9lections locales \u00bb, titre le m\u00e9dia de r\u00e9f\u00e9rence anglais, situant le ph\u00e9nom\u00e8ne dans le grand Land de Rh\u00e9nanie-du-Nord-Westphalie, \u00e0 l&rsquo;ouest du pays. Les premiers rapports portaient sur la mort de quatre candidats, suscitant de nombreuses sp\u00e9culations et commentaires sur les r\u00e9seaux sociaux. La police allemande assure qu&rsquo;il n&rsquo;y a aucune preuve d&rsquo;acte criminel. Le minist\u00e8re de l&rsquo;Int\u00e9rieur du Land souligne que des candidats d&rsquo;autres partis, notamment les Verts et les sociaux-d\u00e9mocrates, \u00e9taient \u00e9galement d\u00e9c\u00e9d\u00e9s.<\/p>\n<p>De nouveaux bulletins de vote devront \u00eatre imprim\u00e9s et certains \u00e9lecteurs par correspondance devront revoter. La Rh\u00e9nanie-du-Nord-Westphalie compte 18 millions d&rsquo;habitants. Environ 20.000 candidats se pr\u00e9senteront aux \u00e9lections locales du 14 septembre. L&rsquo;AfD est devenue le deuxi\u00e8me parti d&rsquo;Allemagne, lors des \u00e9lections f\u00e9d\u00e9rales de f\u00e9vrier.<\/p>\n<p>                    <a href=\"#\" rel=\"nofollow\" onclick=\"window.print(); pfTrackEvent('Allemagne : s\u00e9rie de d\u00e9c\u00e8s de candidats de l\u2019AfD'); return false;\" title=\"Printer Friendly, PDF &amp; Email\"><br \/>\n                    <img decoding=\"async\" src=\"https:\/\/www.europesays.com\/fr\/wp-content\/uploads\/2025\/04\/printfriendly-icon-sm.png\" alt=\"Print Friendly, PDF &amp; Email\" class=\"pf-button-img\" style=\"width: 17px;height: 17px;\"\/>Imprimer, enregistrer en PDF cet article<br \/>\n                    <\/a><\/p>\n","protected":false},"excerpt":{"rendered":"Selon le site du quotidien de r\u00e9f\u00e9rence allemand Die Welt, un septi\u00e8me candidat AfD est d\u00e9c\u00e9d\u00e9. \u00ab Un&hellip;\n","protected":false},"author":2,"featured_media":20997,"comment_status":"","ping_status":"","sticky":false,"template":"","format":"standard","meta":{"footnotes":""},"categories":[5],"tags":[11,1011,27,14,12,28],"class_list":{"0":"post-364106","1":"post","2":"type-post","3":"status-publish","4":"format-standard","5":"has-post-thumbnail","7":"category-international","8":"tag-actualites","9":"tag-fr","10":"tag-france","11":"tag-international","12":"tag-news","13":"tag-world"},"share_on_mastodon":{"url":"https:\/\/pubeurope.com\/@fr\/115142323380956273","error":""},"_links":{"self":[{"href":"https:\/\/www.europesays.com\/fr\/wp-json\/wp\/v2\/posts\/364106","targetHints":{"allow":["GET"]}}],"collection":[{"href":"https:\/\/www.europesays.com\/fr\/wp-json\/wp\/v2\/posts"}],"about":[{"href":"https:\/\/www.europesays.com\/fr\/wp-json\/wp\/v2\/types\/post"}],"author":[{"embeddable":true,"href":"https:\/\/www.europesays.com\/fr\/wp-json\/wp\/v2\/users\/2"}],"replies":[{"embeddable":true,"href":"https:\/\/www.europesays.com\/fr\/wp-json\/wp\/v2\/comments?post=364106"}],"version-history":[{"count":0,"href":"https:\/\/www.europesays.com\/fr\/wp-json\/wp\/v2\/posts\/364106\/revisions"}],"wp:featuredmedia":[{"embeddable":true,"href":"https:\/\/www.europesays.com\/fr\/wp-json\/wp\/v2\/media\/20997"}],"wp:attachment":[{"href":"https:\/\/www.europesays.com\/fr\/wp-json\/wp\/v2\/media?parent=364106"}],"wp:term":[{"taxonomy":"category","embeddable":true,"href":"https:\/\/www.europesays.com\/fr\/wp-json\/wp\/v2\/categories?post=364106"},{"taxonomy":"post_tag","embeddable":true,"href":"https:\/\/www.europesays.com\/fr\/wp-json\/wp\/v2\/tags?post=364106"}],"curies":[{"name":"wp","href":"https:\/\/api.w.org\/{rel}","templated":true}]}}