{"id":364107,"date":"2025-09-03T20:46:11","date_gmt":"2025-09-03T20:46:11","guid":{"rendered":"https:\/\/www.europesays.com\/fr\/364107\/"},"modified":"2025-09-03T20:46:11","modified_gmt":"2025-09-03T20:46:11","slug":"suicide-de-caroline-grandjean-victime-de-harcelement-homophobe-les-obseques-de-la-directrice-decole-auront-lieu-jeudi","status":"publish","type":"post","link":"https:\/\/www.europesays.com\/fr\/364107\/","title":{"rendered":"Suicide de Caroline Grandjean, victime de harc\u00e8lement homophobe : les obs\u00e8ques de la directrice d\u2019\u00e9cole auront lieu jeudi"},"content":{"rendered":"<p class=\"paragraph text_align_left lp-f-body-02\">Les obs\u00e8ques de Caroline Grandjean, la directrice et enseignante d\u2019une \u00e9cole du Cantal qui <a href=\"https:\/\/www.leparisien.fr\/societe\/homosexuelle-et-harcelee-une-directrice-decole-se-suicide-le-jour-de-la-rentree-02-09-2025-DYYUUY65LBHXZKB7WS6S7LLVZ4.php\" target=\"_self\" rel=\"nofollow noopener\">s\u2019est suicid\u00e9e<\/a> lundi 1er septembre, se d\u00e9rouleront jeudi \u00e0 midi. La c\u00e9r\u00e9monie se tiendra au cr\u00e9matorium de Saint-Cernin, \u00e0 une quarantaine de kilom\u00e8tres de Saint-Vincent-de-Salers, o\u00f9 elle vivait en toute discr\u00e9tion avec sa femme. Victime d\u2019insultes homophobes et de menaces de la part d\u2019un corbeau qui n\u2019a jamais \u00e9t\u00e9 identifi\u00e9, la d\u00e9funte avait renonc\u00e9 \u00e0 exercer \u00e0 la rentr\u00e9e 2024 et se trouvait depuis en arr\u00eat maladie.<\/p>\n<p class=\"paragraph text_align_left lp-f-body-02\">Le groupe Facebook des directeurs et directrices d\u2019\u00e9coles, o\u00f9 elle avait l\u2019habitude d\u2019\u00e9changer avec ses coll\u00e8gues, appelle \u00e0 une minute de silence au moment de ses obs\u00e8ques dans toutes les \u00e9coles de France. \u00ab \u00c0 midi, je rendrai les \u00e9l\u00e8ves \u00e0 leurs parents et ensuite j\u2019observerai un moment de recueillement avec ma coll\u00e8gue pour Caroline \u00bb, raconte une directrice d\u2019une petite \u00e9cole de l\u2019ouest de la France.<\/p>\n<p>\u00ab Sa solitude a d\u00fb \u00eatre terrible \u00bb<\/p>\n<p class=\"paragraph text_align_left lp-f-body-02\"><a href=\"https:\/\/www.leparisien.fr\/societe\/cest-une-histoire-qui-finira-mal-les-glacantes-paroles-de-la-directrice-decole-qui-sest-suicidee-03-09-2025-DMX5Z3WZ5VG47LHOJRUDK677IQ.php\" target=\"_self\" rel=\"nofollow noopener\">La descente aux enfers de Caroline Grandjean<\/a>, jusqu\u2019en 2024 \u00e0 la t\u00eate de la <a href=\"https:\/\/www.leparisien.fr\/societe\/harcelee-par-un-corbeau-homophobe-linstitutrice-na-pas-fait-sa-rentree-03-09-2024-IFN4FO4NARDIBDID3E2YUTDNBY.php\" target=\"_self\" rel=\"nofollow noopener\">classe unique de Moussages<\/a>, un village isol\u00e9 de 250 habitants, a \u00e9branl\u00e9 la profession. \u00ab \u00c7a m\u2019a boulevers\u00e9, t\u00e9moigne une directrice d\u2019\u00e9cole parisienne. Sa solitude a d\u00fb \u00eatre terrible. Dans l\u2019arrondissement o\u00f9 je travaille, on a un groupe de parole des directeurs et directrices. On se retrouve, on parle de ce qui nous emp\u00eache, certains pleurent parfois\u2026 \u00c9lisabeth Borne (la ministre de l\u2019\u00c9ducation) a ax\u00e9 cette rentr\u00e9e sous le signe du bien-\u00eatre des \u00e9l\u00e8ves et des enseignants, et on d\u00e9bute l\u2019ann\u00e9e avec ce drame, et ce silence de l\u2019institution face \u00e0 la souffrance de cette coll\u00e8gue. \u00bb<\/p>\n<p class=\"paragraph text_align_left lp-f-body-02\">\u00ab Je suis en col\u00e8re, encha\u00eene cette autre directrice d\u2019une \u00e9cole dans le sud de la France. Encore une fois le minist\u00e8re est en dessous de tout. \u00bb Pour tenter de faire la lumi\u00e8re sur ce drame et d\u2019\u00e9ventuelles responsabilit\u00e9s dans la cha\u00eene hi\u00e9rarchique, \u00c9lisabeth Borne a annonc\u00e9 mardi soir l\u2019ouverture d\u2019une enqu\u00eate administrative. Dans le m\u00eame temps, le groupe des directeurs et directrices d\u2019\u00e9cole a lanc\u00e9 une cagnotte pour la famille de Caroline qui a d\u00e9j\u00e0 recueilli plus de 11 000 euros.<\/p>\n","protected":false},"excerpt":{"rendered":"Les obs\u00e8ques de Caroline Grandjean, la directrice et enseignante d\u2019une \u00e9cole du Cantal qui s\u2019est suicid\u00e9e lundi 1er&hellip;\n","protected":false},"author":2,"featured_media":364108,"comment_status":"","ping_status":"","sticky":false,"template":"","format":"standard","meta":{"footnotes":""},"categories":[4],"tags":[11,459,1011,27,12,25,104],"class_list":{"0":"post-364107","1":"post","2":"type-post","3":"status-publish","4":"format-standard","5":"has-post-thumbnail","7":"category-france","8":"tag-actualites","9":"tag-departements-horsidfo","10":"tag-fr","11":"tag-france","12":"tag-news","13":"tag-republique-francaise","14":"tag-societe"},"share_on_mastodon":{"url":"https:\/\/pubeurope.com\/@fr\/115142327407365538","error":""},"_links":{"self":[{"href":"https:\/\/www.europesays.com\/fr\/wp-json\/wp\/v2\/posts\/364107","targetHints":{"allow":["GET"]}}],"collection":[{"href":"https:\/\/www.europesays.com\/fr\/wp-json\/wp\/v2\/posts"}],"about":[{"href":"https:\/\/www.europesays.com\/fr\/wp-json\/wp\/v2\/types\/post"}],"author":[{"embeddable":true,"href":"https:\/\/www.europesays.com\/fr\/wp-json\/wp\/v2\/users\/2"}],"replies":[{"embeddable":true,"href":"https:\/\/www.europesays.com\/fr\/wp-json\/wp\/v2\/comments?post=364107"}],"version-history":[{"count":0,"href":"https:\/\/www.europesays.com\/fr\/wp-json\/wp\/v2\/posts\/364107\/revisions"}],"wp:featuredmedia":[{"embeddable":true,"href":"https:\/\/www.europesays.com\/fr\/wp-json\/wp\/v2\/media\/364108"}],"wp:attachment":[{"href":"https:\/\/www.europesays.com\/fr\/wp-json\/wp\/v2\/media?parent=364107"}],"wp:term":[{"taxonomy":"category","embeddable":true,"href":"https:\/\/www.europesays.com\/fr\/wp-json\/wp\/v2\/categories?post=364107"},{"taxonomy":"post_tag","embeddable":true,"href":"https:\/\/www.europesays.com\/fr\/wp-json\/wp\/v2\/tags?post=364107"}],"curies":[{"name":"wp","href":"https:\/\/api.w.org\/{rel}","templated":true}]}}