{"id":364111,"date":"2025-09-03T20:48:12","date_gmt":"2025-09-03T20:48:12","guid":{"rendered":"https:\/\/www.europesays.com\/fr\/364111\/"},"modified":"2025-09-03T20:48:12","modified_gmt":"2025-09-03T20:48:12","slug":"saint-genest-lerpt-la-ligue-de-protection-des-oiseaux-propose-de-nombreux-rendez-vous","status":"publish","type":"post","link":"https:\/\/www.europesays.com\/fr\/364111\/","title":{"rendered":"Saint-Genest-Lerpt. La Ligue de Protection des Oiseaux propose de nombreux rendez-vous"},"content":{"rendered":"<p>Depuis 1912, la Ligue de Protection des Oiseaux \u0153uvre pour \u00ab\u00a0inventorier les populations d\u2019esp\u00e8ces de divers taxons (oiseaux, mammif\u00e8res, herp\u00e9tofaune,\u00a0etc.), mettre en place des actions de protection de la biodiversit\u00e9, sensibiliser le grand public et les scolaires ou encore g\u00e9rer \u00e9cologiquement des terrains qui nous sont confi\u00e9s ou dont nous sommes propri\u00e9taires\u00a0\u00bb, d\u00e9taille Margaux Dumoulin, charg\u00e9e de vie associative dans la Loire de la LPO AuRA. \u00c0 Saint-\u00c9tienne, la LPO dispose de locaux au 11 rue&#8230;<\/p>\n","protected":false},"excerpt":{"rendered":"Depuis 1912, la Ligue de Protection des Oiseaux \u0153uvre pour \u00ab\u00a0inventorier les populations d\u2019esp\u00e8ces de divers taxons (oiseaux,&hellip;\n","protected":false},"author":2,"featured_media":364112,"comment_status":"","ping_status":"","sticky":false,"template":"","format":"standard","meta":{"footnotes":""},"categories":[9653],"tags":[1111,11,2430,1687,7539,1777,674,1011,27,12,25,4001,7538],"class_list":{"0":"post-364111","1":"post","2":"type-post","3":"status-publish","4":"format-standard","5":"has-post-thumbnail","7":"category-saint-etienne","8":"tag-actu","9":"tag-actualites","10":"tag-auvergne-rhone-alpes","11":"tag-culture-loisirs","12":"tag-edition-loire-sud","13":"tag-eu","14":"tag-europe","15":"tag-fr","16":"tag-france","17":"tag-news","18":"tag-republique-francaise","19":"tag-saint-etienne","20":"tag-saint-etienne-ville"},"share_on_mastodon":{"url":"https:\/\/pubeurope.com\/@fr\/115142335103763881","error":""},"_links":{"self":[{"href":"https:\/\/www.europesays.com\/fr\/wp-json\/wp\/v2\/posts\/364111","targetHints":{"allow":["GET"]}}],"collection":[{"href":"https:\/\/www.europesays.com\/fr\/wp-json\/wp\/v2\/posts"}],"about":[{"href":"https:\/\/www.europesays.com\/fr\/wp-json\/wp\/v2\/types\/post"}],"author":[{"embeddable":true,"href":"https:\/\/www.europesays.com\/fr\/wp-json\/wp\/v2\/users\/2"}],"replies":[{"embeddable":true,"href":"https:\/\/www.europesays.com\/fr\/wp-json\/wp\/v2\/comments?post=364111"}],"version-history":[{"count":0,"href":"https:\/\/www.europesays.com\/fr\/wp-json\/wp\/v2\/posts\/364111\/revisions"}],"wp:featuredmedia":[{"embeddable":true,"href":"https:\/\/www.europesays.com\/fr\/wp-json\/wp\/v2\/media\/364112"}],"wp:attachment":[{"href":"https:\/\/www.europesays.com\/fr\/wp-json\/wp\/v2\/media?parent=364111"}],"wp:term":[{"taxonomy":"category","embeddable":true,"href":"https:\/\/www.europesays.com\/fr\/wp-json\/wp\/v2\/categories?post=364111"},{"taxonomy":"post_tag","embeddable":true,"href":"https:\/\/www.europesays.com\/fr\/wp-json\/wp\/v2\/tags?post=364111"}],"curies":[{"name":"wp","href":"https:\/\/api.w.org\/{rel}","templated":true}]}}