{"id":364117,"date":"2025-09-03T20:51:12","date_gmt":"2025-09-03T20:51:12","guid":{"rendered":"https:\/\/www.europesays.com\/fr\/364117\/"},"modified":"2025-09-03T20:51:12","modified_gmt":"2025-09-03T20:51:12","slug":"mobilisation-du-10-septembre-une-assemblee-generale-rassemble-plus-de-200-personnes-a-vandoeuvre-les-nancy","status":"publish","type":"post","link":"https:\/\/www.europesays.com\/fr\/364117\/","title":{"rendered":"Mobilisation du 10 septembre\u00a0: une assembl\u00e9e g\u00e9n\u00e9rale rassemble plus de 200 personnes \u00e0 Vand\u0153uvre-l\u00e8s-Nancy"},"content":{"rendered":"<p>Pr\u00e8s de 200 personnes se sont rassembl\u00e9e place du march\u00e9 \u00e0 Vand\u0153uvre-l\u00e8s-Nancy, mercredi 3 septembre, en d\u00e9but de soir\u00e9e, pour pr\u00e9parer la mobilisation du 10 septembre. Des participants aux profils tr\u00e8s diff\u00e9rents, venus se compter \u00e0 l&rsquo;assembl\u00e9e g\u00e9n\u00e9rale. <\/p>\n<p>Une <strong>assembl\u00e9e g\u00e9n\u00e9rale s&rsquo;est tenue sur la place du march\u00e9<\/strong> \u00e0 Vand\u0153uvre-l\u00e8s-Nancy, mercredi 3 septembre, en d\u00e9but de soir\u00e9e, avant la mobilisation du 10 septembre. Des participants aux profils tr\u00e8s diff\u00e9rents, venus \u00e0 la r\u00e9union pour se compter et dessiner les premi\u00e8res actions.<\/p>\n<p>Diff\u00e9rents modes d&rsquo;action<\/p>\n<p>Tous esp\u00e8rent un mouvement massif, \u00e0 l&rsquo;image de cette assistante commerciale. \u00ab\u00a0J&rsquo;aimerais voir le plus de personnes mobilis\u00e9es possible, qui viennent de tous horizons, et qu&rsquo;on marche tous ensemble pour un vrai changement\u00a0\u00bb, aspire cette jeune femme d&rsquo;une trentaine d&rsquo;ann\u00e9es. Changement qui se traduirait par la d\u00e9mission de Fran\u00e7ois Bayrou pour cette sympathisante de gauche. \u00ab\u00a0Cela passerait par un nouveau gouvernement, qui prendrait mieux en consid\u00e9ration l&rsquo;h\u00f4pital, les \u00e9coles&#8230; Il faudrait r\u00e9tablir une justice sociale.\u00a0\u00bb<\/p>\n<p><img loading=\"lazy\" decoding=\"async\" class=\"VisualPreview svelte-1rldrkz\" src=\"data:image\/jpeg;base64,\/9j\/2wBDACgcHiMeGSgjISMtKygwPGRBPDc3PHtYXUlkkYCZlo+AjIqgtObDoKrarYqMyP\/L2u71\/\/\/\/m8H\/\/\/\/6\/+b9\/\/j\/2wBDASstLTw1PHZBQXb4pYyl+Pj4+Pj4+Pj4+Pj4+Pj4+Pj4+Pj4+Pj4+Pj4+Pj4+Pj4+Pj4+Pj4+Pj4+Pj4+Pj4+Pj\/wAARCAAfACoDASIAAhEBAxEB\/8QAGAABAQEBAQAAAAAAAAAAAAAAAgEAAwT\/xAAXEAEBAQEAAAAAAAAAAAAAAAABABEC\/8QAFQEBAQAAAAAAAAAAAAAAAAAAAAH\/xAAUEQEAAAAAAAAAAAAAAAAAAAAA\/9oADAMBAAIRAxEAPwDyJTLolMgAT5LBIIFyToEsg5UytojBIKEwiqEssEoj\/9k=\" alt=\"Le mouvement &quot;Bloquons tout&quot; pr\u00e9voit diverses actions mercredi 10 septembre.\" width=\"600\" height=\"450\"\/>  Le mouvement \u00ab\u00a0Bloquons tout\u00a0\u00bb pr\u00e9voit diverses actions mercredi 10 septembre. \u00a9 Radio France &#8211; Marie Roussel<\/p>\n<p>Des \u00e9lecteurs du Rassemblement National se sont \u00e9galement d\u00e9plac\u00e9s pour assister \u00e0 l&rsquo;assembl\u00e9e g\u00e9n\u00e9rale. C&rsquo;est le cas de cette m\u00e8re, accompagn\u00e9e de sa fille. \u00ab\u00a0Le peuple souffre, et c&rsquo;est toujours le peuple qui doit payer, ce n&rsquo;est pas normal.\u00a0\u00bb Elles pr\u00e9voient de rester \u00e0 la maison le 10 septembre.<\/p>\n<p>Enfin, des gilets jaunes de la premi\u00e8re heure sont aussi pr\u00e9sents. Sophie fait partie du groupe Nancy Porte Sud. \u00ab\u00a0Ce mouvement est une forme de continuit\u00e9 [\u00e0 celui des gilets jaunes]. En esp\u00e9rant qu&rsquo;il ira plus loin, et qu&rsquo;il ne commettra pas les m\u00eames erreurs.\u00a0\u00bb<\/p>\n<p>Cette foule, h\u00e9t\u00e9roclite, a propos\u00e9 <strong>diff\u00e9rents modes d&rsquo;action<\/strong> pour le 10 septembre. Ap\u00e9ro, buffet convivial, manifestation, en passant par le blocage. Certains, masqu\u00e9s, ont \u00e9galement appel\u00e9 \u00e0 des actions de sabotage.<\/p>\n","protected":false},"excerpt":{"rendered":"Pr\u00e8s de 200 personnes se sont rassembl\u00e9e place du march\u00e9 \u00e0 Vand\u0153uvre-l\u00e8s-Nancy, mercredi 3 septembre, en d\u00e9but de&hellip;\n","protected":false},"author":2,"featured_media":364118,"comment_status":"","ping_status":"","sticky":false,"template":"","format":"standard","meta":{"footnotes":""},"categories":[9635],"tags":[1111,11,1777,674,1011,27,775,1702,12,25],"class_list":{"0":"post-364117","1":"post","2":"type-post","3":"status-publish","4":"format-standard","5":"has-post-thumbnail","7":"category-nancy","8":"tag-actu","9":"tag-actualites","10":"tag-eu","11":"tag-europe","12":"tag-fr","13":"tag-france","14":"tag-grand-est","15":"tag-nancy","16":"tag-news","17":"tag-republique-francaise"},"share_on_mastodon":{"url":"https:\/\/pubeurope.com\/@fr\/115142346903272637","error":""},"_links":{"self":[{"href":"https:\/\/www.europesays.com\/fr\/wp-json\/wp\/v2\/posts\/364117","targetHints":{"allow":["GET"]}}],"collection":[{"href":"https:\/\/www.europesays.com\/fr\/wp-json\/wp\/v2\/posts"}],"about":[{"href":"https:\/\/www.europesays.com\/fr\/wp-json\/wp\/v2\/types\/post"}],"author":[{"embeddable":true,"href":"https:\/\/www.europesays.com\/fr\/wp-json\/wp\/v2\/users\/2"}],"replies":[{"embeddable":true,"href":"https:\/\/www.europesays.com\/fr\/wp-json\/wp\/v2\/comments?post=364117"}],"version-history":[{"count":0,"href":"https:\/\/www.europesays.com\/fr\/wp-json\/wp\/v2\/posts\/364117\/revisions"}],"wp:featuredmedia":[{"embeddable":true,"href":"https:\/\/www.europesays.com\/fr\/wp-json\/wp\/v2\/media\/364118"}],"wp:attachment":[{"href":"https:\/\/www.europesays.com\/fr\/wp-json\/wp\/v2\/media?parent=364117"}],"wp:term":[{"taxonomy":"category","embeddable":true,"href":"https:\/\/www.europesays.com\/fr\/wp-json\/wp\/v2\/categories?post=364117"},{"taxonomy":"post_tag","embeddable":true,"href":"https:\/\/www.europesays.com\/fr\/wp-json\/wp\/v2\/tags?post=364117"}],"curies":[{"name":"wp","href":"https:\/\/api.w.org\/{rel}","templated":true}]}}