{"id":364119,"date":"2025-09-03T20:52:17","date_gmt":"2025-09-03T20:52:17","guid":{"rendered":"https:\/\/www.europesays.com\/fr\/364119\/"},"modified":"2025-09-03T20:52:17","modified_gmt":"2025-09-03T20:52:17","slug":"course-de-caisses-a-savon-forum-des-associations-vide-grenier-les-animations-qui-vous-attendent-pour-ce-mois-de-septembre-a-sollies-ville","status":"publish","type":"post","link":"https:\/\/www.europesays.com\/fr\/364119\/","title":{"rendered":"Course de caisses \u00e0 savon, forum des associations, vide-grenier&#8230; Les animations qui vous attendent pour ce mois de septembre \u00e0 Solli\u00e8s-Ville"},"content":{"rendered":"<p>Apr\u00e8s un \u00e9t\u00e9 encore tr\u00e8s anim\u00e9 au village, le mois de septembre d\u00e9marre \u00e9galement sur les chapeaux des roues, notamment avec la grande course des caisses \u00e0 savon.<\/p>\n<p><strong>Vendredi 5,<\/strong> de 16h \u00e0 19h le forum des associations vous accueillera sur la place Jean-Aicard.<\/p>\n<p><strong>Dimanche 7,<\/strong> de 9h \u00e0 17h suivra la d\u00e9sormais traditionnelle course de caisses \u00e0 savon pour sa 4e \u00e9dition organis\u00e9e par le Team Adr\u00e9naline SSV (T\u00e9l 06.24.28.05.05).<\/p>\n<p><strong>Vendredi 12,<\/strong> \u00e0 14h, le CCAS organise un apr\u00e8s-midi \u00ab\u00a0portes ouvertes\u00a0\u00bb au foyer des anciens, l\u2019Oustaou des deux soleils, rue R\u00e9publique (sur inscription au 04.94.33.72.02. ou au 07.78.87.85.92.).<\/p>\n<p><strong>Samedi 20<\/strong>, de 10h \u00e0 12h puis de 14h \u00e0 17h et dimanche 21 septembre de 14h \u00e0 17h, week-end des journ\u00e9es du patrimoine europ\u00e9en avec les visites du mus\u00e9e du v\u00eatement proven\u00e7al et du mus\u00e9e Jean Aicard.<\/p>\n<p><strong>Samedi 27<\/strong> \u00e0 20h, veill\u00e9e \u00e0 la bougie chez l\u2019\u00e9crivain Jean Aicard avec des lectures de po\u00e9sies accompagn\u00e9es musicalement par les fl\u00fbtes de pan du groupe Samara.<\/p>\n<p><strong>Dimanche 28 septembre<\/strong> de 9h \u00e0 17h l\u2019association Solli\u00e8s Biz organise un grand vide grenier sur la place Jean Aicard. R\u00e9servations au restaurant Tournebride (t\u00e9l 04.94.28.94.09.). <\/p>\n","protected":false},"excerpt":{"rendered":"Apr\u00e8s un \u00e9t\u00e9 encore tr\u00e8s anim\u00e9 au village, le mois de septembre d\u00e9marre \u00e9galement sur les chapeaux des&hellip;\n","protected":false},"author":2,"featured_media":364120,"comment_status":"","ping_status":"","sticky":false,"template":"","format":"standard","meta":{"footnotes":""},"categories":[9619],"tags":[1111,11,1777,674,1011,27,1393,12,882,25,2310],"class_list":{"0":"post-364119","1":"post","2":"type-post","3":"status-publish","4":"format-standard","5":"has-post-thumbnail","7":"category-toulon","8":"tag-actu","9":"tag-actualites","10":"tag-eu","11":"tag-europe","12":"tag-fr","13":"tag-france","14":"tag-loisirs","15":"tag-news","16":"tag-provence-alpes-cote-dazur","17":"tag-republique-francaise","18":"tag-toulon"},"share_on_mastodon":{"url":"https:\/\/pubeurope.com\/@fr\/115142350834840492","error":""},"_links":{"self":[{"href":"https:\/\/www.europesays.com\/fr\/wp-json\/wp\/v2\/posts\/364119","targetHints":{"allow":["GET"]}}],"collection":[{"href":"https:\/\/www.europesays.com\/fr\/wp-json\/wp\/v2\/posts"}],"about":[{"href":"https:\/\/www.europesays.com\/fr\/wp-json\/wp\/v2\/types\/post"}],"author":[{"embeddable":true,"href":"https:\/\/www.europesays.com\/fr\/wp-json\/wp\/v2\/users\/2"}],"replies":[{"embeddable":true,"href":"https:\/\/www.europesays.com\/fr\/wp-json\/wp\/v2\/comments?post=364119"}],"version-history":[{"count":0,"href":"https:\/\/www.europesays.com\/fr\/wp-json\/wp\/v2\/posts\/364119\/revisions"}],"wp:featuredmedia":[{"embeddable":true,"href":"https:\/\/www.europesays.com\/fr\/wp-json\/wp\/v2\/media\/364120"}],"wp:attachment":[{"href":"https:\/\/www.europesays.com\/fr\/wp-json\/wp\/v2\/media?parent=364119"}],"wp:term":[{"taxonomy":"category","embeddable":true,"href":"https:\/\/www.europesays.com\/fr\/wp-json\/wp\/v2\/categories?post=364119"},{"taxonomy":"post_tag","embeddable":true,"href":"https:\/\/www.europesays.com\/fr\/wp-json\/wp\/v2\/tags?post=364119"}],"curies":[{"name":"wp","href":"https:\/\/api.w.org\/{rel}","templated":true}]}}