{"id":364123,"date":"2025-09-03T20:54:14","date_gmt":"2025-09-03T20:54:14","guid":{"rendered":"https:\/\/www.europesays.com\/fr\/364123\/"},"modified":"2025-09-03T20:54:14","modified_gmt":"2025-09-03T20:54:14","slug":"caves-fouillees-squats-demanteles-controles-didentite-a-montpellier-plus-de-100-policiers-mobilises-a-la-mosson-contre-le-narcotrafic","status":"publish","type":"post","link":"https:\/\/www.europesays.com\/fr\/364123\/","title":{"rendered":"Caves fouill\u00e9es, squats d\u00e9mantel\u00e9s, contr\u00f4les d\u2019identit\u00e9\u00a0: \u00e0 Montpellier, plus de 100 policiers mobilis\u00e9s \u00e0 la Mosson contre le narcotrafic"},"content":{"rendered":"<p>\n                                                                \u00ab\u00a0Traquer les acteurs des trafics de stup\u00e9fiants\u00a0\u00bb, \u00ab\u00a0s\u2019attaquer aux vitrines du blanchiment d\u2019argent\u00a0\u00bb\u00a0: le pr\u00e9fet de l\u2019H\u00e9rault a lanc\u00e9, mardi 2\u00a0septembre, une vaste op\u00e9ration de lutte contre le narcotrafic dans le quartier de la Mosson \u00e0 Montpellier.\n                            <\/p>\n<p>Soixante CRS et cinquante autres policiers h\u00e9raultais (police judiciaire, s\u00e9curit\u00e9 publique, brigade canine, police aux fronti\u00e8res\u2026) sont mobilis\u00e9s\u00a0depuis mardi 2\u00a0septembre dans le quartier de la Mosson, au nord de Montpellier, pour une vaste op\u00e9ration de lutte contre le narcotrafic.<\/p>\n<p>Son but\u00a0: \u00ab\u00a0briser l\u2019\u00e9cosyst\u00e8me de la drogue\u00a0\u00bb, annonce\u00a0le pr\u00e9fet de l\u2019H\u00e9rault, Fran\u00e7ois-Xavier Lauch, dans un communiqu\u00e9 publi\u00e9 le jour m\u00eame de ce d\u00e9ploiement, mis en place en lien avec le procureur de la R\u00e9publique et qui s\u2019inscrit dans le cadre du dispositif \u00ab\u00a0ville de s\u00e9curit\u00e9 renforc\u00e9e\u00a0\u00bb.<\/p>\n<p>\u00ab\u00a0S\u2019attaquer aux vitrines du blanchiment d\u2019argent\u00a0\u00bb<\/p>\n<p>Le pr\u00e9fet parle d\u2019une op\u00e9ration, \u00ab\u00a0fruit de longues investigations judiciaires et d\u2019un travail administratif minutieux des services de l\u2019\u00c9tat (forces de s\u00e9curit\u00e9, pr\u00e9fecture, DDFIP\u2026)\u00a0\u00bb qui consiste \u00e0 \u00ab\u00a0traquer les acteurs des trafics de stup\u00e9fiants, \u00e0\u00a0d\u00e9manteler les points de deal, \u00e0\u00a0s\u2019attaquer aux vitrines du blanchiment d\u2019argent et \u00e0 toutes formes de trafics ill\u00e9gaux\u00a0par la multiplication des contr\u00f4les de commerces\u00a0\u00bb.<\/p>\n<p>\u00ab\u00a0Forte pr\u00e9sence polici\u00e8re pendant dix jours\u00a0\u00bb<\/p>\n<p>Au cours de cette op\u00e9ration, de nombreux commerces seront contr\u00f4l\u00e9s avec le partenariat des administrations concern\u00e9es (Urssaf, inspection du travail\u2026), tandis que le quartier sera s\u00e9curis\u00e9 par une forte pr\u00e9sence polici\u00e8re pendant dix jours.<\/p>\n<p>\u00ab\u00a0Les forces de s\u00e9curit\u00e9 vont\u00a0occuper le terrain pour assainir le quartier, fouiller les caves, les parties communes des immeubles, d\u00e9manteler les squats, s\u00e9curiser la voie publique et les transports en commun, proc\u00e9der \u00e0 des contr\u00f4les d\u2019identit\u00e9 ainsi qu\u2019\u00e0 des contr\u00f4les routiers. Avec l\u2019appui de la police municipale, de la police municipale des transports et du GSRI (s\u00fbret\u00e9 r\u00e9sidentielle inter-bailleurs, NDLR), c\u2019est tout un continuum de s\u00e9curit\u00e9 qui est mobilis\u00e9\u00a0\u00bb, indique le pr\u00e9fet.<\/p>\n<p>Fran\u00e7ois-Xavier Lauch pr\u00e9cise que depuis la mise en place du dispositif \u00ab\u00a0ville de s\u00e9curit\u00e9 renforc\u00e9e\u00a0\u00bb en\u00a0f\u00e9vrier dernier, il a prononc\u00e9 cinq fermetures administratives de commerces dans le secteur Mosson-Celleneuve.<\/p>\n","protected":false},"excerpt":{"rendered":"\u00ab\u00a0Traquer les acteurs des trafics de stup\u00e9fiants\u00a0\u00bb, \u00ab\u00a0s\u2019attaquer aux vitrines du blanchiment d\u2019argent\u00a0\u00bb\u00a0: le pr\u00e9fet de l\u2019H\u00e9rault a&hellip;\n","protected":false},"author":2,"featured_media":364124,"comment_status":"","ping_status":"","sticky":false,"template":"","format":"standard","meta":{"footnotes":""},"categories":[9599],"tags":[1111,11,1777,674,1011,27,2208,12,2680,25],"class_list":{"0":"post-364123","1":"post","2":"type-post","3":"status-publish","4":"format-standard","5":"has-post-thumbnail","7":"category-montpellier","8":"tag-actu","9":"tag-actualites","10":"tag-eu","11":"tag-europe","12":"tag-fr","13":"tag-france","14":"tag-montpellier","15":"tag-news","16":"tag-occitanie","17":"tag-republique-francaise"},"share_on_mastodon":{"url":"https:\/\/pubeurope.com\/@fr\/115142358657647543","error":""},"_links":{"self":[{"href":"https:\/\/www.europesays.com\/fr\/wp-json\/wp\/v2\/posts\/364123","targetHints":{"allow":["GET"]}}],"collection":[{"href":"https:\/\/www.europesays.com\/fr\/wp-json\/wp\/v2\/posts"}],"about":[{"href":"https:\/\/www.europesays.com\/fr\/wp-json\/wp\/v2\/types\/post"}],"author":[{"embeddable":true,"href":"https:\/\/www.europesays.com\/fr\/wp-json\/wp\/v2\/users\/2"}],"replies":[{"embeddable":true,"href":"https:\/\/www.europesays.com\/fr\/wp-json\/wp\/v2\/comments?post=364123"}],"version-history":[{"count":0,"href":"https:\/\/www.europesays.com\/fr\/wp-json\/wp\/v2\/posts\/364123\/revisions"}],"wp:featuredmedia":[{"embeddable":true,"href":"https:\/\/www.europesays.com\/fr\/wp-json\/wp\/v2\/media\/364124"}],"wp:attachment":[{"href":"https:\/\/www.europesays.com\/fr\/wp-json\/wp\/v2\/media?parent=364123"}],"wp:term":[{"taxonomy":"category","embeddable":true,"href":"https:\/\/www.europesays.com\/fr\/wp-json\/wp\/v2\/categories?post=364123"},{"taxonomy":"post_tag","embeddable":true,"href":"https:\/\/www.europesays.com\/fr\/wp-json\/wp\/v2\/tags?post=364123"}],"curies":[{"name":"wp","href":"https:\/\/api.w.org\/{rel}","templated":true}]}}