{"id":364126,"date":"2025-09-03T20:56:21","date_gmt":"2025-09-03T20:56:21","guid":{"rendered":"https:\/\/www.europesays.com\/fr\/364126\/"},"modified":"2025-09-03T20:56:21","modified_gmt":"2025-09-03T20:56:21","slug":"10-septembre-a-rouen-notre-force-cest-de-pouvoir-bloquer-leconomie-mediapart","status":"publish","type":"post","link":"https:\/\/www.europesays.com\/fr\/364126\/","title":{"rendered":"10 septembre : \u00e0 Rouen, \u00ab notre force c\u2019est de pouvoir bloquer l\u2019\u00e9conomie \u00bb &#8211; Mediapart"},"content":{"rendered":"<ol>\n<li><a href=\"https:\/\/news.google.com\/rss\/articles\/CBMiswFBVV95cUxOek51QzlnQnpaM0lNN1ZydlZoeXNTelRjQ1lJV0k2cGx6LU5BeVBBREJrUmtqRlFpbGxyX3hvakRvaFE1V2xTQ3pkeTZQb3JDcngwRnhRdnkzZE5vS252V0tNazh4Wlc5VDlrXzNQUnlSd2lIb21iVk1NRm8tZlJULTREejJlclVKT3lBbzkxSGJxMHVBeTNyejVTMUVQSWxsYzdkQVAwdEpDUEt4NTdyNEQzbw?oc=5\" target=\"_blank\" rel=\"noopener\">10 septembre : \u00e0 Rouen, \u00ab notre force c\u2019est de pouvoir bloquer l\u2019\u00e9conomie \u00bb<\/a>&nbsp;&nbsp;Mediapart<\/li>\n<li><a href=\"https:\/\/news.google.com\/rss\/articles\/CBMi9AFBVV95cUxPSVRPUWZWdFZTeG5XYTJDdUVvT08xLWp6UnZ3UVR2MGVFdXJFbVEwZVZPUE5XYkVaMU5felZKQ0NRR0F0RV9VYnl1TXVGeE8tcG44dXM0eGs1a252cGpnWXo1cFd5Tmhac2pwakwtRERReTVadlYwaEV5eHdHcjBXOVFnR0toaGxwbVpaejlxTF9LS3lqTC1idVdVN2dod2xMSWR4b0Q2clVkdkNVRFpnSHlEczFMTHZMWWxTOFJaSkFmNGx2bTlIVVc4cHcyTWVfZkY4VXJpMW9hRWZkZGdfNG9ZQWtjb0JEZXAzYjRzU093eEJN?oc=5\" target=\"_blank\" rel=\"noopener\">Mouvement du 10 septembre : pourquoi une gr\u00e8ve massive est incertaine, malgr\u00e9 une profonde col\u00e8re<\/a>&nbsp;&nbsp;Le Monde.fr<\/li>\n<li><a href=\"https:\/\/news.google.com\/rss\/articles\/CBMixAFBVV95cUxNcS05NU91b0pwQWVBaDRYbTZfNHNkQVNRc083cVlaWk9IcENPbkxOTlJxbmdRQ1pUcGRtZzJpRmJITWFYQ0U3andJRTZrVy1YT1hja0xuNmo3T2lfeVZ4RmV0cnNDX2poWlQ4aWg3UEFxMFlYU3Ria2xtWXJSOXJteXJCT1FXRktpV3hFNkNFMWNTQ3VvWXRuVjVxcG4xdjRUbHhhdW82S2lUTmFYRkdkUnFvalVKTzFsTW5RWUE0dzMzYWIx?oc=5\" target=\"_blank\" rel=\"noopener\">300 personnes r\u00e9unies pour pr\u00e9parer le blocage de Brest mercredi<\/a>&nbsp;&nbsp;Le T\u00e9l\u00e9gramme<\/li>\n<li><a href=\"https:\/\/news.google.com\/rss\/articles\/CBMiigJBVV95cUxQQ0FJRTNoc3g5VXdUS3A4U0tqTmZIWk1mYW5xbGd3dWdLLTkySm5YaXE3OVFzWlZlM25pdF9lQmc1VE9OZktEZmNsWkpMMS1OVklMSl9pN2FYTzNtNzRjUEVmdzNMMXF1Tm9FUkp6dk1zYWhMb3VUaDZoSERXUEJwZENmLUpmRFJHamZmUUxJRGNRM3lFUVN2a3otV1Vpb1NNaFYzejB0bklvdGdYc3A1WlFOamxJMDhRc21BMHFxMFduazhCSnM0QkpqTU5haU4zWWZqaHQ2WW1zUzExczJfNDN3c1hlakJOZm1SQW9kNmxGTjE2a3JaXzNYNmhhbkZvR3lfdGZiRGlhQQ?oc=5\" target=\"_blank\" rel=\"noopener\">Mouvement du 10 septembre : gr\u00e8ves, blocages, sabotages\u2026 La note d\u2019alerte des services de renseignement<\/a>&nbsp;&nbsp;Le Parisien<\/li>\n<li><a href=\"https:\/\/news.google.com\/rss\/articles\/CBMi0gFBVV95cUxPVHJ4dFJCNV9ZRFBPTUt6ZVVRdHdEVTZHbDlFdnNXbTRKQi1hbXFNSmpxTl9pbTl1cmZ5clBVNnZJZzZMRTlFTE16NUNSQVpYRkxmamRvazRfR1hzS2RQSjJoU05LOWppX0xuWlowa192TzFxWlpjd010a2RZeFBma0I1OFUtZlNVOVJyUWpQVUUtNDVVUWxuMUE1Y000bGdmWm9yOGt3R2hmTVNVNXJuZW8tdTIzOUtHN1pMMnltaVRFb282S3VRanNuaU1rVER3ZWc?oc=5\" target=\"_blank\" rel=\"noopener\">\u00ab Bloquons tout \u00bb : les pr\u00e9visions des services du renseignement pour le 10 septembre<\/a>&nbsp;&nbsp;Le Point<\/li>\n<\/ol>\n","protected":false},"excerpt":{"rendered":"10 septembre : \u00e0 Rouen, \u00ab notre force c\u2019est de pouvoir bloquer l\u2019\u00e9conomie \u00bb&nbsp;&nbsp;Mediapart Mouvement du 10 septembre&hellip;\n","protected":false},"author":2,"featured_media":364127,"comment_status":"","ping_status":"","sticky":false,"template":"","format":"standard","meta":{"footnotes":""},"categories":[9587],"tags":[48300,1111,11,1777,674,1011,27,23169,12,5161,25,9590],"class_list":{"0":"post-364126","1":"post","2":"type-post","3":"status-publish","4":"format-standard","5":"has-post-thumbnail","7":"category-rouen","8":"tag-10-septembre","9":"tag-actu","10":"tag-actualites","11":"tag-eu","12":"tag-europe","13":"tag-fr","14":"tag-france","15":"tag-gilets-jaunes","16":"tag-news","17":"tag-normandie","18":"tag-republique-francaise","19":"tag-rouen"},"share_on_mastodon":{"url":"https:\/\/pubeurope.com\/@fr\/115142366481592174","error":""},"_links":{"self":[{"href":"https:\/\/www.europesays.com\/fr\/wp-json\/wp\/v2\/posts\/364126","targetHints":{"allow":["GET"]}}],"collection":[{"href":"https:\/\/www.europesays.com\/fr\/wp-json\/wp\/v2\/posts"}],"about":[{"href":"https:\/\/www.europesays.com\/fr\/wp-json\/wp\/v2\/types\/post"}],"author":[{"embeddable":true,"href":"https:\/\/www.europesays.com\/fr\/wp-json\/wp\/v2\/users\/2"}],"replies":[{"embeddable":true,"href":"https:\/\/www.europesays.com\/fr\/wp-json\/wp\/v2\/comments?post=364126"}],"version-history":[{"count":0,"href":"https:\/\/www.europesays.com\/fr\/wp-json\/wp\/v2\/posts\/364126\/revisions"}],"wp:featuredmedia":[{"embeddable":true,"href":"https:\/\/www.europesays.com\/fr\/wp-json\/wp\/v2\/media\/364127"}],"wp:attachment":[{"href":"https:\/\/www.europesays.com\/fr\/wp-json\/wp\/v2\/media?parent=364126"}],"wp:term":[{"taxonomy":"category","embeddable":true,"href":"https:\/\/www.europesays.com\/fr\/wp-json\/wp\/v2\/categories?post=364126"},{"taxonomy":"post_tag","embeddable":true,"href":"https:\/\/www.europesays.com\/fr\/wp-json\/wp\/v2\/tags?post=364126"}],"curies":[{"name":"wp","href":"https:\/\/api.w.org\/{rel}","templated":true}]}}