{"id":364128,"date":"2025-09-03T21:00:46","date_gmt":"2025-09-03T21:00:46","guid":{"rendered":"https:\/\/www.europesays.com\/fr\/364128\/"},"modified":"2025-09-03T21:00:46","modified_gmt":"2025-09-03T21:00:46","slug":"asse-bernauer-revient-sur-sa-grande-premiere-contre-grenoble","status":"publish","type":"post","link":"https:\/\/www.europesays.com\/fr\/364128\/","title":{"rendered":"ASSE : Bernauer revient sur sa grande premi\u00e8re contre Grenoble"},"content":{"rendered":"<p><strong>Le d\u00e9fenseur de l\u2019ASSE Maxime Bernauer a connu sa premi\u00e8re titularisation de la saison, contre Grenoble (1-1), \u00e0 un poste inhabituel d\u2019arri\u00e8re gauche. Ce qui ne l\u2019a pas d\u00e9stabilis\u00e9 outre mesure.<\/strong><\/p>\n<p>Soir\u00e9e contrast\u00e9e, samedi, pour Maxime Bernauer. Le d\u00e9fenseur de <a href=\"https:\/\/www.butfootballclub.fr\/616956-benjamin-bouchouari-quitte-lasse-pour-rejoindre-trabzonspor\/\" rel=\"noopener\" target=\"_blank\">l\u2019ASSE<\/a> a disput\u00e9 son premier match de la saison \u00e0 cause d\u2019une blessure contract\u00e9e durant la pr\u00e9paration qui lui a fait manquer les trois premi\u00e8res journ\u00e9es. H\u00e9las, <a href=\"https:\/\/www.butfootballclub.fr\/616859-asse-mercato-horneland-reve-de-ce-joker\/\" rel=\"noopener\" target=\"_blank\">les Verts<\/a> n\u2019ont pas r\u00e9ussi \u00e0 s\u2019imposer \u00e0 Geoffroy-Guichard contre Grenoble (1-1). Et en prime, le d\u00e9fenseur a \u00e9volu\u00e9 \u00e0 un poste inhabituel de lat\u00e9ral gauche. Mais il avait \u00e9t\u00e9 \u00e9videmment pr\u00e9venu en amont et, dans l\u2019\u00e9pisode d\u2019Inside Match Week que le club vient de d\u00e9voiler, il a expliqu\u00e9 s\u2019accommoder de ce repositionnement.<\/p>\n<p>\u00ab\u00a0Je vais m\u2019adapter en fonction de mes qualit\u00e9s\u00a0\u00bb<\/p>\n<p>\u00ab\u00a0Je n\u2019ai jamais jou\u00e9 \u00e0 gauche, sauf une mi-temps, un jour, pour d\u00e9panner apr\u00e8s que l\u2019\u00e9quipe ait pris un carton rouge, a-t-il d\u00e9clar\u00e9 \u00e0 une journaliste du club \u00e0 la sortie d\u2019une s\u00e9ance d\u2019entra\u00eenement. Je suis impatient de d\u00e9marrer ce match-l\u00e0, je l\u2019ai dit au coach : peu importe o\u00f9 il me mettra, je ferai le maximum pour aider l\u2019\u00e9quipe. Il se trouve qu\u2019il y a un besoin \u00e0 gauche, je pr\u00e9f\u00e8re \u00eatre sur le terrain que ne pas jouer. Je vais m\u2019adapter en fonction de mes qualit\u00e9s. Et il y a Zuka (Davitashvili) sur le c\u00f4t\u00e9, on va essayer de combiner, de faire les choses bien.\u00a0\u00bb<\/p>\n<p>Cela n\u2019a pas fonctionn\u00e9 aussi bien qu\u2019escompt\u00e9 et il est \u00e9vident qu\u2019\u00e0 l\u2019avenir, Eirik Horneland privil\u00e9giera un vrai sp\u00e9cialiste du couloir comme Ebenezer Annan pour le poste de lat\u00e9ral gauche. Mais il sait d\u00e9sormais que Maxime Bernauer peut d\u00e9panner en cas de coup dur.<\/p>\n","protected":false},"excerpt":{"rendered":"Le d\u00e9fenseur de l\u2019ASSE Maxime Bernauer a connu sa premi\u00e8re titularisation de la saison, contre Grenoble (1-1), \u00e0&hellip;\n","protected":false},"author":2,"featured_media":364129,"comment_status":"","ping_status":"","sticky":false,"template":"","format":"standard","meta":{"footnotes":""},"categories":[9566],"tags":[1111,11,2430,448,1777,674,63,1011,27,2731,66,3388,12,25,10662],"class_list":{"0":"post-364128","1":"post","2":"type-post","3":"status-publish","4":"format-standard","5":"has-post-thumbnail","7":"category-grenoble","8":"tag-actu","9":"tag-actualites","10":"tag-auvergne-rhone-alpes","11":"tag-champions-league","12":"tag-eu","13":"tag-europe","14":"tag-football","15":"tag-fr","16":"tag-france","17":"tag-grenoble","18":"tag-ligue-1","19":"tag-matchs","20":"tag-news","21":"tag-republique-francaise","22":"tag-transferts"},"share_on_mastodon":{"url":"https:\/\/pubeurope.com\/@fr\/115142382266638120","error":""},"_links":{"self":[{"href":"https:\/\/www.europesays.com\/fr\/wp-json\/wp\/v2\/posts\/364128","targetHints":{"allow":["GET"]}}],"collection":[{"href":"https:\/\/www.europesays.com\/fr\/wp-json\/wp\/v2\/posts"}],"about":[{"href":"https:\/\/www.europesays.com\/fr\/wp-json\/wp\/v2\/types\/post"}],"author":[{"embeddable":true,"href":"https:\/\/www.europesays.com\/fr\/wp-json\/wp\/v2\/users\/2"}],"replies":[{"embeddable":true,"href":"https:\/\/www.europesays.com\/fr\/wp-json\/wp\/v2\/comments?post=364128"}],"version-history":[{"count":0,"href":"https:\/\/www.europesays.com\/fr\/wp-json\/wp\/v2\/posts\/364128\/revisions"}],"wp:featuredmedia":[{"embeddable":true,"href":"https:\/\/www.europesays.com\/fr\/wp-json\/wp\/v2\/media\/364129"}],"wp:attachment":[{"href":"https:\/\/www.europesays.com\/fr\/wp-json\/wp\/v2\/media?parent=364128"}],"wp:term":[{"taxonomy":"category","embeddable":true,"href":"https:\/\/www.europesays.com\/fr\/wp-json\/wp\/v2\/categories?post=364128"},{"taxonomy":"post_tag","embeddable":true,"href":"https:\/\/www.europesays.com\/fr\/wp-json\/wp\/v2\/tags?post=364128"}],"curies":[{"name":"wp","href":"https:\/\/api.w.org\/{rel}","templated":true}]}}