{"id":364130,"date":"2025-09-03T21:01:29","date_gmt":"2025-09-03T21:01:29","guid":{"rendered":"https:\/\/www.europesays.com\/fr\/364130\/"},"modified":"2025-09-03T21:01:29","modified_gmt":"2025-09-03T21:01:29","slug":"la-naissance-dadaline-marque-lhistoire-de-cette-maternite-bretonne","status":"publish","type":"post","link":"https:\/\/www.europesays.com\/fr\/364130\/","title":{"rendered":"la naissance d&rsquo;Adaline marque l&rsquo;histoire de cette maternit\u00e9 bretonne"},"content":{"rendered":"<p>            Par<br \/>\n        <strong><br \/>\n            <a href=\"https:\/\/actu.fr\/auteur\/laurene-fertin\" title=\"Consulter tous les articles de Laur\u00e8ne Fertin\" rel=\"nofollow noopener\" target=\"_blank\">Laur\u00e8ne Fertin<\/a><br \/>\n        <\/strong><\/p>\n<p>        Publi\u00e9 le<\/p>\n<p>            3 sept. 2025 \u00e0 18h03        <\/p>\n<p>C\u2019est la photo (si !) chou du jour. Mardi 2 septembre, le <strong>50\u2009000\u1d49 b\u00e9b\u00e9<\/strong> de la <strong>maternit\u00e9 des h\u00f4pitaux priv\u00e9s Rennais<\/strong> \u2013 <strong>Saint-Gr\u00e9goire<\/strong> est n\u00e9. Il s\u2019agit de la petite <strong>Adaline,<\/strong> n\u00e9e \u00e0 15h14, avec l\u2019aide de l\u2019\u00e9quipe soignante.<\/p>\n<p class=\" wall-content\">\u00ab\u2009Cette naissance constitue <strong>une \u00e9tape symbolique<\/strong> de long\u00e9vit\u00e9 et de volume d\u2019activit\u00e9 continue sur le site, lequel a f\u00eat\u00e9 cette ann\u00e9e <strong>ses 20\u00a0ans d\u2019engagement<\/strong> aupr\u00e8s des familles du territoire bretillien\u2009\u00bb, indique les h\u00f4pitaux priv\u00e9s, via un communiqu\u00e9.<\/p>\n<p>160 naissances tous les ans<\/p>\n<p class=\" wall-content\">Tous les ans, <strong>160 naissances sont comptabilis\u00e9es<\/strong> au sein de la maternit\u00e9. Dans les locaux est \u00e0 disposition <strong>une salle nature au bloc obst\u00e9trical<\/strong>, pour les m\u00e8res souhaitant un accouchement physiologique. Une c\u00e9sarienne naturelle est par ailleurs propos\u00e9e, \u00ab\u2009favorisant un v\u00e9cu plus positif de la naissance\u2009\u00bb et \u00ab\u2009en pr\u00e9sence du coparent s\u2019il le souhaite\u2009\u00bb.<\/p>\n<p class=\" wall-content\">Depuis juin\u00a02025, avancent les h\u00f4pitaux priv\u00e9s, <strong>de nouveaux espaces<\/strong> (nomm\u00e9s Cocon) sont propos\u00e9s aux parents pour vivre ce moment unique dans \u00ab\u2009un cadre chaleureux, rassurant et respectueux des parcours de naissance\u2009\u00bb.<\/p>\n<p class=\" wall-content\">Personnalisez votre actualit\u00e9 en ajoutant vos villes et m\u00e9dias en favori avec <a href=\"https:\/\/moncompte.actu.fr\" title=\"D\u00e9couvez Mon Actu\" rel=\"nofollow noopener\" data-trk=\"{&quot;cta&quot;:{&quot;action&quot;:&quot;https:\\\/\\\/moncompte.actu.fr&quot;,&quot;category&quot;:&quot;mon compte&quot;,&quot;from&quot;:&quot;article footer&quot;,&quot;name&quot;:&quot;Mon actu&quot;,&quot;type&quot;:&quot;cta&quot;}}\" target=\"_blank\">Mon Actu<\/a>.<\/p>\n","protected":false},"excerpt":{"rendered":"Par Laur\u00e8ne Fertin Publi\u00e9 le 3 sept. 2025 \u00e0 18h03 C\u2019est la photo (si !) chou du jour.&hellip;\n","protected":false},"author":2,"featured_media":364131,"comment_status":"","ping_status":"","sticky":false,"template":"","format":"standard","meta":{"footnotes":""},"categories":[2821],"tags":[1111,11,829,1777,674,1011,27,100,15761,12,584,25,104],"class_list":{"0":"post-364130","1":"post","2":"type-post","3":"status-publish","4":"format-standard","5":"has-post-thumbnail","7":"category-rennes","8":"tag-actu","9":"tag-actualites","10":"tag-bretagne","11":"tag-eu","12":"tag-europe","13":"tag-fr","14":"tag-france","15":"tag-hopital","16":"tag-maternite","17":"tag-news","18":"tag-rennes","19":"tag-republique-francaise","20":"tag-societe"},"share_on_mastodon":{"url":"https:\/\/pubeurope.com\/@fr\/115142386244475272","error":""},"_links":{"self":[{"href":"https:\/\/www.europesays.com\/fr\/wp-json\/wp\/v2\/posts\/364130","targetHints":{"allow":["GET"]}}],"collection":[{"href":"https:\/\/www.europesays.com\/fr\/wp-json\/wp\/v2\/posts"}],"about":[{"href":"https:\/\/www.europesays.com\/fr\/wp-json\/wp\/v2\/types\/post"}],"author":[{"embeddable":true,"href":"https:\/\/www.europesays.com\/fr\/wp-json\/wp\/v2\/users\/2"}],"replies":[{"embeddable":true,"href":"https:\/\/www.europesays.com\/fr\/wp-json\/wp\/v2\/comments?post=364130"}],"version-history":[{"count":0,"href":"https:\/\/www.europesays.com\/fr\/wp-json\/wp\/v2\/posts\/364130\/revisions"}],"wp:featuredmedia":[{"embeddable":true,"href":"https:\/\/www.europesays.com\/fr\/wp-json\/wp\/v2\/media\/364131"}],"wp:attachment":[{"href":"https:\/\/www.europesays.com\/fr\/wp-json\/wp\/v2\/media?parent=364130"}],"wp:term":[{"taxonomy":"category","embeddable":true,"href":"https:\/\/www.europesays.com\/fr\/wp-json\/wp\/v2\/categories?post=364130"},{"taxonomy":"post_tag","embeddable":true,"href":"https:\/\/www.europesays.com\/fr\/wp-json\/wp\/v2\/tags?post=364130"}],"curies":[{"name":"wp","href":"https:\/\/api.w.org\/{rel}","templated":true}]}}