{"id":364132,"date":"2025-09-03T21:02:25","date_gmt":"2025-09-03T21:02:25","guid":{"rendered":"https:\/\/www.europesays.com\/fr\/364132\/"},"modified":"2025-09-03T21:02:25","modified_gmt":"2025-09-03T21:02:25","slug":"le-rappeur-orelsan-en-visite-express-dans-cette-petite-ville-pres-de-rennes-voici-quand-et-pourquoi","status":"publish","type":"post","link":"https:\/\/www.europesays.com\/fr\/364132\/","title":{"rendered":"Le rappeur Orelsan en visite express dans cette petite ville pr\u00e8s de Rennes : voici quand et pourquoi"},"content":{"rendered":"<p class=\"article__intro\">Les fans du rappeur fran\u00e7ais sont dans les starting-blocks. Orelsan sera au Cin\u00e9ville de Vern-sur-Seiche, \u00e0 c\u00f4t\u00e9 de Rennes, le mardi 14 octobre pour l&rsquo;avant-premi\u00e8re de \u00ab\u00a0Yoro\u00ef\u00a0\u00bb, de David Tomaszewski, dans lequel le chanteur, qui a \u00e9crit le film, incarne un musicien. Un film, qui sortira le 29 octobre sur tous les \u00e9crans.<\/p>\n<p>\n      L\u2019actu des r\u00e9gions\n    <\/p>\n<p>\n      Chaque jour, un tour d\u2019horizon des principales infos de toutes les r\u00e9gions.\n    <\/p>\n<p>    France T\u00e9l\u00e9visions utilise votre adresse e-mail afin de vous envoyer la newsletter \u00ab\u00a0L\u2019actu des r\u00e9gions\u00a0\u00bb. Vous pouvez vous d\u00e9sinscrire \u00e0 tout moment via le lien en bas de cette newsletter. <a target=\"_blank\" href=\"https:\/\/www.francetelevisions.fr\/groupe\/confidentialite\/politique-de-confidentialite\/politique-de-confidentialite-de-france-televisions-6503\" rel=\"nofollow noopener\">Notre politique de confidentialit\u00e9<\/a><\/p>\n<p>Les avant-premi\u00e8res du film Yoro\u00ef, en pr\u00e9sence d&rsquo;Orelsan, passent par Caen, Bordeaux, Lyon ou Nice, mais aussi au Cin\u00e9ville de Vern-sur-Seiche, \u00e0 quelques kilom\u00e8tres de Rennes, o\u00f9 les places s&rsquo;arrachent comme des petits pains pour les deux s\u00e9ances du 14 octobre prochain. Risque d&#8217;embouteillages s\u00e9rieux dans les environs, ce mardi-l\u00e0, le temps d&rsquo;une soir\u00e9e.<\/p>\n<\/p>\n<p>Dans un univers fantastique, l&rsquo;histoire de Yoro\u00ef, est celle d&rsquo;Aur\u00e9lien, un musicien qui, apr\u00e8s une derni\u00e8re tourn\u00e9e \u00e9prouvante, d\u00e9cide de s&rsquo;installer au Japon avec sa femme Nanako, enceinte de leur premier enfant.<\/p>\n<\/p>\n<p>Alors que le jeune couple emm\u00e9nage dans une maison traditionnelle dans la campagne japonaise, Aur\u00e9lien d\u00e9couvre dans un puits une armure ancestrale qui va r\u00e9veiller d&rsquo;\u00e9tranges cr\u00e9atures, les Yoka\u00efs.<\/p>\n<\/p>\n<p>Un film r\u00e9alis\u00e9 avec son comp\u00e8re David Tomaszewski, auteur de nombreux clips du musicien. L&rsquo;univers de Yoro\u00ef, second long m\u00e9trage de l&rsquo;artiste touche \u00e0 tout normand, est assez \u00e9loign\u00e9 du premier \u00ab\u00a0Comment c&rsquo;est loin\u00a0\u00bb, tourn\u00e9 en 2015 dans les rues de Caen.\u00a0<\/p>\n","protected":false},"excerpt":{"rendered":"Les fans du rappeur fran\u00e7ais sont dans les starting-blocks. Orelsan sera au Cin\u00e9ville de Vern-sur-Seiche, \u00e0 c\u00f4t\u00e9 de&hellip;\n","protected":false},"author":2,"featured_media":364133,"comment_status":"","ping_status":"","sticky":false,"template":"","format":"standard","meta":{"footnotes":""},"categories":[2821],"tags":[1111,11,829,1777,674,1011,27,12,584,25],"class_list":{"0":"post-364132","1":"post","2":"type-post","3":"status-publish","4":"format-standard","5":"has-post-thumbnail","7":"category-rennes","8":"tag-actu","9":"tag-actualites","10":"tag-bretagne","11":"tag-eu","12":"tag-europe","13":"tag-fr","14":"tag-france","15":"tag-news","16":"tag-rennes","17":"tag-republique-francaise"},"share_on_mastodon":{"url":"https:\/\/pubeurope.com\/@fr\/115142390341111014","error":""},"_links":{"self":[{"href":"https:\/\/www.europesays.com\/fr\/wp-json\/wp\/v2\/posts\/364132","targetHints":{"allow":["GET"]}}],"collection":[{"href":"https:\/\/www.europesays.com\/fr\/wp-json\/wp\/v2\/posts"}],"about":[{"href":"https:\/\/www.europesays.com\/fr\/wp-json\/wp\/v2\/types\/post"}],"author":[{"embeddable":true,"href":"https:\/\/www.europesays.com\/fr\/wp-json\/wp\/v2\/users\/2"}],"replies":[{"embeddable":true,"href":"https:\/\/www.europesays.com\/fr\/wp-json\/wp\/v2\/comments?post=364132"}],"version-history":[{"count":0,"href":"https:\/\/www.europesays.com\/fr\/wp-json\/wp\/v2\/posts\/364132\/revisions"}],"wp:featuredmedia":[{"embeddable":true,"href":"https:\/\/www.europesays.com\/fr\/wp-json\/wp\/v2\/media\/364133"}],"wp:attachment":[{"href":"https:\/\/www.europesays.com\/fr\/wp-json\/wp\/v2\/media?parent=364132"}],"wp:term":[{"taxonomy":"category","embeddable":true,"href":"https:\/\/www.europesays.com\/fr\/wp-json\/wp\/v2\/categories?post=364132"},{"taxonomy":"post_tag","embeddable":true,"href":"https:\/\/www.europesays.com\/fr\/wp-json\/wp\/v2\/tags?post=364132"}],"curies":[{"name":"wp","href":"https:\/\/api.w.org\/{rel}","templated":true}]}}