{"id":364134,"date":"2025-09-03T21:03:20","date_gmt":"2025-09-03T21:03:20","guid":{"rendered":"https:\/\/www.europesays.com\/fr\/364134\/"},"modified":"2025-09-03T21:03:20","modified_gmt":"2025-09-03T21:03:20","slug":"avec-la-foire-europ-10-soirees-animees-arrivent-pour-feter-la-rentree","status":"publish","type":"post","link":"https:\/\/www.europesays.com\/fr\/364134\/","title":{"rendered":"avec la Foire Europ, 10 soir\u00e9es anim\u00e9es arrivent pour f\u00eater la rentr\u00e9e"},"content":{"rendered":"<p>    <img loading=\"lazy\" width=\"1800\" height=\"900\" src=\"https:\/\/www.europesays.com\/fr\/wp-content\/uploads\/2025\/08\/jeanne-callthepolice.jpg\" class=\"attachment-full size-full\" alt=\"\" id=\"imageLove\" decoding=\"async\"  \/><\/p>\n<p id=\"breadcrumbs\"><a href=\"https:\/\/pokaa.fr\/\" target=\"_blank\" rel=\"noopener\">Accueil<\/a> \/ <a href=\"https:\/\/pokaa.fr\/categories\/ses-sorties\/\" target=\"_blank\" rel=\"noopener\">Sorties<\/a> \/ Wacken en \u00e9bullition : avec la Foire Europ, 10 soir\u00e9es anim\u00e9es arrivent pour f\u00eater la rentr\u00e9e<\/p>\n<p>                    Sorties<\/p>\n<p><b>La Foire Europ\u00e9enne de Strasbourg fait son grand retour le 5 septembre pour sa 93\u1d49 \u00e9dition, au Parc des Expositions. Cette ann\u00e9e encore, pas moins de 552 exposant(e)s seront au rendez-vous tous les jours, pour partager leur savoir-faire. Mais le soir aussi, \u00e7a va bouger au Wacken : voici quelques \u00e9v\u00e8nements \u00e0 ne pas manquer !<\/b><\/p>\n<p>On vous parlait d\u00e9j\u00e0 cette semaine, cette ann\u00e9e encore, le Village Meteor compte bien ambiancer la Foire Europ\u00e9enne, avec ses bi\u00e8res, ses tartes flamb\u00e9es et ses douces soir\u00e9es de fin d\u2019\u00e9t\u00e9.On vous parlait d\u00e9j\u00e0 cette semaine, cette ann\u00e9e encore, le Village Meteor compte bien ambiancer la Foire Europ\u00e9enne, avec ses bi\u00e8res, ses tartes flamb\u00e9es et ses douces soir\u00e9es de fin d\u2019\u00e9t\u00e9.On vous parlait d\u00e9j\u00e0 cette semaine, cette ann\u00e9e encore, le Village Meteor compte bien ambiancer la Foire Europ\u00e9enne, avec ses bi\u00e8res, ses tartes flamb\u00e9es et ses douces soir\u00e9es de fin d\u2019\u00e9t\u00e9.On vous en parlait en d\u00e9but de semaine : cette ann\u00e9e encore, le Village Meteor compte ambiancer la Foire Europ\u00e9enne, avec ses bi\u00e8res, ses tartes flamb\u00e9es et ses douces soir\u00e9es de fin d\u2019\u00e9t\u00e9.<\/p>\n<p>Mais du 5 au 14 septembre, <strong>des tas d\u2019autres \u00e9v\u00e8nements vont animer le Parc Expo, avec des concerts gratuits et de nombreuses animations en soir\u00e9e.<\/strong> Petit tour d\u2019horizon.\u00a0<\/p>\n<p>                <a href=\"https:\/\/pokaa.fr\/2025\/09\/02\/biergarten-geant-en-septembre-le-village-meteor-va-enflammer-la-foire-europ-pendant-10-jours\/\" target=\"_blank\" rel=\"noopener\"><br \/>\n                    <img width=\"450\" height=\"270\" src=\"https:\/\/www.europesays.com\/fr\/wp-content\/uploads\/2025\/09\/villagemeteor-strasbourg-foireeurop-450x270.jpg\" class=\"attachment-card-horizontal--same-subject size-card-horizontal--same-subject wp-post-image\" alt=\"\" decoding=\"async\" loading=\"lazy\"\/>                <\/a><\/p>\n<p>                <img width=\"750\" height=\"500\" src=\"https:\/\/www.europesays.com\/fr\/wp-content\/uploads\/2025\/09\/24-09-13-foire-europeenne-2024-0215-bartosch-salmanski-750x500.jpg\" class=\"attachment-gallery size-gallery\" alt=\"Foire europ\u00e9enne\" data-full-url=\"https:\/\/pokaa.fr\/wp-content\/uploads\/2025\/09\/01\/24-09-13-foire-europeenne-2024-0215-bartosch-salmanski-1500x1000.jpg\" decoding=\"async\" loading=\"lazy\"  \/>            <\/p>\n<p>                <img width=\"750\" height=\"500\" src=\"https:\/\/www.europesays.com\/fr\/wp-content\/uploads\/2025\/09\/foire-europeenne-bartosch-salmanski-128db-750x500.jpg\" class=\"attachment-gallery size-gallery\" alt=\"Foire europ\u00e9enne\" data-full-url=\"https:\/\/pokaa.fr\/wp-content\/uploads\/2025\/09\/01\/foire-europeenne-bartosch-salmanski-128db-1500x1000.jpg\" decoding=\"async\" loading=\"lazy\"  \/>            <\/p>\n<p>                <img width=\"750\" height=\"500\" src=\"https:\/\/www.europesays.com\/fr\/wp-content\/uploads\/2025\/09\/24-09-06-foire-europeenne-2024-0403-bartosch-salmanski-750x500.jpg\" class=\"attachment-gallery size-gallery\" alt=\"Foire europ\u00e9enne\" data-full-url=\"https:\/\/pokaa.fr\/wp-content\/uploads\/2025\/09\/01\/24-09-06-foire-europeenne-2024-0403-bartosch-salmanski-1500x1000.jpg\" decoding=\"async\" loading=\"lazy\"  \/>            <\/p>\n<p>                    \u00a9Bartosch Salmanski<\/p>\n<p>5 \u00e9v\u00e9nements \u00e0 noter dans l\u2019agenda<\/p>\n<p>On d\u00e9marre <strong>le samedi 6 septembre<\/strong> <strong>\u00e0 22h<\/strong>, avec le concert de <strong>Robin Leon, l\u2019\u00e9toile montante de la chanson festive alsacienne<\/strong>. Avec son style schlager, il ouvrira la sc\u00e8ne musicale du Hall 1.\u00a0<\/p>\n<p>Le lendemain \u00e0 20h, place au <strong>th\u00e9 dansant accompagn\u00e9 par l\u2019orchestre Ma Bonne \u00c9toile<\/strong>. Ce groupe de quatre musiciens sillonne l\u2019Alsace et la Lorraine depuis pr\u00e8s de vingt ans. Pour l\u2019occasion, ils proposeront <strong>un programme m\u00ealant tubes actuels et grands classiques des ann\u00e9es 80<\/strong>, de quoi plaire \u00e0 toute la famille.\u00a0<\/p>\n<p>                <img width=\"334\" height=\"500\" src=\"https:\/\/www.europesays.com\/fr\/wp-content\/uploads\/2025\/09\/robin-leonlars-laion-334x500.jpg\" class=\"attachment-gallery size-gallery\" alt=\"Robin Leon\" data-full-url=\"https:\/\/pokaa.fr\/wp-content\/uploads\/2025\/09\/01\/robin-leonlars-laion-1500x2248.jpg\" decoding=\"async\" loading=\"lazy\"  \/>            <\/p>\n<p>                <img width=\"750\" height=\"500\" src=\"https:\/\/www.europesays.com\/fr\/wp-content\/uploads\/2025\/09\/24-09-06-foire-europeenne-2024-0523-bartosch-salmanski-750x500.jpg\" class=\"attachment-gallery size-gallery\" alt=\"Robin Leon\" data-full-url=\"https:\/\/pokaa.fr\/wp-content\/uploads\/2025\/09\/01\/24-09-06-foire-europeenne-2024-0523-bartosch-salmanski-1500x1000.jpg\" decoding=\"async\" loading=\"lazy\"  \/>            <\/p>\n<p>                <img width=\"506\" height=\"500\" src=\"https:\/\/www.europesays.com\/fr\/wp-content\/uploads\/2025\/09\/ma-bonne-etoile-506x500.png\" class=\"attachment-gallery size-gallery\" alt=\"MA BONNE ETOILE\" data-full-url=\"https:\/\/pokaa.fr\/wp-content\/uploads\/2025\/09\/01\/ma-bonne-etoile-1500x1483.png\" decoding=\"async\" loading=\"lazy\"  \/>            <\/p>\n<p>                    \u00a9 Document remis<\/p>\n<p>Envie de prolonger les vacances ? Embarquez pour l\u2019Irlande avec <b>The Celtic Tramps<\/b> ! Ce groupe de neuf musiciens lorrains manie la musique celtique comme personne. Rendez-vous<strong> le mardi <\/strong><b>9 septembre de 21h30 \u00e0 23h30<\/b> pour un concert d\u00e9paysant.<\/p>\n<p><strong>Le jeudi 11 septembre<\/strong>, les plumes et les talons s\u2019invitent \u00e0 la Foire avec <strong>un show burlesque sign\u00e9<\/strong> <b>Coco Das Vegas<\/b><strong> et sa troupe<\/strong>. Un d\u00eener-spectacle haut en couleurs, <a href=\"https:\/\/www.billetweb.fr\/diner-spectacle-burlesque-avec-coco-das-vegas-jeu-11-sept\" target=\"_blank\" rel=\"noopener\">accessible sur r\u00e9servation, \u00e0 <\/a><a target=\"_blank\" href=\"https:\/\/www.billetweb.fr\/diner-spectacle-burlesque-avec-coco-das-vegas-jeu-11-sept\" rel=\"noopener\">39 \u20ac par personne<\/a>.<\/p>\n<p>    <img width=\"450\" height=\"600\" src=\"https:\/\/www.europesays.com\/fr\/wp-content\/uploads\/2025\/09\/coco-fav-001-e1568895840678.jpg\" class=\"attachment-image-size-M size-image-size-M\" alt=\"Coco das Vegas\" decoding=\"async\" loading=\"lazy\"\/>         \u00a9 Document remis <\/p>\n<p>Enfin, pour clore la semaine en beaut\u00e9, <strong>le mythique groupe <\/strong><strong>Gold<\/strong><strong> sera sur sc\u00e8ne le<\/strong> <b>samedi <\/b><b>13 septembre de 21h30 \u00e0 23h30<\/b>. Ic\u00f4ne des ann\u00e9es 80, le groupe promet de faire chanter toutes les g\u00e9n\u00e9rations. Des titres cultes comme <strong>Plus pr\u00e8s des \u00e9toiles, Capitaine Abandonn\u00e9, Ville de Lumi\u00e8re <\/strong>ou encore <strong>Laissez-nous chanter<\/strong> r\u00e9sonneront dans le Hall 1 pour un moment inoubliable.<\/p>\n<p>Et si vous voulez d\u00e9couvrir toute la programmation de la Foire Europ\u00e9enne, \u00e7a se passe <a href=\"https:\/\/www.foireurop.com\/fr\" target=\"_blank\" rel=\"noopener\">par ici<\/a>.<\/p>\n<p>            La Foire Europ\u00e9enne de Strasbourg<\/p>\n<p>            Quoi ? <\/p>\n<p>Animations et concerts organis\u00e9s en soir\u00e9e<\/p>\n<p>                Quand ?<\/p>\n<p>Du 5 au 14 septembre 2025<\/p>\n<p>            o\u00f9 ?<\/p>\n<p><strong>Parc des expositions, Wacken<\/strong><\/p>\n<p>Avenue Herrenschmidt, 67000 Strasbourg<\/p>\n<p>                Plus d&rsquo;infos ?<\/p>\n<p>Un billet unique \u00e0 5\u20ac pour une Foire \u00e0 volont\u00e9<\/p>\n<p><a target=\"_blank\" href=\"https:\/\/www.foireurop.com\/fr\" rel=\"noopener\">Site web de la Foire Europ\u00e9enne<\/a><\/p>\n<p>                <img width=\"350\" height=\"500\" src=\"https:\/\/www.europesays.com\/fr\/wp-content\/uploads\/2025\/09\/gold-350x500.jpg\" class=\"attachment-gallery size-gallery\" alt=\"GOLD groupe\" data-full-url=\"https:\/\/pokaa.fr\/wp-content\/uploads\/2025\/09\/01\/gold-1500x2143.jpg\" decoding=\"async\" loading=\"lazy\"  \/>            <\/p>\n<p>                <img width=\"750\" height=\"500\" src=\"https:\/\/www.europesays.com\/fr\/wp-content\/uploads\/2025\/09\/24-09-08-foire-europeenne-2024-0445-bartosch-salmanski-750x500.jpg\" class=\"attachment-gallery size-gallery\" alt=\"Foire europ\u00e9enne\" data-full-url=\"https:\/\/pokaa.fr\/wp-content\/uploads\/2025\/09\/01\/24-09-08-foire-europeenne-2024-0445-bartosch-salmanski-1500x1000.jpg\" decoding=\"async\" loading=\"lazy\"  \/>            <\/p>\n<p>                    \u00a9 Gold \/ Document remis<\/p>\n","protected":false},"excerpt":{"rendered":"Accueil \/ Sorties \/ Wacken en \u00e9bullition : avec la Foire Europ, 10 soir\u00e9es anim\u00e9es arrivent pour f\u00eater&hellip;\n","protected":false},"author":2,"featured_media":364135,"comment_status":"","ping_status":"","sticky":false,"template":"","format":"standard","meta":{"footnotes":""},"categories":[2820],"tags":[1111,11,1697,1777,674,49688,1011,27,775,12,25,640],"class_list":{"0":"post-364134","1":"post","2":"type-post","3":"status-publish","4":"format-standard","5":"has-post-thumbnail","7":"category-strasbourg","8":"tag-actu","9":"tag-actualites","10":"tag-concert","11":"tag-eu","12":"tag-europe","13":"tag-foire-europeenne","14":"tag-fr","15":"tag-france","16":"tag-grand-est","17":"tag-news","18":"tag-republique-francaise","19":"tag-strasbourg"},"share_on_mastodon":{"url":"https:\/\/pubeurope.com\/@fr\/115142394846751182","error":""},"_links":{"self":[{"href":"https:\/\/www.europesays.com\/fr\/wp-json\/wp\/v2\/posts\/364134","targetHints":{"allow":["GET"]}}],"collection":[{"href":"https:\/\/www.europesays.com\/fr\/wp-json\/wp\/v2\/posts"}],"about":[{"href":"https:\/\/www.europesays.com\/fr\/wp-json\/wp\/v2\/types\/post"}],"author":[{"embeddable":true,"href":"https:\/\/www.europesays.com\/fr\/wp-json\/wp\/v2\/users\/2"}],"replies":[{"embeddable":true,"href":"https:\/\/www.europesays.com\/fr\/wp-json\/wp\/v2\/comments?post=364134"}],"version-history":[{"count":0,"href":"https:\/\/www.europesays.com\/fr\/wp-json\/wp\/v2\/posts\/364134\/revisions"}],"wp:featuredmedia":[{"embeddable":true,"href":"https:\/\/www.europesays.com\/fr\/wp-json\/wp\/v2\/media\/364135"}],"wp:attachment":[{"href":"https:\/\/www.europesays.com\/fr\/wp-json\/wp\/v2\/media?parent=364134"}],"wp:term":[{"taxonomy":"category","embeddable":true,"href":"https:\/\/www.europesays.com\/fr\/wp-json\/wp\/v2\/categories?post=364134"},{"taxonomy":"post_tag","embeddable":true,"href":"https:\/\/www.europesays.com\/fr\/wp-json\/wp\/v2\/tags?post=364134"}],"curies":[{"name":"wp","href":"https:\/\/api.w.org\/{rel}","templated":true}]}}