{"id":364138,"date":"2025-09-03T21:05:13","date_gmt":"2025-09-03T21:05:13","guid":{"rendered":"https:\/\/www.europesays.com\/fr\/364138\/"},"modified":"2025-09-03T21:05:13","modified_gmt":"2025-09-03T21:05:13","slug":"le-feed-radio-monaco-entre-electro-et-jazz-la-saison-2025-26-du-stockfish","status":"publish","type":"post","link":"https:\/\/www.europesays.com\/fr\/364138\/","title":{"rendered":"Le Feed Radio Monaco : entre \u00c9lectro et Jazz, la saison 2025\/26 du Stockfish"},"content":{"rendered":"<p>Tendances branch\u00e9es et vibes m\u00e9diterran\u00e9ennes sur Radio Monaco ! Ce matin, cap sur <b>Nice<\/b>, o\u00f9 le <b>Stockfish<\/b> entame sa nouvelle saison. La salle joue toujours la carte de l\u2019audace et du grand \u00e9cart musical : \u00e9lectro ultra pointue, jazz, m\u00e9tal ou pop solaire, il y en a pour tous les go\u00fbts.<\/p>\n<p>Pour cette rentr\u00e9e 2025\/26, la programmation refl\u00e8te cette diversit\u00e9 : <b>\u00c9tienne de Cr\u00e9cy<\/b> pour les amateurs de French Touch, <b>Aim\u00e9 Simone<\/b> pour la pop moderne, le local <b>Yann Muller<\/b> et ses mix \u00e9l\u00e9gants, ou encore <b>Vladimir Cauchemar<\/b> pour une touche myst\u00e9rieuse. Et c\u00f4t\u00e9 \u00e9nergie brute, <b>Sha\u00e2rghot<\/b> ou <b>Pogo Car Crash Control<\/b> font vibrer le public.<\/p>\n<p>Mais le Stockfish, ce n\u2019est pas qu\u2019une sc\u00e8ne de concerts \ud83c\udfb6 : c\u2019est un <b>lieu qui vit toute la semaine<\/b>. Soir\u00e9es stand-up, rendez-vous gourmands accompagn\u00e9s de DJ sets, ateliers pour enfants, apr\u00e8s-midis festifs pour les familles\u2026 un vrai terrain de jeu culturel pour tous les \u00e2ges. Sans oublier l\u2019engagement : les b\u00e9n\u00e9fices de la buvette sont revers\u00e9s \u00e0 des <b>associations locales<\/b><\/p>\n<p><b>\ud83c\udf99 LE MORNING MADE IN MONTE CARLO<\/b><br \/>Avec <b>L\u00e9o Barraband, Giulia Testaverde et Marie Marquet<\/b><\/p>\n<p>\ud83d\udd55 Du lundi au vendredi, de 6h \u00e0 9h<\/p>\n<p>\ud83d\udcf0 <b>Actualit\u00e9s<\/b> &amp; infos locales<br \/>\u2728 <b>Horoscope \u00ab Les \u00e9toil\u00e9s \u00bb<\/b><br \/>\ud83c\udf1f <b>Le Feed<\/b> : l\u2019actu trendy de la C\u00f4te et de Monaco<br \/>\ud83c\udff0 <b>L\u2019\u00c9cho du Rocher<\/b> : tout sur la Principaut\u00e9<br \/>\ud83c\udfb6 <b>Top Streaming<\/b> : le tour du monde en musique<br \/>\u2764\ufe0f <b>Crush Music<\/b> : nos coups de c\u0153ur du moment<br \/>\ud83c\udfa7 <b>Be Curious<\/b> : pop culture, tendances et d\u00e9couvertes<br \/>\ud83e\uddd8 <b>Instant Feel Good<\/b> : \u00e9nergie, s\u00e9r\u00e9nit\u00e9 et bonne humeur pour d\u00e9marrer la journ\u00e9e<\/p>\n<p><a href=\"https:\/\/radio-monaco.com\/\" rel=\"nofollow noopener\" target=\"_blank\"><b>\ud83c\udf99 LE MORNING MADE IN MONTE CARLO <\/b><\/a><\/p>\n<p>H\u00e9berg\u00e9 par Ausha. Visitez <a href=\"https:\/\/ausha.co\/politique-de-confidentialite\" rel=\"nofollow noopener\" target=\"_blank\">ausha.co\/politique-de-confidentialite<\/a> pour plus d\u2019informations.<\/p>\n<p class=\"proradio-tags\">\n\t\t\t\t\t\t\t\t\t\t<a href=\"https:\/\/radio-monaco.com\/podcastfilter\/le-morning\/\" class=\"proradio-catid-6\" rel=\"nofollow noopener\" target=\"_blank\">LE MORNING<\/a>\t\t\t\t\t\t\t\t\t\t<\/p>\n","protected":false},"excerpt":{"rendered":"Tendances branch\u00e9es et vibes m\u00e9diterran\u00e9ennes sur Radio Monaco ! Ce matin, cap sur Nice, o\u00f9 le Stockfish entame&hellip;\n","protected":false},"author":2,"featured_media":364139,"comment_status":"","ping_status":"","sticky":false,"template":"","format":"standard","meta":{"footnotes":""},"categories":[2819],"tags":[1111,11,1777,674,1011,27,12,2401,882,25],"class_list":{"0":"post-364138","1":"post","2":"type-post","3":"status-publish","4":"format-standard","5":"has-post-thumbnail","7":"category-nice","8":"tag-actu","9":"tag-actualites","10":"tag-eu","11":"tag-europe","12":"tag-fr","13":"tag-france","14":"tag-news","15":"tag-nice","16":"tag-provence-alpes-cote-dazur","17":"tag-republique-francaise"},"share_on_mastodon":{"url":"https:\/\/pubeurope.com\/@fr\/115142401974197463","error":""},"_links":{"self":[{"href":"https:\/\/www.europesays.com\/fr\/wp-json\/wp\/v2\/posts\/364138","targetHints":{"allow":["GET"]}}],"collection":[{"href":"https:\/\/www.europesays.com\/fr\/wp-json\/wp\/v2\/posts"}],"about":[{"href":"https:\/\/www.europesays.com\/fr\/wp-json\/wp\/v2\/types\/post"}],"author":[{"embeddable":true,"href":"https:\/\/www.europesays.com\/fr\/wp-json\/wp\/v2\/users\/2"}],"replies":[{"embeddable":true,"href":"https:\/\/www.europesays.com\/fr\/wp-json\/wp\/v2\/comments?post=364138"}],"version-history":[{"count":0,"href":"https:\/\/www.europesays.com\/fr\/wp-json\/wp\/v2\/posts\/364138\/revisions"}],"wp:featuredmedia":[{"embeddable":true,"href":"https:\/\/www.europesays.com\/fr\/wp-json\/wp\/v2\/media\/364139"}],"wp:attachment":[{"href":"https:\/\/www.europesays.com\/fr\/wp-json\/wp\/v2\/media?parent=364138"}],"wp:term":[{"taxonomy":"category","embeddable":true,"href":"https:\/\/www.europesays.com\/fr\/wp-json\/wp\/v2\/categories?post=364138"},{"taxonomy":"post_tag","embeddable":true,"href":"https:\/\/www.europesays.com\/fr\/wp-json\/wp\/v2\/tags?post=364138"}],"curies":[{"name":"wp","href":"https:\/\/api.w.org\/{rel}","templated":true}]}}