{"id":364140,"date":"2025-09-03T21:06:19","date_gmt":"2025-09-03T21:06:19","guid":{"rendered":"https:\/\/www.europesays.com\/fr\/364140\/"},"modified":"2025-09-03T21:06:19","modified_gmt":"2025-09-03T21:06:19","slug":"tags-calomnieux-sur-le-magasin-du-depute-udr-bernard-chaix-a-nice-les-enqueteurs-sur-la-piste-dun-couple","status":"publish","type":"post","link":"https:\/\/www.europesays.com\/fr\/364140\/","title":{"rendered":"Tags calomnieux sur le magasin du d\u00e9put\u00e9 UDR Bernard Chaix \u00e0 Nice: les enqu\u00eateurs sur la piste d\u2019un couple"},"content":{"rendered":"<p>Selon nos informations, les tags calomnieux qui ont \u00e9t\u00e9 peints sur la fa\u00e7ade du magasin de Bernard Chaix \u00e0 Nice l\u2019ont \u00e9t\u00e9 aux alentours de 5h10, ce mercredi 3 septembre 2025.<\/p>\n<p>Les inscriptions qui visaient le fils du d\u00e9put\u00e9 UDR \u2013 <a href=\"https:\/\/www.nicematin.com\/politique\/la-facade-du-magasin-de-bernard-chaix-taguee-le-depute-udr-depose-plainte-contre-x-et-contre-christian-estrosi-pour-diffamation-1000347\" rel=\"nofollow noopener\" target=\"_blank\">qui a d\u00e9pos\u00e9 plainte pour diffamation contre le maire de Nice Christian Estrosi<\/a> \u2013 ont \u00e9t\u00e9 r\u00e9alis\u00e9es \u00e0 la peinture rouge en \u00ab\u00a0cinq minutes\u00a0\u00bb.<\/p>\n<p>Et c\u2019est un couple qui est recherch\u00e9. \u00ab\u00a0Une femme grande et mince\u00a0\u00bb et un \u00ab\u00a0homme en pantalon noir, baskets noires et en chemise\u00a0\u00bb, selon une source proche du dossier.<\/p>\n<p>Des relev\u00e9s sur une poubelle<\/p>\n<p>Les policiers du SLPJ de Nice, le service local de la police judiciaire, ont proc\u00e9d\u00e9 \u00e0 des relev\u00e9s, notamment sur une poubelle sur laquelle les suspects sont mont\u00e9s pour peindre la devanture de Chaix D\u00e9coration, \u00e0 quelques encablures de l\u2019avenue Jean-M\u00e9decin \u00e0 Nice.<\/p>\n","protected":false},"excerpt":{"rendered":"Selon nos informations, les tags calomnieux qui ont \u00e9t\u00e9 peints sur la fa\u00e7ade du magasin de Bernard Chaix&hellip;\n","protected":false},"author":2,"featured_media":364141,"comment_status":"","ping_status":"","sticky":false,"template":"","format":"standard","meta":{"footnotes":""},"categories":[2819],"tags":[1111,11,1777,674,1011,27,12,2401,316,882,25],"class_list":{"0":"post-364140","1":"post","2":"type-post","3":"status-publish","4":"format-standard","5":"has-post-thumbnail","7":"category-nice","8":"tag-actu","9":"tag-actualites","10":"tag-eu","11":"tag-europe","12":"tag-fr","13":"tag-france","14":"tag-news","15":"tag-nice","16":"tag-politique","17":"tag-provence-alpes-cote-dazur","18":"tag-republique-francaise"},"share_on_mastodon":{"url":"https:\/\/pubeurope.com\/@fr\/115142405874708292","error":""},"_links":{"self":[{"href":"https:\/\/www.europesays.com\/fr\/wp-json\/wp\/v2\/posts\/364140","targetHints":{"allow":["GET"]}}],"collection":[{"href":"https:\/\/www.europesays.com\/fr\/wp-json\/wp\/v2\/posts"}],"about":[{"href":"https:\/\/www.europesays.com\/fr\/wp-json\/wp\/v2\/types\/post"}],"author":[{"embeddable":true,"href":"https:\/\/www.europesays.com\/fr\/wp-json\/wp\/v2\/users\/2"}],"replies":[{"embeddable":true,"href":"https:\/\/www.europesays.com\/fr\/wp-json\/wp\/v2\/comments?post=364140"}],"version-history":[{"count":0,"href":"https:\/\/www.europesays.com\/fr\/wp-json\/wp\/v2\/posts\/364140\/revisions"}],"wp:featuredmedia":[{"embeddable":true,"href":"https:\/\/www.europesays.com\/fr\/wp-json\/wp\/v2\/media\/364141"}],"wp:attachment":[{"href":"https:\/\/www.europesays.com\/fr\/wp-json\/wp\/v2\/media?parent=364140"}],"wp:term":[{"taxonomy":"category","embeddable":true,"href":"https:\/\/www.europesays.com\/fr\/wp-json\/wp\/v2\/categories?post=364140"},{"taxonomy":"post_tag","embeddable":true,"href":"https:\/\/www.europesays.com\/fr\/wp-json\/wp\/v2\/tags?post=364140"}],"curies":[{"name":"wp","href":"https:\/\/api.w.org\/{rel}","templated":true}]}}