{"id":364144,"date":"2025-09-03T21:08:11","date_gmt":"2025-09-03T21:08:11","guid":{"rendered":"https:\/\/www.europesays.com\/fr\/364144\/"},"modified":"2025-09-03T21:08:11","modified_gmt":"2025-09-03T21:08:11","slug":"apres-sa-victoire-contre-nantes-le-poitiers-basket-monte-en-puissance","status":"publish","type":"post","link":"https:\/\/www.europesays.com\/fr\/364144\/","title":{"rendered":"apr\u00e8s sa victoire contre Nantes, le Poitiers Basket \u00ab\u00a0monte en puissance\u00a0\u00bb"},"content":{"rendered":"<p>Poitiers (Elite 2)\u00a0: 97<br \/>Nantes (Elite 2)\u00a0: 82<\/p>\n<p>Trois sur trois\u00a0! Pour sa premi\u00e8re sortie \u00e0 domicile lors de la campagne de pr\u00e9paration estivale,&#8230; <\/p>\n<p>    Cet article a \u00e9t\u00e9 tronqu\u00e9. Abonnez-vous pour lire l&rsquo;article complet sur notre site.<\/p>\n<p> le Poitiers Basket 86 a remport\u00e9 ce mercredi son troisi\u00e8me match sur trois disput\u00e9s<\/p>\n<p style=\"margin: 0 !important; padding: 0 !important; font-size: 12px !important;\">Cet article a \u00e9t\u00e9 tronqu\u00e9. Abonnez-vous pour lire l&rsquo;article complet.<\/p>\n<p>    <a href=\"https:\/\/www.lanouvellerepublique.fr\/abonnements\" style=\"display: inline-block; margin-top: 5px !important; padding: 6px 12px !important; background: #cb1c27; color: white; text-decoration: none; border-radius: 4px; font-size: 12px !important;\" target=\"_blank\" rel=\"noopener\"><br \/>\n      S&rsquo;abonner<br \/>\n    <\/a><\/p>\n","protected":false},"excerpt":{"rendered":"Poitiers (Elite 2)\u00a0: 97Nantes (Elite 2)\u00a0: 82 Trois sur trois\u00a0! Pour sa premi\u00e8re sortie \u00e0 domicile lors de&hellip;\n","protected":false},"author":2,"featured_media":364145,"comment_status":"","ping_status":"","sticky":false,"template":"","format":"standard","meta":{"footnotes":""},"categories":[2818],"tags":[1392,1111,11,1465,1777,674,1011,27,766,12,2636,1653,13224,25,60,1584],"class_list":{"0":"post-364144","1":"post","2":"type-post","3":"status-publish","4":"format-standard","5":"has-post-thumbnail","7":"category-nantes","8":"tag-a-la-une-local","9":"tag-actu","10":"tag-actualites","11":"tag-basket","12":"tag-eu","13":"tag-europe","14":"tag-fr","15":"tag-france","16":"tag-nantes","17":"tag-news","18":"tag-pays-de-la-loire","19":"tag-poitiers","20":"tag-poitiers-basket-86","21":"tag-republique-francaise","22":"tag-sports","23":"tag-vienne"},"share_on_mastodon":{"url":"https:\/\/pubeurope.com\/@fr\/115142413726435686","error":""},"_links":{"self":[{"href":"https:\/\/www.europesays.com\/fr\/wp-json\/wp\/v2\/posts\/364144","targetHints":{"allow":["GET"]}}],"collection":[{"href":"https:\/\/www.europesays.com\/fr\/wp-json\/wp\/v2\/posts"}],"about":[{"href":"https:\/\/www.europesays.com\/fr\/wp-json\/wp\/v2\/types\/post"}],"author":[{"embeddable":true,"href":"https:\/\/www.europesays.com\/fr\/wp-json\/wp\/v2\/users\/2"}],"replies":[{"embeddable":true,"href":"https:\/\/www.europesays.com\/fr\/wp-json\/wp\/v2\/comments?post=364144"}],"version-history":[{"count":0,"href":"https:\/\/www.europesays.com\/fr\/wp-json\/wp\/v2\/posts\/364144\/revisions"}],"wp:featuredmedia":[{"embeddable":true,"href":"https:\/\/www.europesays.com\/fr\/wp-json\/wp\/v2\/media\/364145"}],"wp:attachment":[{"href":"https:\/\/www.europesays.com\/fr\/wp-json\/wp\/v2\/media?parent=364144"}],"wp:term":[{"taxonomy":"category","embeddable":true,"href":"https:\/\/www.europesays.com\/fr\/wp-json\/wp\/v2\/categories?post=364144"},{"taxonomy":"post_tag","embeddable":true,"href":"https:\/\/www.europesays.com\/fr\/wp-json\/wp\/v2\/tags?post=364144"}],"curies":[{"name":"wp","href":"https:\/\/api.w.org\/{rel}","templated":true}]}}