{"id":364148,"date":"2025-09-03T21:10:19","date_gmt":"2025-09-03T21:10:19","guid":{"rendered":"https:\/\/www.europesays.com\/fr\/364148\/"},"modified":"2025-09-03T21:10:19","modified_gmt":"2025-09-03T21:10:19","slug":"bruno-irles-je-ne-suis-pas-venu-aux-girondins-de-bordeaux-pour-faire-quatre-ans-en-national-2-la-direction-a-fait-des-efforts-cette-saison","status":"publish","type":"post","link":"https:\/\/www.europesays.com\/fr\/364148\/","title":{"rendered":"Bruno Irles : \u00ab\u00a0Je ne suis pas venu aux Girondins de Bordeaux pour faire quatre ans en National 2. La direction a fait des efforts cette saison\u00a0\u00bb"},"content":{"rendered":"<p><img width=\"773\" height=\"380\" data-lazy-type=\"image\" src=\"https:\/\/www.europesays.com\/fr\/wp-content\/uploads\/2025\/09\/IMG_1309_OK_OK-773x380.jpg\" class=\"lazy lazy-hidden attachment-alchemists_thumbnail-lg size-alchemists_thumbnail-lg wp-post-image\" alt=\"\" decoding=\"async\" fetchpriority=\"high\"\/><\/p>\n<p>Sur TV7, l\u2019entraineur des Girondins de Bordeaux, <strong>Bruno<br \/>\nIrles<\/strong>, s\u2019est exprim\u00e9 sur l\u2019objectif du Club pour saison :<br \/>\nla mont\u00e9e en National.<\/p>\n<blockquote>\n<p>\u00ab L\u2019an dernier c\u2019\u00e9tait compliqu\u00e9, cela relevait de l\u2019utopie, du<br \/>\nr\u00eaver, en arrivant comme \u00e7a\u2026 On n\u2019\u00e9tait pas si loin, mais c\u2019\u00e9tait<br \/>\nvraiment\u2026 On l\u2019a touch\u00e9, mais on voyait que c\u2019\u00e9tait compliqu\u00e9, que<br \/>\nles matches de d\u00e9cantaient au dernier moment\u2026 On est les Girondins<br \/>\nde Bordeaux, on a un \u00e9cusson qui a une histoire. Aujourd\u2019hui, on<br \/>\ns\u2019est pr\u00e9par\u00e9s. On ne peut pas se cacher. Bien entendu que \u00e7a va<br \/>\n\u00eatre difficile, c\u2019est du National 2, ce n\u2019est pas le milieu amateur<br \/>\navec des gens qui travaillent le week-end et qui ne sont pas des<br \/>\nfootballeurs\u2026 On l\u2019a d\u00e9j\u00e0 vu la saison derni\u00e8re, il y a des<br \/>\n\u00e9quipes, comme Saint-Brieuc, qui a pos\u00e9 beaucoup de probl\u00e8mes aux<br \/>\n\u00e9quipes de Ligue 1, de Ligue 2\u2026 On a fait aussi bonne figure quand<br \/>\non a d\u00fb jouer en Coupe de France contre une \u00e9quipe de ce niveau. On<br \/>\nsait qu\u2019il y a un tr\u00e8s bon niveau, donc on ne peut pas \u00eatre assur\u00e9<br \/>\nde quoi que ce soit. Mais de l\u2019ambition, oui \u00bb.<\/p>\n<\/blockquote>\n<p>Il appuie.<\/p>\n<blockquote>\n<p>\u00ab Je l\u2019assume, je ne suis pas venu aux Girondins de Bordeaux<br \/>\npour faire quatre ans en National 2. La direction a fait des<br \/>\nefforts cette saison pour qu\u2019on puisse repartir \u00e0 ce niveau. S\u2019il<br \/>\nn\u2019y avait pas eu ces efforts-l\u00e0, on ne serait pas l\u00e0. Aujourd\u2019hui,<br \/>\non est l\u00e0, on a envie, et on s\u2019est pr\u00e9par\u00e9 pour \u00e7a. Il va y avoir<br \/>\ndes d\u00e9faites, des moments difficiles, mais l\u2019ambition de monter<br \/>\ncette saison est assum\u00e9e et claire \u00bb.<\/p>\n<\/blockquote>\n<p style=\"text-align: right;\"><a href=\"http:\/\/girondins4ever.com\" rel=\"nofollow noopener\" target=\"_blank\">Retranscription Girondins4Ever<\/a><\/p>\n<p style=\"text-align: center;\"><img loading=\"lazy\" decoding=\"async\" class=\"lazy lazy-hidden alignnone size-full wp-image-558112\" data-lazy-type=\"image\" src=\"https:\/\/www.europesays.com\/fr\/wp-content\/uploads\/2025\/09\/IMG_3271_OK_OK.jpg\" alt=\"\" width=\"1024\" height=\"683\"  \/><\/p>\n","protected":false},"excerpt":{"rendered":"Sur TV7, l\u2019entraineur des Girondins de Bordeaux, Bruno Irles, s\u2019est exprim\u00e9 sur l\u2019objectif du Club pour saison :&hellip;\n","protected":false},"author":2,"featured_media":364149,"comment_status":"","ping_status":"","sticky":false,"template":"","format":"standard","meta":{"footnotes":""},"categories":[2817],"tags":[1111,11,1997,1777,674,1011,27,12,2219,25],"class_list":{"0":"post-364148","1":"post","2":"type-post","3":"status-publish","4":"format-standard","5":"has-post-thumbnail","7":"category-bordeaux","8":"tag-actu","9":"tag-actualites","10":"tag-bordeaux","11":"tag-eu","12":"tag-europe","13":"tag-fr","14":"tag-france","15":"tag-news","16":"tag-nouvelle-aquitaine","17":"tag-republique-francaise"},"share_on_mastodon":{"url":"https:\/\/pubeurope.com\/@fr\/115142422440254658","error":""},"_links":{"self":[{"href":"https:\/\/www.europesays.com\/fr\/wp-json\/wp\/v2\/posts\/364148","targetHints":{"allow":["GET"]}}],"collection":[{"href":"https:\/\/www.europesays.com\/fr\/wp-json\/wp\/v2\/posts"}],"about":[{"href":"https:\/\/www.europesays.com\/fr\/wp-json\/wp\/v2\/types\/post"}],"author":[{"embeddable":true,"href":"https:\/\/www.europesays.com\/fr\/wp-json\/wp\/v2\/users\/2"}],"replies":[{"embeddable":true,"href":"https:\/\/www.europesays.com\/fr\/wp-json\/wp\/v2\/comments?post=364148"}],"version-history":[{"count":0,"href":"https:\/\/www.europesays.com\/fr\/wp-json\/wp\/v2\/posts\/364148\/revisions"}],"wp:featuredmedia":[{"embeddable":true,"href":"https:\/\/www.europesays.com\/fr\/wp-json\/wp\/v2\/media\/364149"}],"wp:attachment":[{"href":"https:\/\/www.europesays.com\/fr\/wp-json\/wp\/v2\/media?parent=364148"}],"wp:term":[{"taxonomy":"category","embeddable":true,"href":"https:\/\/www.europesays.com\/fr\/wp-json\/wp\/v2\/categories?post=364148"},{"taxonomy":"post_tag","embeddable":true,"href":"https:\/\/www.europesays.com\/fr\/wp-json\/wp\/v2\/tags?post=364148"}],"curies":[{"name":"wp","href":"https:\/\/api.w.org\/{rel}","templated":true}]}}