{"id":364150,"date":"2025-09-03T21:11:11","date_gmt":"2025-09-03T21:11:11","guid":{"rendered":"https:\/\/www.europesays.com\/fr\/364150\/"},"modified":"2025-09-03T21:11:11","modified_gmt":"2025-09-03T21:11:11","slug":"toulouse-est-elle-vraiment-en-tete-des-villes-etudiantes-les-moins-cheres","status":"publish","type":"post","link":"https:\/\/www.europesays.com\/fr\/364150\/","title":{"rendered":"Toulouse est-elle vraiment en t\u00eate des villes \u00e9tudiantes les moins ch\u00e8res ?"},"content":{"rendered":"<p>Une pr\u00e9carit\u00e9 \u00e9tudiante qui s\u2019envole. En ao\u00fbt dernier, le maire de Toulouse Jean-Luc Moudenc se r\u00e9jouissait du classement de sa ville <strong>\u00ab\u00a0parmi les villes universitaires les moins ch\u00e8res de France\u00a0\u00bb<\/strong>. Avec un co\u00fbt mensuel moyen de 1.214,65 euros, elle se situe \u00e0 la 20e place (sur 23) selon le top r\u00e9alis\u00e9 par l\u2019UNEF ; loin derri\u00e8re Paris (1.626,76 euros), Nice (1.370,15 euros) ou encore Lyon (1.323,98 euros). Le premier \u00e9dile d\u00e9crivait alors ce classement comme \u00e9tant <strong>\u00ab\u00a0une bonne nouvelle pour nos \u00e9tudiants\u00a0\u00bb<\/strong>, et <strong>\u00ab\u00a0la preuve que nos choix portent leurs fruits\u00a0\u00bb<\/strong>. Mais derri\u00e8re ces chiffres se trouve une r\u00e9alit\u00e9 plus nuanc\u00e9e. Car <a href=\"https:\/\/lopinion.com\/articles\/economie\/29925_degringolade-toulouse-renouveau-syndical-alerte-augmentation-cout-vie-etudiante\" rel=\"noopener noreferrer nofollow\" target=\"_blank\">le co\u00fbt de la vie \u00e9tudiante augmente partout<\/a>, et ce m\u00eame dans la Ville rose. <strong>\u00ab\u00a0+ 765 euros entre 2024 et 2025\u00a0\u00bb<\/strong> selon l\u2019UNEF Toulouse, soit une augmentation de<strong> 5,54 % en un an<\/strong> (contre 4,12 % en moyenne \u00e0 l\u2019\u00e9chelle nationale).<\/p>\n<\/p>\n<p>Quand transports et logement p\u00e8sent lourd sur le portefeuille<\/p>\n<p>La hausse du prix des transports en commun <a href=\"https:\/\/lopinion.com\/\" rel=\"noopener noreferrer nofollow\" target=\"_blank\">\u00e0 Toulouse<\/a> figure parmi <strong>les augmentations les plus importantes pour ses \u00e9tudiants<\/strong>.<\/p>\n<blockquote><p>Toulouse est la ville de France qui a le plus augment\u00e9 ses co\u00fbts des transports depuis 2022. C&rsquo;est clairement une volont\u00e9 politique\u00a0\u00bb, indique Julien Regimbeau, responsable de l&rsquo;UNEF Toulouse.\u00a0<\/p><\/blockquote>\n<p>L\u2019abonnement annuel pour les \u00e9tudiants non-boursiers a en effet connu <a href=\"https:\/\/lopinion.com\/articles\/actualite\/29330_toulouse-tarifs-transports-tisseo-augmentent-juillet\" rel=\"noopener noreferrer nofollow\" target=\"_blank\">une hausse de presque 5 % cette ann\u00e9e<\/a>, passant <strong>de 154,50 \u00e0 162 euros<\/strong>. Une augmentation qui succ\u00e8de \u00e0 celle de 16,17 % entre 2023 et 2024. Pourtant, Tiss\u00e9o indiquait en juillet 2025, \u00e0 l\u2019occasion de la hausse de ses tarifs, proposer <strong>\u00ab\u00a0un prix de l\u2019abonnement pour les jeunes le plus bas des r\u00e9seaux cit\u00e9s\u00a0\u00bb<\/strong>, parmi lesquels Grenoble, Lyon, Bordeaux ou encore Paris.\u00a0<\/p>\n<p>\u00c0 ces frais de transport s\u2019ajoute <strong>le poids du logement.<\/strong> Entre 2018 et 2025, les loyers du parc priv\u00e9 ont bondi <strong>de 14 %<\/strong>, passant de 457 euros \u00e0 521 euros par mois en moyenne, selon le syndicat \u00e9tudiant. Toulouse n\u2019est pas la ville la plus ch\u00e8re de France, mais l\u2019UNEF Toulouse pointe du doigt <strong>\u00ab\u00a0l\u2019absence totale\u00a0\u00bb d\u2019encadrement des loyers<\/strong>, qui laisse les \u00e9tudiants \u00e0 la merci du march\u00e9.<\/p>\n<blockquote><p>Le loyer reste la premi\u00e8re d\u00e9pense pour les \u00e9tudiants. Ensuite vient \u00e9videmment tout ce qui est alimentaire\u00a0\u00bb, souligne l\u2019UNEF.<\/p><\/blockquote>\n<p>L\u2019inflation alimentaire, subie partout en France, creuse encore un peu plus le budget des jeunes.<\/p>\n<p>\u00c9tudier ou travailler : un choix impossible<\/p>\n<p>La cons\u00e9quence directe de cette flamb\u00e9e ? <a href=\"https:\/\/lopinion.com\/articles\/actualite\/25319_travailler-etudier-impacts-apprenants\" rel=\"noopener noreferrer nofollow\" target=\"_blank\">Le salariat \u00e9tudiant se g\u00e9n\u00e9ralise<\/a>.<\/p>\n<blockquote><p>Plus d\u2019un \u00e9tudiant sur deux se salarie aujourd\u2019hui en France. On sait aujourd\u2019hui que le salariat \u00e9tudiant est une cause d\u2019\u00e9chec de l\u2019enseignement sup\u00e9rieur\u00a0\u00bb, rappelle Julien Regimbeau.<\/p><\/blockquote>\n<p>Parall\u00e8lement, les aides stagnent. <strong>\u00ab\u00a0Les bourses du CROUS sont la seule prestation sociale en France qui ne suit pas l\u2019inflation\u00a0\u00bb<\/strong>, insiste-t-il. Leur montant n\u2019a pas \u00e9t\u00e9 revaloris\u00e9 depuis 2023, malgr\u00e9 la hausse du co\u00fbt de la vie. Une situation redout\u00e9e d&rsquo;autant plus que le gouvernement a annonc\u00e9 <strong>une \u00ab\u00a0ann\u00e9e blanche\u00a0\u00bb<\/strong> pour 2026, avec notamment <strong>le gel des prestations sociales<\/strong>. En prime, des milliers d\u2019\u00e9tudiants ont commenc\u00e9 l\u2019ann\u00e9e scolaire 2025 sans avoir encore touch\u00e9 leur bourse&#8230;<\/p>\n<p>L\u2019universit\u00e9 publique fragilis\u00e9e<\/p>\n<p>La pr\u00e9carit\u00e9 \u00e9tudiante ne se limite pas aux questions de logement et de transport. L\u2019UNEF insiste sur <strong>la crise profonde <\/strong>que traverse l\u2019enseignement sup\u00e9rieur.<\/p>\n<blockquote><p>On a eu des coupes, l&rsquo;ann\u00e9e derni\u00e8re, de 1,5 milliard d&rsquo;euros dans les universit\u00e9s publiques. 60 universit\u00e9s sur 74 se sont endett\u00e9es aujourd&rsquo;hui en France\u00a0\u00bb, alerte Julien Regimbeau.<\/p><\/blockquote>\n<p>Cette aust\u00e9rit\u00e9 budg\u00e9taire favorise l\u2019essor du priv\u00e9, avec des frais d\u2019inscription <strong>\u00ab\u00a0pouvant d\u00e9passer 10.000 euros par an\u00a0\u00bb<\/strong>. Un basculement qui menacerait l\u2019\u00e9galit\u00e9 d\u2019acc\u00e8s \u00e0 l\u2019universit\u00e9 selon l&rsquo;organisation syndicale :<\/p>\n<blockquote><p>Aujourd&rsquo;hui, on a de moins en moins de places d\u2019enseignement sup\u00e9rieur public, ce qui cause une s\u00e9lection qui privil\u00e9gie les personnes issues de milieux favoris\u00e9s.\u00a0\u00bb<\/p><\/blockquote>\n<p>Une tendance r\u00e9cemment confirm\u00e9e par <strong>l\u2019Observatoire des In\u00e9galit\u00e9s<\/strong>, dans un rapport publi\u00e9 le 28 ao\u00fbt. Celui-ci dressait un constat alarmant : <strong>plus on avance dans le parcours scolaire, plus les enfants d\u2019ouvriers disparaissent des effectifs<\/strong>.\u00a0<\/p>\n<p>\u00c0 l\u2019universit\u00e9, la fracture est tr\u00e8s nette : <strong>8,7 % seulement des \u00e9tudiants sont enfants d\u2019ouvriers<\/strong>, contre 34,9 % issus de cadres. Dans les classes pr\u00e9paratoires, l\u2019\u00e9cart se creuse davantage (6,4 % contre 53,7 %), et il atteint un sommet dans les \u00c9coles normales sup\u00e9rieures <strong>o\u00f9<\/strong> <strong>les enfants de cadres sont 30 fois plus repr\u00e9sent\u00e9s que ceux d\u2019ouvriers<\/strong>.<\/p>\n<p>L\u2019Observatoire conclut s\u00e9v\u00e8rement :<\/p>\n<blockquote><p>Notre syst\u00e8me est loin de faire ce qu\u2019il devrait pour assurer l\u2019\u00e9galit\u00e9 des chances scolaires. Essentiellement parce que l\u2019\u00e9cole fran\u00e7aise cherche \u00e0 s\u00e9lectionner quelques bons \u00e9l\u00e8ves plut\u00f4t que d\u2019\u00e9viter d\u2019en perdre un grand nombre en route.\u00a0\u00bb<\/p><\/blockquote>\n<p>\u00ab\u00a0Nous allons nous battre cette ann\u00e9e\u00a0\u00bb<\/p>\n<p>Face \u00e0 ce constat, l\u2019UNEF Toulouse affiche <strong>un agenda clair pour l\u2019ann\u00e9e universitaire 2025-2026<\/strong> : lutte contre la pr\u00e9carit\u00e9, revalorisation des aides sociales, encadrement des loyers, d\u00e9fense du service public universitaire et <a href=\"https:\/\/lopinion.com\/articles\/actualite\/25801_amendement-generalisation-repas-crous-unef-toulouse\" rel=\"noopener noreferrer nofollow\" target=\"_blank\">extension du repas \u00e0 1 euro<\/a>. Le syndicat milite aussi pour <strong>la g\u00e9n\u00e9ralisation du cong\u00e9 menstruel,<\/strong> <a href=\"https:\/\/lopinion.com\/articles\/actualite\/25104_toulouse-luniversite-jean-jaures-conge-menstruel-etudiantes\" rel=\"noopener noreferrer nofollow\" target=\"_blank\">d\u00e9j\u00e0 adopt\u00e9 \u00e0 l\u2019Universit\u00e9 Jean-Jaur\u00e8s<\/a> et \u00e0 Paul-Sabatier, mais encore aujourd&rsquo;hui refus\u00e9 par Toulouse-Capitole.<\/p>\n<blockquote><p>\u00c0 l&rsquo;UNEF Toulouse, nous allons nous battre cette ann\u00e9e pour lutter contre la pr\u00e9carit\u00e9 \u00e9tudiante\u00a0\u00bb, conclut Julien Regimbeau.<\/p><\/blockquote>\n<p>&gt;&gt; \u00c0 LIRE AUSSI : <a href=\"https:\/\/lopinion.com\/articles\/economie\/29976_perd-espoir-galere-etudiants-crise-logement-toulouse\" rel=\"noopener noreferrer nofollow\" target=\"_blank\">\u00ab\u00a0On perd espoir\u00a0\u00bb : la gal\u00e8re des \u00e9tudiants face \u00e0 la crise du logement \u00e0 Toulouse<\/a><\/p>\n","protected":false},"excerpt":{"rendered":"Une pr\u00e9carit\u00e9 \u00e9tudiante qui s\u2019envole. En ao\u00fbt dernier, le maire de Toulouse Jean-Luc Moudenc se r\u00e9jouissait du classement&hellip;\n","protected":false},"author":2,"featured_media":364151,"comment_status":"","ping_status":"","sticky":false,"template":"","format":"standard","meta":{"footnotes":""},"categories":[2816],"tags":[1111,11,1777,674,1011,27,12,2680,25,2312],"class_list":{"0":"post-364150","1":"post","2":"type-post","3":"status-publish","4":"format-standard","5":"has-post-thumbnail","7":"category-toulouse","8":"tag-actu","9":"tag-actualites","10":"tag-eu","11":"tag-europe","12":"tag-fr","13":"tag-france","14":"tag-news","15":"tag-occitanie","16":"tag-republique-francaise","17":"tag-toulouse"},"share_on_mastodon":{"url":"https:\/\/pubeurope.com\/@fr\/115142425652449728","error":""},"_links":{"self":[{"href":"https:\/\/www.europesays.com\/fr\/wp-json\/wp\/v2\/posts\/364150","targetHints":{"allow":["GET"]}}],"collection":[{"href":"https:\/\/www.europesays.com\/fr\/wp-json\/wp\/v2\/posts"}],"about":[{"href":"https:\/\/www.europesays.com\/fr\/wp-json\/wp\/v2\/types\/post"}],"author":[{"embeddable":true,"href":"https:\/\/www.europesays.com\/fr\/wp-json\/wp\/v2\/users\/2"}],"replies":[{"embeddable":true,"href":"https:\/\/www.europesays.com\/fr\/wp-json\/wp\/v2\/comments?post=364150"}],"version-history":[{"count":0,"href":"https:\/\/www.europesays.com\/fr\/wp-json\/wp\/v2\/posts\/364150\/revisions"}],"wp:featuredmedia":[{"embeddable":true,"href":"https:\/\/www.europesays.com\/fr\/wp-json\/wp\/v2\/media\/364151"}],"wp:attachment":[{"href":"https:\/\/www.europesays.com\/fr\/wp-json\/wp\/v2\/media?parent=364150"}],"wp:term":[{"taxonomy":"category","embeddable":true,"href":"https:\/\/www.europesays.com\/fr\/wp-json\/wp\/v2\/categories?post=364150"},{"taxonomy":"post_tag","embeddable":true,"href":"https:\/\/www.europesays.com\/fr\/wp-json\/wp\/v2\/tags?post=364150"}],"curies":[{"name":"wp","href":"https:\/\/api.w.org\/{rel}","templated":true}]}}