{"id":364152,"date":"2025-09-03T21:12:14","date_gmt":"2025-09-03T21:12:14","guid":{"rendered":"https:\/\/www.europesays.com\/fr\/364152\/"},"modified":"2025-09-03T21:12:14","modified_gmt":"2025-09-03T21:12:14","slug":"tfc-psg-le-penalty-du-tfc-naurait-pas-du-etre-retire","status":"publish","type":"post","link":"https:\/\/www.europesays.com\/fr\/364152\/","title":{"rendered":"TFC \/ PSG &#8211; Le p\u00e9nalty du TFC n&rsquo;aurait pas d\u00fb \u00eatre retir\u00e9"},"content":{"rendered":"<p><img width=\"700\" height=\"350\" src=\"https:\/\/www.europesays.com\/fr\/wp-content\/uploads\/2025\/09\/1756933934_800_Chevalier.jpg\" class=\"attachment-jannah-image-post size-jannah-image-post wp-post-image\" alt=\"Chevalier\" is_main_img=\"1\" decoding=\"async\" fetchpriority=\"high\"  \/><br \/>\n Image :<br \/>\nPSG.fr<\/p>\n<p>Samedi dernier, le PSG a battu Toulouse (3-6). Lors de ce<br \/>\nmatch, Toulouse a obtenu un penalty. Lucas Chevalier a arr\u00eat\u00e9 la<br \/>\npremi\u00e8re tentative. Mais l\u2019arbitre a d\u00e9cid\u00e9 de le faire retirer.<br \/>\nMais il n\u2019aurait pas d\u00fb \u00eatre retir\u00e9.<\/p>\n<p>Avant la tr\u00eave internationale, le <strong>PSG<\/strong> se<br \/>\nd\u00e9pla\u00e7ait sur la pelouse de <strong>Toulouse<\/strong> dans le cadre<br \/>\nde la troisi\u00e8me journ\u00e9e de <strong>Ligue 1<\/strong>. Le<br \/>\n<strong>PSG<\/strong> s\u2019est impos\u00e9 dans un match riche en buts<br \/>\n<a href=\"https:\/\/canal-supporters.com\/dans-un-festival-de-buts-le-psg-simpose-contre-toulouse-3-6\/\" title=\"\" target=\"_blank\" rel=\"noopener\">(3-6)<\/a>. Lors de cette rencontre, les Toulousains ont<br \/>\nobtenu un penalty apr\u00e8s une faute de <strong>Nuno Mendes<\/strong>.<br \/>\n<strong>Magri<\/strong> s\u2019est pr\u00e9sent\u00e9 devant <strong><a href=\"https:\/\/canal-supporters.com\/edf-didier-deschamps-evoque-les-cas-lucas-chevalier-warren-zaire-emery-et-randal-kolo-muani\/\" title=\"\" target=\"_blank\" rel=\"noopener\">Lucas Chevalier<\/a><\/strong> et le gardien du<br \/>\n<strong>PSG<\/strong> a repouss\u00e9 sa tentative. Mais l\u2019arbitre de la<br \/>\nrencontre a d\u00e9cid\u00e9 de faire retirer le p\u00e9nalty en raison de<br \/>\nl\u2019entr\u00e9e de plusieurs joueurs du <strong>PSG<\/strong> dans la<br \/>\nsurface avant le tir. <strong>Casseres<\/strong> s\u2019est alors<br \/>\npr\u00e9sent\u00e9 et a vu le gardien du <strong>PSG<\/strong> de nouveau<br \/>\nrepousser sa tentative. Un exploit du gardien parisien qui n\u2019aurait<br \/>\npas d\u00fb avoir lieu.<\/p>\n<p>A voir aussi : <a href=\"https:\/\/canal-supporters.com\/joao-neves-cest-mon-premier-triple-je-vais-men-rappeler-pour-toujours\/\" title=\"\" target=\"_blank\" rel=\"noopener\">Jo\u00e3o Neves : \u00ab\u00a0C\u2019est mon premier tripl\u00e9, je vais m\u2019en<br \/>\nrappeler pour toujours\u00a0\u00bb<\/a><\/p>\n<p><a href=\"https:\/\/x.com\/CanalSupporters\" target=\"_blank\" rel=\"noopener\" title=\"\">canalsupporters.com<\/a><\/p>\n<p>La raison du<br \/>\nchoix de l\u2019arbitre n\u2019\u00e9tait pas valable<\/p>\n<p>Dans son d\u00e9brief de la troisi\u00e8me journ\u00e9e de<br \/>\n<strong>Ligue\u00a01<\/strong>, la <strong>Direction de l\u2019arbitrage<br \/>\nde la FFF<\/strong> a estim\u00e9 que le p\u00e9nalty pour<br \/>\n<strong>Toulouse<\/strong>, qui accueillait le PSG (3-6) samedi,<br \/>\nn\u2019aurait pas d\u00fb \u00eatre retir\u00e9 comme cela a \u00e9t\u00e9 le cas.<br \/>\n\u00ab\u00a0L\u2019arbitre vid\u00e9o a bien identifi\u00e9 l\u2019empi\u00e8tement du<br \/>\nd\u00e9fenseur parisien n\u00b087 (<strong>Joao Neves<\/strong>) dans la<br \/>\nsurface de r\u00e9paration avant le bott\u00e9 du ballon. Toutefois,<br \/>\nles Lois du jeu stipulent qu\u2019un \u00a0\u00bbco\u00e9quipier du gardien de but<br \/>\nsera p\u00e9nalis\u00e9 en cas d\u2019empi\u00e8tement avant que le ballon ne soit en<br \/>\njeu uniquement si l\u2019empi\u00e8tement a clairement influenc\u00e9 le tireur ou<br \/>\nsi le joueur qui a commis l\u2019empi\u00e8tement joue le ballon ou dispute<br \/>\nle ballon \u00e0 un adversaire, emp\u00eachant l\u2019\u00e9quipe adverse de marquer un<br \/>\nbut ou de se procurer une occasion de but\u00a0\u00bb. La situation<br \/>\nd\u2019empi\u00e8tement ne remplissant ici aucune de ces deux conditions, le<br \/>\np\u00e9nalty n\u2019aurait pas d\u00fb \u00eatre retir\u00e9\u00ab\u00a0, indique la<br \/>\nDirection de l\u2019arbitrage dans <a href=\"https:\/\/www.fff.fr\/article\/15215-arbitrage-le-debrief-de-la-j3.html\" title=\"\" target=\"_blank\" rel=\"noopener\">son communiqu\u00e9<\/a>.<\/p><\/p>\n","protected":false},"excerpt":{"rendered":"Image : PSG.fr Samedi dernier, le PSG a battu Toulouse (3-6). Lors de ce match, Toulouse a obtenu&hellip;\n","protected":false},"author":2,"featured_media":364153,"comment_status":"","ping_status":"","sticky":false,"template":"","format":"standard","meta":{"footnotes":""},"categories":[2816],"tags":[49874,1111,11,81,38756,787,49875,1777,674,1011,27,66,1611,4668,12,2680,626,91,49876,93,25,40581,49877,2312,49878,40582,49879,96],"class_list":{"0":"post-364152","1":"post","2":"type-post","3":"status-publish","4":"format-standard","5":"has-post-thumbnail","7":"category-toulouse","8":"tag-3e-journee","9":"tag-actu","10":"tag-actualites","11":"tag-canal-supporters","12":"tag-chevalier","13":"tag-cs","14":"tag-direction-de-larbitrage-de-la-fff","15":"tag-eu","16":"tag-europe","17":"tag-fr","18":"tag-france","19":"tag-ligue-1","20":"tag-ligue-1-macdonalds","21":"tag-lucas-chevalier","22":"tag-news","23":"tag-occitanie","24":"tag-paris","25":"tag-paris-saint-germain","26":"tag-penalty","27":"tag-psg","28":"tag-republique-francaise","29":"tag-tfc-psg","30":"tag-tfcpsg","31":"tag-toulouse","32":"tag-toulouse-fc-psg","33":"tag-toulouse-psg","34":"tag-troisieme-journee","35":"tag-une"},"share_on_mastodon":{"url":"https:\/\/pubeurope.com\/@fr\/115142429458454701","error":""},"_links":{"self":[{"href":"https:\/\/www.europesays.com\/fr\/wp-json\/wp\/v2\/posts\/364152","targetHints":{"allow":["GET"]}}],"collection":[{"href":"https:\/\/www.europesays.com\/fr\/wp-json\/wp\/v2\/posts"}],"about":[{"href":"https:\/\/www.europesays.com\/fr\/wp-json\/wp\/v2\/types\/post"}],"author":[{"embeddable":true,"href":"https:\/\/www.europesays.com\/fr\/wp-json\/wp\/v2\/users\/2"}],"replies":[{"embeddable":true,"href":"https:\/\/www.europesays.com\/fr\/wp-json\/wp\/v2\/comments?post=364152"}],"version-history":[{"count":0,"href":"https:\/\/www.europesays.com\/fr\/wp-json\/wp\/v2\/posts\/364152\/revisions"}],"wp:featuredmedia":[{"embeddable":true,"href":"https:\/\/www.europesays.com\/fr\/wp-json\/wp\/v2\/media\/364153"}],"wp:attachment":[{"href":"https:\/\/www.europesays.com\/fr\/wp-json\/wp\/v2\/media?parent=364152"}],"wp:term":[{"taxonomy":"category","embeddable":true,"href":"https:\/\/www.europesays.com\/fr\/wp-json\/wp\/v2\/categories?post=364152"},{"taxonomy":"post_tag","embeddable":true,"href":"https:\/\/www.europesays.com\/fr\/wp-json\/wp\/v2\/tags?post=364152"}],"curies":[{"name":"wp","href":"https:\/\/api.w.org\/{rel}","templated":true}]}}