{"id":364154,"date":"2025-09-03T21:14:23","date_gmt":"2025-09-03T21:14:23","guid":{"rendered":"https:\/\/www.europesays.com\/fr\/364154\/"},"modified":"2025-09-03T21:14:23","modified_gmt":"2025-09-03T21:14:23","slug":"le-losc-se-prepare-a-un-depart-denvergure-de-derniere-minute","status":"publish","type":"post","link":"https:\/\/www.europesays.com\/fr\/364154\/","title":{"rendered":"le LOSC se pr\u00e9pare \u00e0 un d\u00e9part d\u2019envergure de derni\u00e8re minute"},"content":{"rendered":"<p>\u00abLe LOSC est heureux d\u2019annoncer aujourd\u2019hui la signature d\u2019Andr\u00e9 Gomes (31 ans). Le milieu de terrain international portugais (29 s\u00e9lections) effectue son retour chez les Dogues, lui qui a d\u00e9j\u00e0 port\u00e9 le maillot lillois avec succ\u00e8s durant la saison 2022-2023. Il s\u2019est engag\u00e9 librement pour un contrat de 2 ans. Il est donc li\u00e9 au Club jusqu\u2019en 2026\u00bb. Il y a quasiment un an jour pour jour, le milieu de terrain portugais revenait \u00e0 <a href=\"https:\/\/www.footmercato.net\/club\/losc\/\" rel=\"nofollow noopener\" target=\"_blank\">Lille<\/a> en tant que joueur libre afin de renforcer l\u2019entrejeu du club nordiste. <\/p>\n<p>            La suite apr\u00e8s cette publicit\u00e9<\/p>\n<p>Au sein d\u2019un club qu\u2019il connaissait bien pour y avoir jou\u00e9 entre 2022 et 2023, l\u2019ancien joueur du Bar\u00e7a a effectu\u00e9 une saison 2024-25 tr\u00e8s correcte avec 24 apparitions, un joli bilan pour un joueur qui n\u2019avait pu \u00eatre qualifi\u00e9 en Ligue des Champions, mais qui a tout de m\u00eame disput\u00e9 les 2 rencontres de 1\/8e de finale de la comp\u00e9tition contre le Borussia Dortmund. <\/p>\n<p>            La suite apr\u00e8s cette publicit\u00e9<\/p>\n<p>        Des offres exotiques sont arriv\u00e9es sur la table pour Andr\u00e9 Gomes<\/p>\n<p>Oui, mais voil\u00e0, le LOSC est bien dot\u00e9 au milieu de terrain avec Benjamin Andr\u00e9, Ngal\u2019ayel Mukau, Ayyoub Bouaddi, Nabil Bentaleb et Ugo Raghouber revenu de pr\u00eat de Dunkerque. Un probl\u00e8me de riche pour Bruno Genesio qui ne compte plus sur son milieu de terrain portugais et qui ne l\u2019a d\u2019ailleurs pas inscrit sur les listes Europe, tout un symbole. D\u00e8s lors, un d\u00e9part d\u2019Andr\u00e9 Gomes de Lille semble in\u00e9vitable, lui qui n\u2019a plus qu\u2019un an de contrat chez les Dogues. <\/p>\n<p>Reste d\u00e9sormais \u00e0 savoir o\u00f9 il pourra rebondir puisque les grands championnats ont ferm\u00e9 les portes du mercato ce lundi \u00e0 20h. Selon nos informations, des offres exotiques sont arriv\u00e9es sur la table pour le joueur de 32 ans, mais rien n\u2019a encore \u00e9t\u00e9 act\u00e9 pour le moment concernant sa future destination. De son c\u00f4t\u00e9, Lille, actuel 3e de <a href=\"https:\/\/www.footmercato.net\/france\/ligue-1\/\" rel=\"nofollow noopener\" target=\"_blank\">Ligue 1<\/a>, ne fera rien pour retenir un joueur qui dispose d\u2019un joli contrat au LOSC. Un d\u00e9part pourrait faire du bien \u00e0 la masse salariale du club nordiste, ce qui en ces temps difficiles de crise li\u00e9e aux droits TV est forc\u00e9ment une donn\u00e9e \u00e0 prendre en consid\u00e9ration\u2026 \u00c0 suivre.<\/p>\n<p>\n    Pub. le 03\/09\/2025 12:01<br \/>\n            &#8211; MAJ le 03\/09\/2025 21:36\n    <\/p>\n","protected":false},"excerpt":{"rendered":"\u00abLe LOSC est heureux d\u2019annoncer aujourd\u2019hui la signature d\u2019Andr\u00e9 Gomes (31 ans). Le milieu de terrain international portugais&hellip;\n","protected":false},"author":2,"featured_media":364155,"comment_status":"","ping_status":"","sticky":false,"template":"","format":"standard","meta":{"footnotes":""},"categories":[2815],"tags":[1111,11,1777,674,1011,27,811,1307,12,25],"class_list":{"0":"post-364154","1":"post","2":"type-post","3":"status-publish","4":"format-standard","5":"has-post-thumbnail","7":"category-lille","8":"tag-actu","9":"tag-actualites","10":"tag-eu","11":"tag-europe","12":"tag-fr","13":"tag-france","14":"tag-hauts-de-france","15":"tag-lille","16":"tag-news","17":"tag-republique-francaise"},"share_on_mastodon":{"url":"https:\/\/pubeurope.com\/@fr\/115142437917622429","error":""},"_links":{"self":[{"href":"https:\/\/www.europesays.com\/fr\/wp-json\/wp\/v2\/posts\/364154","targetHints":{"allow":["GET"]}}],"collection":[{"href":"https:\/\/www.europesays.com\/fr\/wp-json\/wp\/v2\/posts"}],"about":[{"href":"https:\/\/www.europesays.com\/fr\/wp-json\/wp\/v2\/types\/post"}],"author":[{"embeddable":true,"href":"https:\/\/www.europesays.com\/fr\/wp-json\/wp\/v2\/users\/2"}],"replies":[{"embeddable":true,"href":"https:\/\/www.europesays.com\/fr\/wp-json\/wp\/v2\/comments?post=364154"}],"version-history":[{"count":0,"href":"https:\/\/www.europesays.com\/fr\/wp-json\/wp\/v2\/posts\/364154\/revisions"}],"wp:featuredmedia":[{"embeddable":true,"href":"https:\/\/www.europesays.com\/fr\/wp-json\/wp\/v2\/media\/364155"}],"wp:attachment":[{"href":"https:\/\/www.europesays.com\/fr\/wp-json\/wp\/v2\/media?parent=364154"}],"wp:term":[{"taxonomy":"category","embeddable":true,"href":"https:\/\/www.europesays.com\/fr\/wp-json\/wp\/v2\/categories?post=364154"},{"taxonomy":"post_tag","embeddable":true,"href":"https:\/\/www.europesays.com\/fr\/wp-json\/wp\/v2\/tags?post=364154"}],"curies":[{"name":"wp","href":"https:\/\/api.w.org\/{rel}","templated":true}]}}