{"id":364158,"date":"2025-09-03T21:16:10","date_gmt":"2025-09-03T21:16:10","guid":{"rendered":"https:\/\/www.europesays.com\/fr\/364158\/"},"modified":"2025-09-03T21:16:10","modified_gmt":"2025-09-03T21:16:10","slug":"lassaillant-de-marseille-un-profil-plutot-psychiatrique-selon-les-premiers-elements","status":"publish","type":"post","link":"https:\/\/www.europesays.com\/fr\/364158\/","title":{"rendered":"L&rsquo;assaillant de Marseille, un profil plut\u00f4t psychiatrique selon les premiers \u00e9lements"},"content":{"rendered":"<p>Les cinq victimes, trois touch\u00e9es au couteau et deux \u00e0 la barre de fer ou \u00e0 coup de poing, sont a priori toutes hors de danger, y compris le plus gravement bless\u00e9, l&rsquo;ancien \u00ab\u00a0colocataire\u00a0\u00bb de l&rsquo;assaillant dans un h\u00f4tel dont il venait d&rsquo;\u00eatre expuls\u00e9 pour d\u00e9faut de paiement. Ce dernier avait \u00e9t\u00e9 frapp\u00e9 au thorax, a indiqu\u00e9 lors d&rsquo;un point presse mercredi le procureur de Marseille.<\/p>\n<p>Selon les premiers \u00e9l\u00e9ments avanc\u00e9s par Nicolas Bessone, le \u00ab\u00a0p\u00e9riple criminel\u00a0\u00bb d&rsquo;Abdelkader Dibi, 35 ans, dans le quartier populaire et tr\u00e8s fr\u00e9quent\u00e9 de Belsunce, dans l&rsquo;hyper-centre de la deuxi\u00e8me ville de France, a bien pour origine cette expulsion.<\/p>\n<p>Son parcours sanglant a ainsi d\u00e9but\u00e9 dans un h\u00f4tel bon march\u00e9, poignardant son ex-colocataire, le r\u00e9ceptionniste, et non le g\u00e9rant comme initialement indiqu\u00e9, et le fils du g\u00e9rant, avant d&rsquo;entamer une errance mena\u00e7ante dans les rues, qui l&rsquo;a men\u00e9 \u00e0 quelques centaines de m\u00e8tres de l&#8217;embl\u00e9matique Vieux Port, arm\u00e9 de deux couteaux et d&rsquo;une barre de fer.<\/p>\n<p>C&rsquo;est avec ces armes qu&rsquo;il menace une patrouille de policiers en civil qui, alert\u00e9s par \u00ab\u00a0la rumeur publique\u00a0\u00bb, le confrontent et le mettent en joue devant un kebab du cours Belsunce. L&rsquo;homme les mena\u00e7ant, les fonctionnaires ont ouvert le feu \u00e0 six reprises alors qu&rsquo;il faisait des mouvements vers eux. Touch\u00e9 de cinq balles, Abdelkader Dibi n&rsquo;a pu \u00eatre ranim\u00e9 et est d\u00e9c\u00e9d\u00e9 sur place.<\/p>\n<p>\u00ab\u00a0Au regard des \u00e9l\u00e9ments objectifs\u00a0\u00bb, vid\u00e9os et cam\u00e9ra pi\u00e9ton d&rsquo;un des policiers, \u00ab\u00a0la l\u00e9gitime d\u00e9fense est tr\u00e8s fortement envisag\u00e9e\u00a0\u00bb, a soulign\u00e9 M. Bessone. L&rsquo;IGPN, la police des polices, est saisie sur ce volet.<\/p>\n<p>L&rsquo;assaillant a \u00e0 plusieurs reprises cri\u00e9 \u00ab\u00a0Allah akbar\u00a0\u00bb et \u00ab\u00a0moi aussi je veux mourir\u00a0\u00bb lors de son parcours, mais les premiers \u00e9l\u00e9ments de l&rsquo;enqu\u00eate semblent \u00e9carter une motivation islamiste radicale, a soulign\u00e9 le magistrat.<\/p>\n<p> Coca\u00efne et alcool <\/p>\n<p>Le parquet national anti-terroriste, qui a \u00e9t\u00e9 en lien avec celui de Marseille \u00ab\u00a0ne souhaite pas retenir sa comp\u00e9tence\u00a0\u00bb \u00e0 l&rsquo;heure actuelle sur ce dossier, a confirm\u00e9 M. Bessone.<\/p>\n<p>Le ministre de l&rsquo;Int\u00e9rieur Bruno Retailleau, venu mardi soir \u00e0 Marseille \u00e0 la rencontre des policiers, qu&rsquo;il a f\u00e9licit\u00e9 pour avoir \u00e9vit\u00e9 un bilan \u00ab\u00a0encore plus grave\u00a0\u00bb avait d\u00e9j\u00e0 \u00e9voqu\u00e9 un \u00ab\u00a0mobile d&rsquo;ordre priv\u00e9\u00a0\u00bb.<\/p>\n<p>L&rsquo;assaillant pr\u00e9sentait depuis son arriv\u00e9e en 2019 France, o\u00f9 il \u00e9tait en situation r\u00e9guli\u00e8re, un parcours marqu\u00e9 par \u00ab\u00a0sa violence\u00a0\u00bb et \u00ab\u00a0ses probl\u00e8mes d&rsquo;addiction \u00e0 la fois \u00e0 la coca\u00efne et \u00e0 l&rsquo;alcool\u00a0\u00bb, selon le procureur.<\/p>\n<p>Des analyses toxicologiques ont \u00e9t\u00e9 men\u00e9es lors de l&rsquo;autopsie pratiqu\u00e9e mercredi mais n&rsquo;ont pas encore livr\u00e9 leurs r\u00e9sultats.<\/p>\n<p>En 2020, Abdelkader Dibi s&rsquo;\u00e9tait mari\u00e9 \u00e0 La Rochelle o\u00f9 il s&rsquo;\u00e9tait d&rsquo;abord install\u00e9, mais son \u00e9pouse l&rsquo;avait quitt\u00e9 peu apr\u00e8s pr\u00e9cis\u00e9ment en raison de ses acc\u00e8s de violence et de ses addictions, selon le magistrat. Et il avait \u00e9t\u00e9 condamn\u00e9 dans cette m\u00eame ville pour des violences avec arme commises en 2023 sur un neveu.<\/p>\n<p>Fin juin il avait \u00e9t\u00e9 plac\u00e9 en garde \u00e0 vue apr\u00e8s un incident dans une mosqu\u00e9e de S\u00e8te o\u00f9 il \u00ab\u00a0avait pris la parole en sous-entendant que le pays \u00e9tait gouvern\u00e9 par des juifs et des sionistes\u00a0\u00bb, propos pour lesquels il devait \u00eatre prochainement jug\u00e9 \u00e0 la suite d&rsquo;un signalement du pr\u00e9fet de l&rsquo;H\u00e9rault.<\/p>\n<p>Mais \u00ab\u00a0sur le plan d&rsquo;une \u00e9ventuelle radicalisation, il faisait l&rsquo;objet d&rsquo;un criblage (apr\u00e8s l&rsquo;incident s\u00e9tois) dont il ressortait que l&rsquo;individu n&rsquo;apparaissait pas radicalis\u00e9 mais souffrant de troubles psychiatriques\u00a0\u00bb, a soulign\u00e9 le procureur.<\/p>\n","protected":false},"excerpt":{"rendered":"Les cinq victimes, trois touch\u00e9es au couteau et deux \u00e0 la barre de fer ou \u00e0 coup de&hellip;\n","protected":false},"author":2,"featured_media":364159,"comment_status":"","ping_status":"","sticky":false,"template":"","format":"standard","meta":{"footnotes":""},"categories":[2814],"tags":[1111,11,1777,674,118,1011,27,884,12,882,25],"class_list":{"0":"post-364158","1":"post","2":"type-post","3":"status-publish","4":"format-standard","5":"has-post-thumbnail","7":"category-marseille","8":"tag-actu","9":"tag-actualites","10":"tag-eu","11":"tag-europe","12":"tag-faits-divers","13":"tag-fr","14":"tag-france","15":"tag-marseille","16":"tag-news","17":"tag-provence-alpes-cote-dazur","18":"tag-republique-francaise"},"share_on_mastodon":{"url":"","error":""},"_links":{"self":[{"href":"https:\/\/www.europesays.com\/fr\/wp-json\/wp\/v2\/posts\/364158","targetHints":{"allow":["GET"]}}],"collection":[{"href":"https:\/\/www.europesays.com\/fr\/wp-json\/wp\/v2\/posts"}],"about":[{"href":"https:\/\/www.europesays.com\/fr\/wp-json\/wp\/v2\/types\/post"}],"author":[{"embeddable":true,"href":"https:\/\/www.europesays.com\/fr\/wp-json\/wp\/v2\/users\/2"}],"replies":[{"embeddable":true,"href":"https:\/\/www.europesays.com\/fr\/wp-json\/wp\/v2\/comments?post=364158"}],"version-history":[{"count":0,"href":"https:\/\/www.europesays.com\/fr\/wp-json\/wp\/v2\/posts\/364158\/revisions"}],"wp:featuredmedia":[{"embeddable":true,"href":"https:\/\/www.europesays.com\/fr\/wp-json\/wp\/v2\/media\/364159"}],"wp:attachment":[{"href":"https:\/\/www.europesays.com\/fr\/wp-json\/wp\/v2\/media?parent=364158"}],"wp:term":[{"taxonomy":"category","embeddable":true,"href":"https:\/\/www.europesays.com\/fr\/wp-json\/wp\/v2\/categories?post=364158"},{"taxonomy":"post_tag","embeddable":true,"href":"https:\/\/www.europesays.com\/fr\/wp-json\/wp\/v2\/tags?post=364158"}],"curies":[{"name":"wp","href":"https:\/\/api.w.org\/{rel}","templated":true}]}}